{"id":18434,"date":"2025-08-12T12:54:59","date_gmt":"2025-08-12T16:54:59","guid":{"rendered":"https:\/\/agromt.news\/?p=18434"},"modified":"2025-08-12T12:54:59","modified_gmt":"2025-08-12T16:54:59","slug":"congresso-do-agronegocio-aponta-agroaliancas-como-chave-para-competitividade-global","status":"publish","type":"post","link":"https:\/\/agromt.news\/?p=18434","title":{"rendered":"Congresso do Agroneg\u00f3cio aponta agroalian\u00e7as como chave para competitividade global"},"content":{"rendered":"<p> <br \/>\n<br \/><img decoding=\"async\" src=\"https:\/\/agromt.news\/wp-content\/uploads\/2025\/08\/Congresso-do-Agronegocio-aponta-agroaliancas-como-chave-para-competitividade-global.jpg\" \/><\/p>\n<div>\n<p>S\u00e3o Paulo recebeu nesta segunda-feira (11) a 24\u00aa edi\u00e7\u00e3o do Congresso Brasileiro do Agroneg\u00f3cio, um dos principais eventos do setor, organizado pela Associa\u00e7\u00e3o Brasileira do Agroneg\u00f3cio <strong><a href=\"http:\/\/www.canalrural.com.br\/tag\/abag\/\">(Abag)<\/a><\/strong> em parceria com a B3. <\/p>\n<p>Com o tema <strong>\u201cAgroalian\u00e7as\u201d<\/strong>, a programa\u00e7\u00e3o reuniu milhares de profissionais, autoridades e lideran\u00e7as para debater solu\u00e7\u00f5es e desafios estrat\u00e9gicos do agro no cen\u00e1rio global.<\/p>\n<p><iframe title=\"Congresso Abag defende alian\u00e7as no agro para manter competitividade\" width=\"800\" height=\"450\" src=\"https:\/\/www.youtube.com\/embed\/ssffRGEUATM?feature=oembed\" frameborder=\"0\" allow=\"accelerometer; autoplay; clipboard-write; encrypted-media; gyroscope; picture-in-picture; web-share\" referrerpolicy=\"strict-origin-when-cross-origin\" allowfullscreen><\/iframe><\/p>\n<h3 class=\"wp-block-heading\" id=\"h-uniao-estrategica-para-enfrentar-desafios\">Uni\u00e3o estrat\u00e9gica para enfrentar desafios<\/h3>\n<p>Na abertura, o presidente da Abag, Caio Carvalho, refor\u00e7ou que parcerias estrat\u00e9gicas s\u00e3o essenciais para o futuro do setor.<\/p>\n<blockquote class=\"wp-block-quote is-layout-flow wp-block-quote-is-layout-flow\">\n<p>\u201cAs agroalian\u00e7as s\u00e3o um fato real no setor privado, entre empresas e pa\u00edses que t\u00eam o mesmo objetivo: seguran\u00e7a alimentar e transi\u00e7\u00e3o energ\u00e9tica\u201d, afirmou.<\/p>\n<\/blockquote>\n<p>Carvalho destacou que, diante das mudan\u00e7as clim\u00e1ticas e da necessidade de ampliar a oferta de alimentos, o financiamento privado ter\u00e1 papel cada vez mais relevante. O evento contou com a presen\u00e7a dos governadores Tarc\u00edsio de Freitas (SP) e Romeu Zema (MG).<\/p>\n<h3 class=\"wp-block-heading\" id=\"h-agenda-ambiental-e-financiamento\">Agenda ambiental e financiamento<\/h3>\n<p>O vice-presidente da Frente Parlamentar da Agropecu\u00e1ria (FPA), deputado Arnaldo Jardim, defendeu uma postura proativa do agro na pauta ambiental.<\/p>\n<blockquote class=\"wp-block-quote is-layout-flow wp-block-quote-is-layout-flow\">\n<p>\u201cTemos que mostrar as nossas virtudes e n\u00e3o nos colocarmos como contr\u00e1rios ao meio ambiente\u201d, disse.<\/p>\n<\/blockquote>\n<p>Jardim tamb\u00e9m ressaltou a import\u00e2ncia de fortalecer instrumentos de financiamento como Fiagro e LCAs, para complementar o Plano Safra, garantindo competitividade al\u00e9m da porteira, com investimentos em log\u00edstica, portos, escoamento e armazenagem.<\/p>\n<\/div>\n<div>\n<h3 class=\"wp-block-heading\" id=\"h-documento-para-a-cop30\">Documento para a COP30<\/h3>\n<p>Durante a solenidade, foi apresentado o documento <strong>\u201cAgroneg\u00f3cio frente \u00e0s mudan\u00e7as clim\u00e1ticas\u201d<\/strong>, posicionamento oficial do setor para a COP30, que ser\u00e1 realizada em novembro, em Bel\u00e9m. A proposta inclui m\u00e9tricas para contabilizar o carbono retido no solo e refor\u00e7a o papel do agro como parte da solu\u00e7\u00e3o para a redu\u00e7\u00e3o de emiss\u00f5es.<\/p>\n<blockquote class=\"wp-block-quote is-layout-flow wp-block-quote-is-layout-flow\">\n<p>\u201cO agro tem potencial de reduzir emiss\u00f5es em grande volume. Estamos apenas come\u00e7ando a discutir e precisamos incorporar m\u00e9tricas sobre o carbono no solo\u201d, destacou Caio Carvalho.<\/p>\n<\/blockquote>\n<h3 class=\"wp-block-heading\" id=\"h-geopolitica-e-dialogo-internacional\">Geopol\u00edtica e di\u00e1logo internacional<\/h3>\n<p>O ex-diretor-geral da Organiza\u00e7\u00e3o Mundial do Com\u00e9rcio (OMC), Roberto Azev\u00eado, alertou para a import\u00e2ncia de alian\u00e7as estrat\u00e9gicas e cautela nas rela\u00e7\u00f5es internacionais.<\/p>\n<blockquote class=\"wp-block-quote is-layout-flow wp-block-quote-is-layout-flow\">\n<p>\u201cO Brasil n\u00e3o precisa e n\u00e3o deve escolher lados. Pior, n\u00e3o pode permitir que outros decidam de que lado ele est\u00e1\u201d, afirmou.<\/p>\n<\/blockquote>\n<p>Ele ressaltou que o posicionamento do pa\u00eds deve ser transmitido por meio de a\u00e7\u00f5es e gestos, sem prejudicar sua flexibilidade no cen\u00e1rio global.<\/p>\n<h3 class=\"wp-block-heading\" id=\"h-inovacao-e-diversificacao\">Inova\u00e7\u00e3o e diversifica\u00e7\u00e3o<\/h3>\n<p>No painel \u201cAlimentos, Energia e Inova\u00e7\u00e3o\u201d, l\u00edderes como Gilberto Tomazoni, CEO Global da JBS, apontaram a diversifica\u00e7\u00e3o como estrat\u00e9gia para enfrentar oscila\u00e7\u00f5es no mercado de commodities, crises sanit\u00e1rias e barreiras comerciais.<\/p>\n<blockquote class=\"wp-block-quote is-layout-flow wp-block-quote-is-layout-flow\">\n<p>\u201cTemos que refor\u00e7ar ainda mais essa plataforma, diante dos desafios geopol\u00edticos e tarif\u00e1rios\u201d, disse Tomazoni.<\/p>\n<\/blockquote>\n<p>Com discuss\u00f5es que integraram sustentabilidade, inova\u00e7\u00e3o e geopol\u00edtica, o Congresso reafirmou que as \u201cagroalian\u00e7as\u201d podem ser o diferencial para manter o Brasil na lideran\u00e7a do agroneg\u00f3cio mundial.<\/p>\n<\/p><\/div>\n<p><br \/>\n<br \/><a href=\"https:\/\/www.canalrural.com.br\/agricultura\/congresso-do-agronegocio-aponta-agroaliancas-como-chave-para-competitividade-global\/\">Source link <\/a><\/p>\n","protected":false},"excerpt":{"rendered":"<p>S\u00e3o Paulo recebeu nesta segunda-feira (11) a 24\u00aa edi\u00e7\u00e3o do Congresso Brasileiro do Agroneg\u00f3cio, um dos principais eventos do setor,<\/p>\n","protected":false},"author":1,"featured_media":18435,"comment_status":"open","ping_status":"open","sticky":false,"template":"","format":"standard","meta":{"_monsterinsights_skip_tracking":false,"_monsterinsights_sitenote_active":false,"_monsterinsights_sitenote_note":"","_monsterinsights_sitenote_category":0,"_uf_show_specific_survey":0,"_uf_disable_surveys":false,"footnotes":""},"categories":[1],"tags":[],"class_list":["post-18434","post","type-post","status-publish","format-standard","has-post-thumbnail","hentry","category-news"],"_links":{"self":[{"href":"https:\/\/agromt.news\/index.php?rest_route=\/wp\/v2\/posts\/18434"}],"collection":[{"href":"https:\/\/agromt.news\/index.php?rest_route=\/wp\/v2\/posts"}],"about":[{"href":"https:\/\/agromt.news\/index.php?rest_route=\/wp\/v2\/types\/post"}],"author":[{"embeddable":true,"href":"https:\/\/agromt.news\/index.php?rest_route=\/wp\/v2\/users\/1"}],"replies":[{"embeddable":true,"href":"https:\/\/agromt.news\/index.php?rest_route=%2Fwp%2Fv2%2Fcomments&post=18434"}],"version-history":[{"count":0,"href":"https:\/\/agromt.news\/index.php?rest_route=\/wp\/v2\/posts\/18434\/revisions"}],"wp:featuredmedia":[{"embeddable":true,"href":"https:\/\/agromt.news\/index.php?rest_route=\/wp\/v2\/media\/18435"}],"wp:attachment":[{"href":"https:\/\/agromt.news\/index.php?rest_route=%2Fwp%2Fv2%2Fmedia&parent=18434"}],"wp:term":[{"taxonomy":"category","embeddable":true,"href":"https:\/\/agromt.news\/index.php?rest_route=%2Fwp%2Fv2%2Fcategories&post=18434"},{"taxonomy":"post_tag","embeddable":true,"href":"https:\/\/agromt.news\/index.php?rest_route=%2Fwp%2Fv2%2Ftags&post=18434"}],"curies":[{"name":"wp","href":"https:\/\/api.w.org\/{rel}","templated":true}]}}