{"id":18425,"date":"2025-08-12T11:41:03","date_gmt":"2025-08-12T15:41:03","guid":{"rendered":"https:\/\/agromt.news\/?p=18425"},"modified":"2025-08-12T11:41:03","modified_gmt":"2025-08-12T15:41:03","slug":"cotacoes-tem-novas-baixas-em-julho","status":"publish","type":"post","link":"https:\/\/agromt.news\/?p=18425","title":{"rendered":"cota\u00e7\u00f5es t\u00eam novas baixas em julho"},"content":{"rendered":"<p> <br \/>\n<br \/><img decoding=\"async\" src=\"https:\/\/agromt.news\/wp-content\/uploads\/2025\/08\/cotacoes-tem-novas-baixas-em-julho.jpg\" \/><\/p>\n<div>\n<p>Pressionadas pela demanda ainda enfraquecida, as cota\u00e7\u00f5es da til\u00e1pia tiveram novas quedas em julho. Isso \u00e9 o que apontam os levantamentos do <a href=\"https:\/\/www.canalrural.com.br\/tag\/cepea\/\">Centro de Estudos Avan\u00e7ados em Economia Aplicada (Cepea).\u00a0<\/a><\/p>\n<p>Segundo o Centro de Pesquisas, al\u00e9m da t\u00edpica redu\u00e7\u00e3o do consumo de pescado durante o inverno, ind\u00fastrias est\u00e3o com estoques elevados, o que refor\u00e7ou a baixa procura e o ritmo lento de neg\u00f3cios.\u00a0<\/p>\n<\/div>\n<div>\n<p>H\u00e1 tamb\u00e9m inseguran\u00e7a por parte de agentes em rela\u00e7\u00e3o \u00e0 importa\u00e7\u00e3o de til\u00e1pia do Vietn\u00e3 e o quanto isso pode prejudicar o mercado interno. Quanto \u00e0s exporta\u00e7\u00f5es brasileiras, ap\u00f3s tr\u00eas meses de queda, os embarques cresceram em julho, embora o volume ainda tenha ficado abaixo do registrado no mesmo per\u00edodo do ano passado.\u00a0<\/p>\n<p>Apesar de a porcentagem de til\u00e1pia embarcada pelo Brasil ser pequena, pesquisadores do Cepea explicam que o aumento pode refletir a tentativa de ind\u00fastrias venderem o produto antes das taxa\u00e7\u00f5es impostas pelos Estados Unidos, j\u00e1 que o pa\u00eds \u00e9 o principal comprador da til\u00e1pia exportada.<\/p>\n<p><em>*Sob supervis\u00e3o de Luis Roberto Toledo<\/em><\/p>\n<\/p><\/div>\n<p><br \/>\n<br \/><a href=\"https:\/\/www.canalrural.com.br\/aves-e-suinos\/peixes\/tilapia-cotacoes-tem-novas-baixas-em-julho\/\">Source link <\/a><\/p>\n","protected":false},"excerpt":{"rendered":"<p>Pressionadas pela demanda ainda enfraquecida, as cota\u00e7\u00f5es da til\u00e1pia tiveram novas quedas em julho. Isso \u00e9 o que apontam os<\/p>\n","protected":false},"author":1,"featured_media":18426,"comment_status":"open","ping_status":"open","sticky":false,"template":"","format":"standard","meta":{"_monsterinsights_skip_tracking":false,"_monsterinsights_sitenote_active":false,"_monsterinsights_sitenote_note":"","_monsterinsights_sitenote_category":0,"_uf_show_specific_survey":0,"_uf_disable_surveys":false,"footnotes":""},"categories":[1],"tags":[],"class_list":["post-18425","post","type-post","status-publish","format-standard","has-post-thumbnail","hentry","category-news"],"_links":{"self":[{"href":"https:\/\/agromt.news\/index.php?rest_route=\/wp\/v2\/posts\/18425"}],"collection":[{"href":"https:\/\/agromt.news\/index.php?rest_route=\/wp\/v2\/posts"}],"about":[{"href":"https:\/\/agromt.news\/index.php?rest_route=\/wp\/v2\/types\/post"}],"author":[{"embeddable":true,"href":"https:\/\/agromt.news\/index.php?rest_route=\/wp\/v2\/users\/1"}],"replies":[{"embeddable":true,"href":"https:\/\/agromt.news\/index.php?rest_route=%2Fwp%2Fv2%2Fcomments&post=18425"}],"version-history":[{"count":0,"href":"https:\/\/agromt.news\/index.php?rest_route=\/wp\/v2\/posts\/18425\/revisions"}],"wp:featuredmedia":[{"embeddable":true,"href":"https:\/\/agromt.news\/index.php?rest_route=\/wp\/v2\/media\/18426"}],"wp:attachment":[{"href":"https:\/\/agromt.news\/index.php?rest_route=%2Fwp%2Fv2%2Fmedia&parent=18425"}],"wp:term":[{"taxonomy":"category","embeddable":true,"href":"https:\/\/agromt.news\/index.php?rest_route=%2Fwp%2Fv2%2Fcategories&post=18425"},{"taxonomy":"post_tag","embeddable":true,"href":"https:\/\/agromt.news\/index.php?rest_route=%2Fwp%2Fv2%2Ftags&post=18425"}],"curies":[{"name":"wp","href":"https:\/\/api.w.org\/{rel}","templated":true}]}}