{"id":18424,"date":"2025-08-12T11:27:30","date_gmt":"2025-08-12T15:27:30","guid":{"rendered":"https:\/\/agromt.news\/?p=18424"},"modified":"2025-08-12T11:27:30","modified_gmt":"2025-08-12T15:27:30","slug":"apesar-do-tarifaco-exportacoes-brasileiras-aos-eua-batem-recorde","status":"publish","type":"post","link":"https:\/\/agromt.news\/?p=18424","title":{"rendered":"Apesar do tarifa\u00e7o, exporta\u00e7\u00f5es brasileiras aos EUA batem recorde"},"content":{"rendered":"<p> <br \/>\n<br \/><img decoding=\"async\" src=\"https:\/\/agromt.news\/wp-content\/uploads\/2025\/07\/Antes-do-tarifaco-agro-baiano-exportou-R-302-milhoes-aos.jpg\" \/><\/p>\n<div>\n<p>As exporta\u00e7\u00f5es brasileiras para os Estados Unidos somaram US$ 23,7 bilh\u00f5es entre janeiro e julho de 2025, um crescimento de 4,2% sobre o mesmo per\u00edodo de 2024 e o maior valor j\u00e1 registrado para o per\u00edodo, dados da Amcham Brasil. As importa\u00e7\u00f5es tamb\u00e9m avan\u00e7aram, com alta de 12,6%, alcan\u00e7ando US$ 26,0 bilh\u00f5es.<\/p>\n<p>O resultado ampliou o super\u00e1vit americano no <a href=\"https:\/\/www.canalrural.com.br\/economia\/exportacoes-do-agro-crescem-13-na-2a-semana-de-agosto\/\">com\u00e9rcio com o Brasil<\/a> para US$ 2,3 bilh\u00f5es no acumulado do ano, uma alta expressiva, de 607,9% frente ao mesmo per\u00edodo de 2024.<\/p>\n<h2 class=\"wp-block-heading\" id=\"h-julho-recorde-antes-da-tarifa\">Julho recorde antes da tarifa<\/h2>\n<p>Em julho, m\u00eas em que os EUA j\u00e1 aplicavam a sobretaxa de 10% e anunciaram o aumento para 50% a partir de agosto, as exporta\u00e7\u00f5es brasileiras atingiram US$ 3,7 bilh\u00f5es, alta de 3,8% na compara\u00e7\u00e3o anual, tamb\u00e9m um recorde para o m\u00eas. A quantidade embarcada subiu 7,3%, refletindo uma poss\u00edvel estrat\u00e9gia de antecipa\u00e7\u00e3o de vendas para evitar o impacto das novas tarifas. Do lado americano, as importa\u00e7\u00f5es pelo Brasil cresceram em ritmo mais forte. O aumento no m\u00eas foi de 18,2% no m\u00eas, atingindo US$ 4,3 bilh\u00f5es, o segundo maior valor da d\u00e9cada.<\/p>\n<p><em>Veja em primeira m\u00e3o tudo sobre agricultura, pecu\u00e1ria, economia e previs\u00e3o do tempo:<\/em><a href=\"https:\/\/news.google.com\/publications\/CAAqBwgKMPKZlQswq_mqAw?hl=pt-BR&amp;gl=BR&amp;ceid=BR%3Apt-419\" target=\"_blank\" rel=\"noreferrer noopener\"><em>\u00a0siga o Canal Rural no Google News!<\/em><\/a><\/p>\n<h2 class=\"wp-block-heading\" id=\"h-setores-em-destaque\">Setores em destaque<\/h2>\n<p>Entre os dez principais produtos exportados, seis registraram alta em julho, com destaque para:<\/p>\n<ul class=\"wp-block-list\">\n<li>Aeronaves: +159,0%<\/li>\n<li>Ferro-gusa: +62,5%<\/li>\n<li>Cal e cimento: +46,3%<\/li>\n<li>Petr\u00f3leo: +39,9%<\/li>\n<li>Suco de frutas: +32,2%<\/li>\n<\/ul>\n<\/div>\n<div>\n<p>No acumulado do ano, os maiores avan\u00e7os vieram de carne bovina (+118,1%), sucos de frutas (+61,7%), caf\u00e9 (+34,6%) e aeronaves (+31,7%).<\/p>\n<h2 class=\"wp-block-heading\" id=\"h-quedas-relevantes\">Quedas relevantes<\/h2>\n<p>Alguns setores sentiram os efeitos das tarifas e da concorr\u00eancia internacional:<\/p>\n<ul class=\"wp-block-list\">\n<li>Celulose: -14,8% (press\u00e3o de produtos canadenses)<\/li>\n<li>\u00d3leos de petr\u00f3leo: -18,0%<\/li>\n<li>Equipamentos de engenharia: -20,8%<\/li>\n<li>Semi-acabados de ferro ou a\u00e7o: -8,0% (queda de 64% s\u00f3 em julho)<\/li>\n<li>A\u00e7\u00facar: -49,6% no valor e -51,7% na quantidade, j\u00e1 sob novas tarifas de 50% desde 6 de agosto<\/li>\n<\/ul>\n<h2 class=\"wp-block-heading\" id=\"h-balanca-comercial\">Balan\u00e7a comercial<\/h2>\n<p>Enquanto o d\u00e9ficit dos EUA no com\u00e9rcio global de bens aumentou 27,8% no 1o semestre, o Brasil segue como um dos poucos pa\u00edses com os quais os americanos mant\u00eam super\u00e1vit comercial, o quinto maior da lista, que cresceu 57,9% de 2024 para 2025. Ao comparar apenas o m\u00eas de junho, por outro lado, o d\u00e9ficit dos EUA diminuiu 8,3%, j\u00e1 demonstrando um poss\u00edvel efeito da aplica\u00e7\u00e3o das tarifas rec\u00edprocas.<\/p>\n<p>\u201cAs exporta\u00e7\u00f5es brasileiras para os EUA seguem resilientes e em trajet\u00f3ria de crescimento at\u00e9 julho. Nosso compromisso \u00e9 seguir trabalhando de forma coordenada com os dois governos para preservar esse com\u00e9rcio, que impulsiona empregos e oportunidades em ambos os pa\u00edses, sobretudo diante dos desafios adicionais que o aumento das tarifas trar\u00e1 daqui para frente\u201d, afirma Abr\u00e3o Neto, presidente da Amcham Brasil.<\/p>\n<\/p><\/div>\n<p><br \/>\n<br \/><a href=\"https:\/\/www.canalrural.com.br\/economia\/apesar-do-tarifaco-exportacoes-brasileiras-aos-eua-batem-recorde\/\">Source link <\/a><\/p>\n","protected":false},"excerpt":{"rendered":"<p>As exporta\u00e7\u00f5es brasileiras para os Estados Unidos somaram US$ 23,7 bilh\u00f5es entre janeiro e julho de 2025, um crescimento de<\/p>\n","protected":false},"author":1,"featured_media":17742,"comment_status":"open","ping_status":"open","sticky":false,"template":"","format":"standard","meta":{"_monsterinsights_skip_tracking":false,"_monsterinsights_sitenote_active":false,"_monsterinsights_sitenote_note":"","_monsterinsights_sitenote_category":0,"_uf_show_specific_survey":0,"_uf_disable_surveys":false,"footnotes":""},"categories":[1],"tags":[],"class_list":["post-18424","post","type-post","status-publish","format-standard","has-post-thumbnail","hentry","category-news"],"_links":{"self":[{"href":"https:\/\/agromt.news\/index.php?rest_route=\/wp\/v2\/posts\/18424"}],"collection":[{"href":"https:\/\/agromt.news\/index.php?rest_route=\/wp\/v2\/posts"}],"about":[{"href":"https:\/\/agromt.news\/index.php?rest_route=\/wp\/v2\/types\/post"}],"author":[{"embeddable":true,"href":"https:\/\/agromt.news\/index.php?rest_route=\/wp\/v2\/users\/1"}],"replies":[{"embeddable":true,"href":"https:\/\/agromt.news\/index.php?rest_route=%2Fwp%2Fv2%2Fcomments&post=18424"}],"version-history":[{"count":0,"href":"https:\/\/agromt.news\/index.php?rest_route=\/wp\/v2\/posts\/18424\/revisions"}],"wp:featuredmedia":[{"embeddable":true,"href":"https:\/\/agromt.news\/index.php?rest_route=\/wp\/v2\/media\/17742"}],"wp:attachment":[{"href":"https:\/\/agromt.news\/index.php?rest_route=%2Fwp%2Fv2%2Fmedia&parent=18424"}],"wp:term":[{"taxonomy":"category","embeddable":true,"href":"https:\/\/agromt.news\/index.php?rest_route=%2Fwp%2Fv2%2Fcategories&post=18424"},{"taxonomy":"post_tag","embeddable":true,"href":"https:\/\/agromt.news\/index.php?rest_route=%2Fwp%2Fv2%2Ftags&post=18424"}],"curies":[{"name":"wp","href":"https:\/\/api.w.org\/{rel}","templated":true}]}}