{"id":18416,"date":"2025-08-12T09:12:31","date_gmt":"2025-08-12T13:12:31","guid":{"rendered":"https:\/\/agromt.news\/?p=18416"},"modified":"2025-08-12T09:12:31","modified_gmt":"2025-08-12T13:12:31","slug":"exportacoes-do-agro-crescem-13-na-2a-semana-de-agosto","status":"publish","type":"post","link":"https:\/\/agromt.news\/?p=18416","title":{"rendered":"Exporta\u00e7\u00f5es do agro crescem 13% na 2\u00aa semana de agosto"},"content":{"rendered":"<p> <br \/>\n<br \/><img decoding=\"async\" src=\"https:\/\/agromt.news\/wp-content\/uploads\/2025\/07\/Exportacoes-do-agro-registram-queda-de-19-em-julho-segundo.jpeg\" \/><\/p>\n<div>\n<p>A balan\u00e7a comercial brasileira registrou super\u00e1vit comercial de US$ 1,286 bilh\u00e3o na segunda semana de agosto. De acordo com dados da Secretaria de Com\u00e9rcio Exterior do Minist\u00e9rio do Desenvolvimento, Ind\u00fastria, Com\u00e9rcio e Servi\u00e7os (MDIC), o valor foi alcan\u00e7ado com exporta\u00e7\u00f5es de US$ 6,727 bilh\u00f5es e importa\u00e7\u00f5es de US$ 5,441 bilh\u00f5es.<\/p>\n<p>O super\u00e1vit acumulado no m\u00eas de agosto \u00e9 de US$ 2,217 bilh\u00f5es. No ano, o super\u00e1vit soma um total de US$ 39,199 bilh\u00f5es.<\/p>\n<p>At\u00e9 a segunda semana de agosto, comparado a agosto de 2024, as exporta\u00e7\u00f5es cresceram 13,0% e somaram US$ 8,86 bilh\u00f5es. O resultado se deu devido a um crescimento de 13,1% em Agropecu\u00e1ria, que somou US$ 1,90 bilh\u00e3o; crescimento de 17,0% em Ind\u00fastria Extrativa, que chegou a US$ 2,08 bilh\u00f5es e, por fim, crescimento de 11,3% em Ind\u00fastria de Transforma\u00e7\u00e3o, que alcan\u00e7ou US$ 4,83 bilh\u00f5es. <\/p>\n<\/div>\n<div>\n<p><em>Veja em primeira m\u00e3o tudo sobre agricultura, pecu\u00e1ria, economia e previs\u00e3o do tempo:<\/em><a href=\"https:\/\/news.google.com\/publications\/CAAqBwgKMPKZlQswq_mqAw?hl=pt-BR&amp;gl=BR&amp;ceid=BR%3Apt-419\" target=\"_blank\" rel=\"noreferrer noopener\"><em>\u00a0siga o Canal Rural no Google News!<\/em><\/a><\/p>\n<p>As importa\u00e7\u00f5es tamb\u00e9m cresceram 0,5% e totalizaram US$ 6,64 bilh\u00f5es na mesma compara\u00e7\u00e3o, com queda de 13,0% em Agropecu\u00e1ria, que somou US$ 104 milh\u00f5es; crescimento de 14,6% em Ind\u00fastria Extrativa, que chegou a US$ 434 milh\u00f5es e, por fim, queda de 0,1% em Ind\u00fastria de Transforma\u00e7\u00e3o, que alcan\u00e7ou US$ 6,06 bilh\u00f5es.<\/p>\n<\/p><\/div>\n<p><br \/>\n<br \/><a href=\"https:\/\/www.canalrural.com.br\/diversos\/exportacoes-do-agro-crescem-13-na-2a-semana-de-agosto\/\">Source link <\/a><\/p>\n","protected":false},"excerpt":{"rendered":"<p>A balan\u00e7a comercial brasileira registrou super\u00e1vit comercial de US$ 1,286 bilh\u00e3o na segunda semana de agosto. De acordo com dados<\/p>\n","protected":false},"author":1,"featured_media":17192,"comment_status":"open","ping_status":"open","sticky":false,"template":"","format":"standard","meta":{"_monsterinsights_skip_tracking":false,"_monsterinsights_sitenote_active":false,"_monsterinsights_sitenote_note":"","_monsterinsights_sitenote_category":0,"_uf_show_specific_survey":0,"_uf_disable_surveys":false,"footnotes":""},"categories":[1],"tags":[],"class_list":["post-18416","post","type-post","status-publish","format-standard","has-post-thumbnail","hentry","category-news"],"_links":{"self":[{"href":"https:\/\/agromt.news\/index.php?rest_route=\/wp\/v2\/posts\/18416"}],"collection":[{"href":"https:\/\/agromt.news\/index.php?rest_route=\/wp\/v2\/posts"}],"about":[{"href":"https:\/\/agromt.news\/index.php?rest_route=\/wp\/v2\/types\/post"}],"author":[{"embeddable":true,"href":"https:\/\/agromt.news\/index.php?rest_route=\/wp\/v2\/users\/1"}],"replies":[{"embeddable":true,"href":"https:\/\/agromt.news\/index.php?rest_route=%2Fwp%2Fv2%2Fcomments&post=18416"}],"version-history":[{"count":0,"href":"https:\/\/agromt.news\/index.php?rest_route=\/wp\/v2\/posts\/18416\/revisions"}],"wp:featuredmedia":[{"embeddable":true,"href":"https:\/\/agromt.news\/index.php?rest_route=\/wp\/v2\/media\/17192"}],"wp:attachment":[{"href":"https:\/\/agromt.news\/index.php?rest_route=%2Fwp%2Fv2%2Fmedia&parent=18416"}],"wp:term":[{"taxonomy":"category","embeddable":true,"href":"https:\/\/agromt.news\/index.php?rest_route=%2Fwp%2Fv2%2Fcategories&post=18416"},{"taxonomy":"post_tag","embeddable":true,"href":"https:\/\/agromt.news\/index.php?rest_route=%2Fwp%2Fv2%2Ftags&post=18416"}],"curies":[{"name":"wp","href":"https:\/\/api.w.org\/{rel}","templated":true}]}}