{"id":18391,"date":"2025-08-11T18:33:10","date_gmt":"2025-08-11T22:33:10","guid":{"rendered":"https:\/\/agromt.news\/?p=18391"},"modified":"2025-08-11T18:33:10","modified_gmt":"2025-08-11T22:33:10","slug":"produtores-enfrentam-doencas-na-aveia","status":"publish","type":"post","link":"https:\/\/agromt.news\/?p=18391","title":{"rendered":"Produtores enfrentam doen\u00e7as na aveia"},"content":{"rendered":"<p> <br \/>\n<\/p>\n<div>\n<div class=\"row\">\n<div class=\"col-lg col-infos mt-0 mt-lg-0\">\n<div class=\"section-sub-title\">\n<p itemprop=\"description\">&#13;<br \/>\n                                Clima afeta lavouras de aveia-branca no RS&#13;<br \/>\n&#13;<br \/>\n&#13;\n                            <\/p>\n<\/p><\/div>\n<div class=\"container\">\n<div class=\"row\">\n<div class=\"col-lg p-0\">\n<div>\n<div class=\"block-news-main-infos mt-3 text-start\">\n<p>                                            <strong class=\"fn\" itemprop=\"author\" style=\"color: rgb(112, 112, 112); \">&#13;<br \/>\n                                                <a href=\"https:\/\/www.agrolink.com.br\/noticias\/javascript:;\" class=\"text-uppercase\" target=\"_blank\" style=\"color: rgb(112, 112, 112); \" rel=\"noopener\">Agrolink<\/a>&#13;<br \/>\n&#13;<br \/>\n                                                    &#8211; Seane Lennon&#13;<br \/>\n&#13;<br \/>\n                                            <\/strong><br \/>\n                                        <\/p>\n<p>                                            <abbr><time datetime=\"2025-08-11T16:50\" itemprop=\"datePublished dateModified\">Publicado em 11\/08\/2025 \u00e0s 16:50h.<\/time><\/abbr><br \/>\n                                            <\/p><\/div>\n<\/p><\/div>\n<\/p><\/div>\n<div class=\"col-lg p-0 text-lg-end\">\n<div>\n<div id=\"mdEnviarPagina\" class=\"modal fade\" role=\"dialog\">\n<div class=\"modal-dialog\">\n<div class=\"modal-content\">\n<div class=\"modal-body\">\n<p><strong>Estimado usu\u00e1rio.<\/strong><br \/>Preencha o formul\u00e1rio abaixo para remeter a p\u00e1gina.<\/p>\n<\/p><\/div>\n<\/p><\/div>\n<\/p><\/div>\n<\/div><\/div>\n<\/p><\/div>\n<\/p><\/div>\n<\/p><\/div>\n<\/p><\/div>\n<\/p><\/div>\n<div class=\"row justify-content-md-center mt-3\">\n<div class=\"col-lg-auto col-image block-news-main-image\">\n<p>                                <img decoding=\"async\" src=\"https:\/\/www.agrolink.com.br\/upload\/imagens-resizes\/76d4144a5ac145a682985d2f61452979_858x483.jpg\" class=\"lazyload img-fluid\"\/><br \/>\n                                                <span class=\"publicity-photo d-block mt-1\">Foto: Canva<\/span><\/p><\/div>\n<\/p><\/div>\n<div class=\"section-description section-description-noticias mt-3\">\n<p style=\"text-align:justify\">De acordo com o Informativo Conjuntural divulgado na \u00falitma quinta-feira (7) pela Emater\/RS-Ascar, as lavouras de <a href=\"https:\/\/www.agrolink.com.br\/culturas\/aveia?utm_source=agrolink-detalhe-noticia&amp;utm_medium=detalhe-noticia&amp;utm_campaign=links-internos\" target=\"_blank\" rel=\"noopener\">aveia<\/a>-branca implantadas dentro da janela recomendada pelo Zoneamento Agr\u00edcola de Risco Clim\u00e1tico (ZARC) apresentam bom desempenho. No entanto, cultivos estabelecidos antes do per\u00edodo ideal n\u00e3o se recuperaram dos danos provocados pelas geadas de julho e est\u00e3o sendo gradualmente substitu\u00eddos por outras culturas de cobertura ou de interesse econ\u00f4mico.&#13;\n<\/p>\n<p style=\"text-align:justify\">A entidade informou que, nos dias 2 e 3 de agosto, chuvas intensas acompanhadas por ventos fortes provocaram acamamento em algumas \u00e1reas, especialmente em lavouras nos est\u00e1gios de flora\u00e7\u00e3o e enchimento de gr\u00e3os. \u201cNessas fases, os colmos tornam-se mais suscet\u00edveis ao tombamento devido ao maior ac\u00famulo de biomassa e alongamento celular\u201d, explicou a Emater\/RS-Ascar. A proje\u00e7\u00e3o para a safra \u00e9 de 401.273 hectares plantados, com produtividade estimada em 2.254 kg por hectare.<\/p>\n<p style=\"text-align:justify\">Na regi\u00e3o administrativa de Frederico Westphalen, 30% das lavouras est\u00e3o em desenvolvimento vegetativo, 40% em florescimento e 30% em enchimento de gr\u00e3os. A Emater\/RS-Ascar destacou a \u201celevada press\u00e3o de doen\u00e7as foliares, como manchas e ferrugem da aveia\u201d, favorecidas pela umidade e temperatura, levando \u00e0 intensifica\u00e7\u00e3o do uso de fungicidas sist\u00eamicos e de amplo espectro.&#13;\n<\/p>\n<p style=\"text-align:justify\">Em Iju\u00ed, 73% das \u00e1reas encontram-se em desenvolvimento vegetativo, 19% em flora\u00e7\u00e3o e 8% em forma\u00e7\u00e3o de gr\u00e3os. O escalonamento fenol\u00f3gico est\u00e1 de acordo com o calend\u00e1rio regional de semeadura. Houve registro de acamamento em lavouras em est\u00e1gio reprodutivo, o que, segundo o levantamento, \u201cpode comprometer a poliniza\u00e7\u00e3o e a fotoss\u00edntese, al\u00e9m de, em fases mais avan\u00e7adas, afetar a colheita e a qualidade dos gr\u00e3os\u201d.<\/p>\n<p style=\"text-align:justify\">Na regi\u00e3o de Santa Rosa, a maior parte das lavouras destinadas \u00e0 produ\u00e7\u00e3o de gr\u00e3os j\u00e1 finalizou a fase de flora\u00e7\u00e3o e se aproxima do fim do enchimento. As geadas reduziram significativamente o potencial produtivo, levando muitos agricultores a suspenderem as aplica\u00e7\u00f5es de fungicidas. Nesses casos, a colheita ser\u00e1 destinada \u00e0 reposi\u00e7\u00e3o de sementes para uso pr\u00f3prio e \u00e0 venda para alimenta\u00e7\u00e3o animal.&#13;\n<\/p>\n<\/p><\/div>\n<\/p><\/div>\n<p><script data-cfasync=\"false\">\n    !function (f, b, e, v, n, t, s) {\n        if (f.fbq) return; n = f.fbq = function () {\n            n.callMethod ?\n                n.callMethod.apply(n, arguments) : n.queue.push(arguments)\n        };\n        if (!f._fbq) f._fbq = n; n.push = n; n.loaded = !0; n.version = '2.0';\n        n.queue = []; t = b.createElement(e); t.async = !0;\n        t.src = v; s = b.getElementsByTagName(e)[0];\n        s.parentNode.insertBefore(t, s)\n    }(window, document, 'script',\n        'https:\/\/connect.facebook.net\/en_US\/fbevents.js');\n    fbq('init', '522546078623747');\n    fbq('track', 'PageView');\n<\/script><br \/>\n<br \/><br \/>\n<br \/><a href=\"https:\/\/www.agrolink.com.br\/noticias\/produtores-enfrentam-doencas-na-aveia_504822.html\">Source link <\/a><\/p>\n","protected":false},"excerpt":{"rendered":"<p>&#13; Clima afeta lavouras de aveia-branca no RS&#13; &#13; &#13; &#13; Agrolink&#13; &#13; &#8211; Seane Lennon&#13; &#13; Publicado em 11\/08\/2025<\/p>\n","protected":false},"author":1,"featured_media":4923,"comment_status":"open","ping_status":"open","sticky":false,"template":"","format":"standard","meta":{"_monsterinsights_skip_tracking":false,"_monsterinsights_sitenote_active":false,"_monsterinsights_sitenote_note":"","_monsterinsights_sitenote_category":0,"_uf_show_specific_survey":0,"_uf_disable_surveys":false,"footnotes":""},"categories":[8,1,14],"tags":[],"class_list":["post-18391","post","type-post","status-publish","format-standard","has-post-thumbnail","hentry","category-agro","category-news","category-politica-agro"],"_links":{"self":[{"href":"https:\/\/agromt.news\/index.php?rest_route=\/wp\/v2\/posts\/18391"}],"collection":[{"href":"https:\/\/agromt.news\/index.php?rest_route=\/wp\/v2\/posts"}],"about":[{"href":"https:\/\/agromt.news\/index.php?rest_route=\/wp\/v2\/types\/post"}],"author":[{"embeddable":true,"href":"https:\/\/agromt.news\/index.php?rest_route=\/wp\/v2\/users\/1"}],"replies":[{"embeddable":true,"href":"https:\/\/agromt.news\/index.php?rest_route=%2Fwp%2Fv2%2Fcomments&post=18391"}],"version-history":[{"count":0,"href":"https:\/\/agromt.news\/index.php?rest_route=\/wp\/v2\/posts\/18391\/revisions"}],"wp:featuredmedia":[{"embeddable":true,"href":"https:\/\/agromt.news\/index.php?rest_route=\/wp\/v2\/media\/4923"}],"wp:attachment":[{"href":"https:\/\/agromt.news\/index.php?rest_route=%2Fwp%2Fv2%2Fmedia&parent=18391"}],"wp:term":[{"taxonomy":"category","embeddable":true,"href":"https:\/\/agromt.news\/index.php?rest_route=%2Fwp%2Fv2%2Fcategories&post=18391"},{"taxonomy":"post_tag","embeddable":true,"href":"https:\/\/agromt.news\/index.php?rest_route=%2Fwp%2Fv2%2Ftags&post=18391"}],"curies":[{"name":"wp","href":"https:\/\/api.w.org\/{rel}","templated":true}]}}