{"id":18390,"date":"2025-08-11T18:28:45","date_gmt":"2025-08-11T22:28:45","guid":{"rendered":"https:\/\/agromt.news\/?p=18390"},"modified":"2025-08-11T18:28:45","modified_gmt":"2025-08-11T22:28:45","slug":"confira-as-cotacoes-neste-inicio-de-semana","status":"publish","type":"post","link":"https:\/\/agromt.news\/?p=18390","title":{"rendered":"confira as cota\u00e7\u00f5es neste in\u00edcio de semana"},"content":{"rendered":"<p> <br \/>\n<\/p>\n<div>\n<p>O mercado f\u00edsico do boi gordo iniciou a semana apresentando pre\u00e7os firmes. De acordo com o analista da consultoria Safras &amp; Mercado Fernando Henrique Iglesias, o ambiente de neg\u00f3cios ainda sugere pela continuidade do movimento de alta no curto prazo.<\/p>\n<p>Isso porque os frigor\u00edficos de menor porte ainda se deparam com escalas de abate encurtadas. \u201cJ\u00e1 os maiores contam com animais de parceria, contratos a termo, e tamb\u00e9m fazem uso dos confinamentos pr\u00f3prios\u201d, esclarece. <\/p>\n<p>Segundo ele, sob o prisma da demanda, as exporta\u00e7\u00f5es ainda s\u00e3o o principal vetor a ser considerado, com um volume expressivo de embarques registrado na primeira semana de agosto.<\/p>\n<ul class=\"wp-block-list\">\n<li><strong>S\u00e3o Paulo:<\/strong> R$ 314,75 \u2014 na sexta: R$ 315 <\/li>\n<li><strong>Goi\u00e1s:<\/strong> R$ 295,89 \u2014 R$ 295,18<\/li>\n<li><strong>Minas Gerais:<\/strong> R$ 301,76 \u2014 R$ 300,29<\/li>\n<li><strong>Mato Grosso do Sul:<\/strong> R$ 318,07 \u2014 R$ 316,70<\/li>\n<li><strong>Mato Grosso:<\/strong> R$ 301,49 \u2014 R$ 301<\/li>\n<\/ul>\n<h2 class=\"wp-block-heading\" id=\"h-mercado-atacadista\">Mercado atacadista<\/h2>\n<p>O mercado atacadista abre a semana com pre\u00e7os firmes para a carne bovina, mas a possibilidade de reajustes passa a diminuir com a proximidade da segunda quinzena do m\u00eas.<\/p>\n<\/div>\n<div>\n<p>O quarto traseiro ainda \u00e9 precificado a R$ 23,00 por quilo. O quarto dianteiro ainda \u00e9 cotado a R$ 17,80 por quilo. A ponta de agulha segue precificada a R$ 17,00 por quilo.<\/p>\n<h2 class=\"wp-block-heading\" id=\"h-exportacoes-de-carne-bovina\">Exporta\u00e7\u00f5es de carne bovina<\/h2>\n<figure class=\"wp-block-image size-large\"><img fetchpriority=\"high\" decoding=\"async\" width=\"1024\" height=\"682\" alt=\"carne bovina exporta\u00e7\u00f5es China\" class=\"wp-image-4081957\"  data-lazy- src=\"https:\/\/agromt.news\/wp-content\/uploads\/2025\/05\/Queda-da-arroba-do-boi-em-maio-e-intensificada-pela.jpg\"\/><img decoding=\"async\" width=\"1024\" height=\"682\" src=\"https:\/\/agromt.news\/wp-content\/uploads\/2025\/05\/Queda-da-arroba-do-boi-em-maio-e-intensificada-pela.jpg\" alt=\"carne bovina exporta\u00e7\u00f5es China\" class=\"wp-image-4081957\"  \/><figcaption class=\"wp-element-caption\">Foto: Pixabay<\/figcaption><\/figure>\n<p>As exporta\u00e7\u00f5es de carne bovina fresca, congelada ou refrigerada do Brasil renderam US$ 447,189 milh\u00f5es em agosto (6 dias \u00fateis), com m\u00e9dia di\u00e1ria de US$ 74,531 milh\u00f5es, de acordo com dados da Secretaria de Com\u00e9rcio Exterior <strong><a href=\"https:\/\/www.canalrural.com.br\/tag\/secex\/\">(Secex)<\/a><\/strong>.<\/p>\n<p>A quantidade total exportada pelo pa\u00eds chega a 80,470 mil toneladas, com m\u00e9dia di\u00e1ria de 13,411 mil toneladas. O pre\u00e7o m\u00e9dio da tonelada ficou em US$ 5.557,20.<\/p>\n<p>Em rela\u00e7\u00e3o a agosto de 2024, h\u00e1 alta de <strong>70%<\/strong> no valor m\u00e9dio di\u00e1rio da exporta\u00e7\u00e3o, ganho de <strong>35,7%<\/strong> na quantidade m\u00e9dia di\u00e1ria exportada e valoriza\u00e7\u00e3o de <strong>25,3%<\/strong> no pre\u00e7o m\u00e9dio.<\/p>\n<h2 class=\"wp-block-heading\" id=\"h-cambio\">C\u00e2mbio<\/h2>\n<p>O d\u00f3lar comercial encerrou em alta de 0,13%, sendo negociado a R$ 5,4430 para venda e a R$ 5,4410 para compra. Durante o dia, a moeda norte-americana oscilou entre a m\u00ednima de R$ 5,4338 e a m\u00e1xima de R$ 5,4600.<\/p>\n<\/p><\/div>\n<p><br \/>\n<br \/><a href=\"https:\/\/www.canalrural.com.br\/pecuaria\/precos-do-boi-gordo-confira-as-cotacoes-neste-inicio-de-semana\/\">Source link <\/a><\/p>\n","protected":false},"excerpt":{"rendered":"<p>O mercado f\u00edsico do boi gordo iniciou a semana apresentando pre\u00e7os firmes. De acordo com o analista da consultoria Safras<\/p>\n","protected":false},"author":1,"featured_media":13617,"comment_status":"open","ping_status":"open","sticky":false,"template":"","format":"standard","meta":{"_monsterinsights_skip_tracking":false,"_monsterinsights_sitenote_active":false,"_monsterinsights_sitenote_note":"","_monsterinsights_sitenote_category":0,"_uf_show_specific_survey":0,"_uf_disable_surveys":false,"footnotes":""},"categories":[1],"tags":[],"class_list":["post-18390","post","type-post","status-publish","format-standard","has-post-thumbnail","hentry","category-news"],"_links":{"self":[{"href":"https:\/\/agromt.news\/index.php?rest_route=\/wp\/v2\/posts\/18390"}],"collection":[{"href":"https:\/\/agromt.news\/index.php?rest_route=\/wp\/v2\/posts"}],"about":[{"href":"https:\/\/agromt.news\/index.php?rest_route=\/wp\/v2\/types\/post"}],"author":[{"embeddable":true,"href":"https:\/\/agromt.news\/index.php?rest_route=\/wp\/v2\/users\/1"}],"replies":[{"embeddable":true,"href":"https:\/\/agromt.news\/index.php?rest_route=%2Fwp%2Fv2%2Fcomments&post=18390"}],"version-history":[{"count":0,"href":"https:\/\/agromt.news\/index.php?rest_route=\/wp\/v2\/posts\/18390\/revisions"}],"wp:featuredmedia":[{"embeddable":true,"href":"https:\/\/agromt.news\/index.php?rest_route=\/wp\/v2\/media\/13617"}],"wp:attachment":[{"href":"https:\/\/agromt.news\/index.php?rest_route=%2Fwp%2Fv2%2Fmedia&parent=18390"}],"wp:term":[{"taxonomy":"category","embeddable":true,"href":"https:\/\/agromt.news\/index.php?rest_route=%2Fwp%2Fv2%2Fcategories&post=18390"},{"taxonomy":"post_tag","embeddable":true,"href":"https:\/\/agromt.news\/index.php?rest_route=%2Fwp%2Fv2%2Ftags&post=18390"}],"curies":[{"name":"wp","href":"https:\/\/api.w.org\/{rel}","templated":true}]}}