{"id":18385,"date":"2025-08-11T17:18:20","date_gmt":"2025-08-11T21:18:20","guid":{"rendered":"https:\/\/agromt.news\/?p=18385"},"modified":"2025-08-11T17:18:20","modified_gmt":"2025-08-11T21:18:20","slug":"chuva-de-80-mm-e-massa-de-ar-polar-gelando-a-semana-inmet-te-mostra-tudo","status":"publish","type":"post","link":"https:\/\/agromt.news\/?p=18385","title":{"rendered":"Chuva de 80 mm e massa de ar polar gelando a semana; Inmet te mostra tudo"},"content":{"rendered":"<p> <br \/>\n<\/p>\n<div>\n<p>A previs\u00e3o do tempo entre esta segunda-feira (11) e a pr\u00f3xima (18) feita pelo Instituto Nacional de Meteorologia <strong><a href=\"https:\/\/www.canalrural.com.br\/tag\/INMET\/\">(Inmet)<\/a><\/strong> mostra temperaturas m\u00ednimas abaixo de 8\u00b0C em \u00e1reas do Sul e chuva acima de 80 mm em partes do Norte do pa\u00eds. Confira:<\/p>\n<div data-icp-cta=\"1\" id=\"icp-cta-unique\">Voc\u00ea quer entender como usar o clima a seu favor?<b> <\/b><a href=\"https:\/\/climacampo.canalrural.com.br\/climacampo_-01\">Preparamos um e-book exclusivo<\/a> para ajudar produtores rurais a se antecipar \u00e0s mudan\u00e7as do tempo e planejar melhor suas a\u00e7\u00f5es. Com base em previs\u00f5es meteorol\u00f3gicas confi\u00e1veis, ele oferece orienta\u00e7\u00f5es pr\u00e1ticas para proteger sua lavoura e otimizar seus resultados.<\/div>\n<h2 class=\"wp-block-heading\" id=\"h-sul\">Sul<\/h2>\n<p>Um sistema de alta press\u00e3o associado a uma massa de ar polar deve manter as temperaturas abaixo de <strong>8\u00b0C<\/strong> em toda a regi\u00e3o Sul entre esta ter\u00e7a e quarta (12 e 13). Quanto \u00e0 chuva, s\u00e3o previstos acumulados de at\u00e9 5 mm no sul de Santa Catarina, bem como no nordeste e sudeste do Rio Grande do Sul e Regi\u00e3o Metropolitana de Porto Alegre (tom em azul escuro no mapa). Maiores acumulados, de at\u00e9 10 mm, s\u00e3o previstos para o sul do sudeste ga\u00facho. Destaca-se, tamb\u00e9m, a umidade relativa do ar abaixo de 40% para a maior parte do Paran\u00e1 durante os pr\u00f3ximos dias. <\/p>\n<h2 class=\"wp-block-heading\" id=\"h-sudeste\">Sudeste<\/h2>\n<p>No Sudeste, devem predominar m\u00ednimas inferiores a 10\u00b0C, principalmente em S\u00e3o Paulo e no Rio de Janeiro entre esta ter\u00e7a e quarta. Entretanto, a previs\u00e3o do Inmet tamb\u00e9m indica aus\u00eancia de chuva e tempo est\u00e1vel. No entanto, para alguns setores como as mesorregi\u00f5es mineiras do Jequitinhonha, Vale do Mucuri e Vale do Rio Doce, bem como na estreita faixa litor\u00e2nea paulista e do Rio Janeiro, s\u00e3o previstos para os pr\u00f3ximos dias baixos acumulados de at\u00e9 5 mm (tom em azul escuro). Salienta-se, tamb\u00e9m, a umidade relativa abaixo de 40% prevista para os pr\u00f3ximos dias nas regi\u00f5es do Tri\u00e2ngulo Mineiro, sul\/sudoeste de Minas Gerais e setores central, norte e oeste de S\u00e3o Paulo.<\/p>\n<\/div>\n<div>\n<h2 class=\"wp-block-heading\" id=\"h-centro-oeste\">Centro-Oeste<\/h2>\n<figure class=\"wp-block-image size-full\"><img fetchpriority=\"high\" decoding=\"async\" width=\"467\" height=\"555\" alt=\"mapa de chuva - 11 a 18 de agosto de 2025\" class=\"wp-image-4116395\"  data-lazy- src=\"https:\/\/agromt.news\/wp-content\/uploads\/2025\/08\/Chuva-de-80-mm-e-massa-de-ar-polar-gelando.jpg\"\/><img decoding=\"async\" width=\"467\" height=\"555\" src=\"https:\/\/agromt.news\/wp-content\/uploads\/2025\/08\/Chuva-de-80-mm-e-massa-de-ar-polar-gelando.jpg\" alt=\"mapa de chuva - 11 a 18 de agosto de 2025\" class=\"wp-image-4116395\"  \/><figcaption class=\"wp-element-caption\">Foto: Reprodu\u00e7\u00e3o Inmet<\/figcaption><\/figure>\n<p>Ao longo da semana, a previs\u00e3o indica temperaturas m\u00e1ximas elevadas em grande parte do Centro-Oeste. Em Mato Grosso, os term\u00f4metros podem ultrapassar os 36\u00b0C, principalmente na quinta-feira (14). De forma geral, a previs\u00e3o indica predom\u00ednio de tempo est\u00e1vel, com aus\u00eancia de chuva em todos os estados (\u00e1reas em branco no mapa). Destaca-se, tamb\u00e9m, a previs\u00e3o de umidade relativa abaixo e 30% para toda a regi\u00e3o para os pr\u00f3ximos dias, principalmente no centro-oeste mato-grossense, centro-sul de Mato Grosso do Sul e em grande parte de Goi\u00e1s. <\/p>\n<h2 class=\"wp-block-heading\" id=\"h-nordeste\">Nordeste<\/h2>\n<p>Na faixa litor\u00e2nea do Maranh\u00e3o e no centro-norte do Piau\u00ed, as temperaturas prometem ser elevados, com destaque para a quinta-feira (14), quando os term\u00f4metros podem ultrapassar os <strong>36\u00b0C<\/strong>. No interior da Regi\u00e3o n\u00e3o h\u00e1 previs\u00e3o de chuva, com redu\u00e7\u00e3o da umidade relativa do ar, principalmente no sudoeste piauiense, por\u00e7\u00f5es leste e oeste do Cear\u00e1, sul maranhense e oeste dos estados da Bahia, do Rio Grande do Norte e da Para\u00edba. Em pequenas \u00e1reas do litoral baiano e do norte do Piau\u00ed, podem ocorrer chuvas superiores a 20 mm (tons em verde).<\/p>\n<h2 class=\"wp-block-heading\" id=\"h-norte\">Norte<\/h2>\n<p>No sul do Amazonas e em Rond\u00f4nia, as m\u00e1ximas podem superar os <strong>36\u00b0C<\/strong>, com destaque para quinta-feira (14). Segundo o Inmet, \u00e1reas de instabilidade dever\u00e3o se concentrar no extremo noroeste e na por\u00e7\u00e3o central do Amazonas, al\u00e9m do noroeste do Par\u00e1, com volumes que podem superar 60 mm (tons em laranja e vermelho). Destacam-se os maiores acumulados de chuva, da ordem de <strong>80 mm<\/strong>, previstos para a parte central e norte do Amazonas, bem como para o sul de Roraima. Em contraste, nas regi\u00f5es centro-sul de Rond\u00f4nia, sudoeste do Amazonas, sul do Par\u00e1, Acre e Tocantins, n\u00e3o h\u00e1 previs\u00e3o de chuva ao longo da semana. Nessas localidades, a tend\u00eancia \u00e9 de redu\u00e7\u00e3o da umidade relativa do ar, que poder\u00e1 atingir n\u00edveis inferiores a 30%.<\/p>\n<\/p><\/div>\n<p><br \/>\n<br \/><a href=\"https:\/\/www.canalrural.com.br\/tempo\/chuva-de-80-mm-e-massa-de-ar-polar-gelando-a-semana-inmet-te-mostra-tudo\/\">Source link <\/a><\/p>\n","protected":false},"excerpt":{"rendered":"<p>A previs\u00e3o do tempo entre esta segunda-feira (11) e a pr\u00f3xima (18) feita pelo Instituto Nacional de Meteorologia (Inmet) mostra<\/p>\n","protected":false},"author":1,"featured_media":8394,"comment_status":"open","ping_status":"open","sticky":false,"template":"","format":"standard","meta":{"_monsterinsights_skip_tracking":false,"_monsterinsights_sitenote_active":false,"_monsterinsights_sitenote_note":"","_monsterinsights_sitenote_category":0,"_uf_show_specific_survey":0,"_uf_disable_surveys":false,"footnotes":""},"categories":[1],"tags":[],"class_list":["post-18385","post","type-post","status-publish","format-standard","has-post-thumbnail","hentry","category-news"],"_links":{"self":[{"href":"https:\/\/agromt.news\/index.php?rest_route=\/wp\/v2\/posts\/18385"}],"collection":[{"href":"https:\/\/agromt.news\/index.php?rest_route=\/wp\/v2\/posts"}],"about":[{"href":"https:\/\/agromt.news\/index.php?rest_route=\/wp\/v2\/types\/post"}],"author":[{"embeddable":true,"href":"https:\/\/agromt.news\/index.php?rest_route=\/wp\/v2\/users\/1"}],"replies":[{"embeddable":true,"href":"https:\/\/agromt.news\/index.php?rest_route=%2Fwp%2Fv2%2Fcomments&post=18385"}],"version-history":[{"count":0,"href":"https:\/\/agromt.news\/index.php?rest_route=\/wp\/v2\/posts\/18385\/revisions"}],"wp:featuredmedia":[{"embeddable":true,"href":"https:\/\/agromt.news\/index.php?rest_route=\/wp\/v2\/media\/8394"}],"wp:attachment":[{"href":"https:\/\/agromt.news\/index.php?rest_route=%2Fwp%2Fv2%2Fmedia&parent=18385"}],"wp:term":[{"taxonomy":"category","embeddable":true,"href":"https:\/\/agromt.news\/index.php?rest_route=%2Fwp%2Fv2%2Fcategories&post=18385"},{"taxonomy":"post_tag","embeddable":true,"href":"https:\/\/agromt.news\/index.php?rest_route=%2Fwp%2Fv2%2Ftags&post=18385"}],"curies":[{"name":"wp","href":"https:\/\/api.w.org\/{rel}","templated":true}]}}