{"id":18384,"date":"2025-08-11T17:01:25","date_gmt":"2025-08-11T21:01:25","guid":{"rendered":"https:\/\/agromt.news\/?p=18384"},"modified":"2025-08-11T17:01:25","modified_gmt":"2025-08-11T21:01:25","slug":"fundo-sustentavel-pode-atrair-bilhoes-para-o-campo","status":"publish","type":"post","link":"https:\/\/agromt.news\/?p=18384","title":{"rendered":"Fundo sustent\u00e1vel pode atrair bilh\u00f5es para o campo"},"content":{"rendered":"<p> <br \/>\n<\/p>\n<div>\n<p>Com o Brasil prestes a sediar a <strong><a href=\"https:\/\/www.canalrural.com.br\/cop30\/\">COP30<\/a><\/strong>, em 2025, cresce a expectativa sobre quais iniciativas o pa\u00eds apresentar\u00e1 ao mundo como vitrine de sua capacidade de liderar a transi\u00e7\u00e3o verde. Em meio a esse cen\u00e1rio, podemos sugerir de cria\u00e7\u00e3o da\u00a0<strong>Poupan\u00e7a Verde<\/strong>\u00a0\u2014 um novo fundo de financiamento para o agroneg\u00f3cio sustent\u00e1vel que poderia ser levado \u00e0 confer\u00eancia como uma bandeira inovadora do setor.<\/p>\n<p>A proposta pode ser adotada como pauta pela\u00a0<strong>Frente Parlamentar da Agropecu\u00e1ria (FPA)<\/strong>, aliando-se ao esp\u00edrito de protagonismo ambiental que o evento exige. O modelo prev\u00ea\u00a0<strong>capta\u00e7\u00e3o livre de recursos com isen\u00e7\u00e3o fiscal ao investidor<\/strong>, voltado exclusivamente para financiar pr\u00e1ticas agr\u00edcolas sustent\u00e1veis no Brasil.<\/p>\n<p><strong>O fundo Verde funcionaria\u00a0<\/strong>como uma esp\u00e9cie de \u201cLCA ambiental\u201d, permitindo que bancos, cooperativas, seguradoras e plataformas digitais mobilizem capital \u2014 inclusive estrangeiro \u2014 para irrigar o campo com cr\u00e9dito de longo prazo, juros acess\u00edveis e foco ambiental.<\/p>\n<h3 class=\"wp-block-heading\" id=\"h-um-fundo-verde-com-dna-agro\">Um fundo verde com DNA agro<\/h3>\n<p>A sugest\u00e3o contempla:<\/p>\n<ul class=\"wp-block-list\">\n<li><strong>Capta\u00e7\u00e3o aberta<\/strong>\u00a0de pessoas f\u00edsicas e jur\u00eddicas, inclusive internacionais;<\/li>\n<li><strong>Remunera\u00e7\u00e3o com isen\u00e7\u00e3o de IR<\/strong>, como ocorre com LCAs e deb\u00eantures incentivadas;<\/li>\n<li>Aplica\u00e7\u00e3o dos recursos em projetos certificados de:\n<ul class=\"wp-block-list\">\n<li>recupera\u00e7\u00e3o de pastagens degradadas,<\/li>\n<li>energia limpa na propriedade,<\/li>\n<li>irriga\u00e7\u00e3o eficiente,<\/li>\n<li>bioinsumos e compostagem,<\/li>\n<li>plantio direto e rota\u00e7\u00e3o de culturas,<\/li>\n<li>agricultura de baixo carbono (ABC+).<\/li>\n<\/ul>\n<\/li>\n<\/ul>\n<p>Uma inova\u00e7\u00e3o adicional \u00e9 a possibilidade de que os produtores que gerarem\u00a0<strong>cr\u00e9ditos de carbono verificados<\/strong>\u00a0possam utiliz\u00e1-los como:<\/p>\n<ul class=\"wp-block-list\">\n<li><strong>Garantia parcial<\/strong>\u00a0das opera\u00e7\u00f5es de cr\u00e9dito;<\/li>\n<li><strong>Crit\u00e9rio de bonifica\u00e7\u00e3o na taxa de juros<\/strong>, estimulando a ado\u00e7\u00e3o de pr\u00e1ticas que removem carbono da atmosfera ou evitam emiss\u00f5es.<\/li>\n<\/ul>\n<p>O fundo seria viabilizado por lei complementar, podendo inclusive receber aportes vinculados a\u00a0<strong>percentuais de tributos j\u00e1 existentes<\/strong>, como o IOF rural ou a Cide combust\u00edveis, sem cria\u00e7\u00e3o de novos impostos.<\/p>\n<\/div>\n<div>\n<p>A proposta tem alto potencial de atrair\u00a0<strong>fundos internacionais de impacto, green bonds e investidores ESG<\/strong>, que buscam ativos com lastro ambiental e seguran\u00e7a institucional.<\/p>\n<blockquote class=\"wp-block-quote is-layout-flow wp-block-quote-is-layout-flow\">\n<p>\u201cO mundo busca ativos verdes com credibilidade. O agro brasileiro, quando bem organizado e transparente, \u00e9 o maior ativo verde do planeta\u201d, defende o autor da sugest\u00e3o.<\/p>\n<\/blockquote>\n<p>Ao ser encampada pela FPA ou por lideran\u00e7as do agro no Congresso, a Poupan\u00e7a Verde pode se transformar em um marco inovador do setor rural, ao mesmo tempo em que serve como\u00a0<strong>resposta estrat\u00e9gica \u00e0s press\u00f5es internacionais por sustentabilidade<\/strong>.<\/p>\n<p>Lan\u00e7ar essa proposta durante a COP30, em Bel\u00e9m, daria ao Brasil a oportunidade de apresentar uma medida concreta, de origem nacional, que une sustentabilidade com produ\u00e7\u00e3o e mercado de capitais.<\/p>\n<p>Seria tamb\u00e9m uma alternativa estruturante ao modelo de cr\u00e9dito rural tradicional, ainda dependente de recursos or\u00e7ament\u00e1rios e pol\u00edticas sazonais. Com a Poupan\u00e7a Verde,\u00a0<strong>a transi\u00e7\u00e3o ecol\u00f3gica do agro ganharia uma fonte cont\u00ednua de financiamento<\/strong>, de mercado, com sinal claro de pol\u00edtica de Estado.<\/p>\n<p>A\u00a0<strong>Poupan\u00e7a Verde \u00e9 uma proposta original que pode colocar o agro brasileiro no centro das solu\u00e7\u00f5es globais para o clima<\/strong>. Se adotada por lideran\u00e7as pol\u00edticas e setoriais, ela tem potencial de mobilizar bilh\u00f5es em investimentos, gerar renda no campo e fortalecer a imagem do Brasil como l\u00edder mundial da produ\u00e7\u00e3o sustent\u00e1vel.<\/p>\n<p><strong>A ideia pode sair do papel e se tornar uma das grandes entregas brasileiras na COP30.<\/strong><\/p>\n<div class=\"wp-block-media-text is-stacked-on-mobile\">\n<figure class=\"wp-block-media-text__media\"><img fetchpriority=\"high\" decoding=\"async\" width=\"683\" height=\"1024\" src=\"https:\/\/agromt.news\/wp-content\/uploads\/2025\/04\/Como-guerras-e-crises-moldaram-o-preco-das-commodities-nos.jpg\" alt=\"Miguel Daoud\" class=\"wp-image-4095706 size-full\"  \/><\/figure>\n<div class=\"wp-block-media-text__content\">\n<p class=\"has-text-align-center\">*<em><strong>Miguel Daoud<\/strong>\u00a0\u00e9 comentarista de Economia e Pol\u00edtica\u00a0do Canal Rural<\/em><\/p>\n<\/div>\n<\/div>\n<hr class=\"wp-block-separator has-alpha-channel-opacity\"\/>\n<p><em>O\u00a0<strong>Canal Rural<\/strong>\u00a0n\u00e3o se responsabiliza pelas opini\u00f5es e conceitos emitidos nos textos desta sess\u00e3o, sendo os conte\u00fados de inteira responsabilidade de seus autores. A empresa se reserva o direito de fazer ajustes no texto para adequa\u00e7\u00e3o \u00e0s normas de publica\u00e7\u00e3o.<\/em><\/p>\n<\/p><\/div>\n<p><br \/>\n<br \/><a href=\"https:\/\/www.canalrural.com.br\/opiniao-noticias\/fundo-sustentavel-pode-atrair-bilhoes-para-o-campo\/\">Source link <\/a><\/p>\n","protected":false},"excerpt":{"rendered":"<p>Com o Brasil prestes a sediar a COP30, em 2025, cresce a expectativa sobre quais iniciativas o pa\u00eds apresentar\u00e1 ao<\/p>\n","protected":false},"author":1,"featured_media":11386,"comment_status":"open","ping_status":"open","sticky":false,"template":"","format":"standard","meta":{"_monsterinsights_skip_tracking":false,"_monsterinsights_sitenote_active":false,"_monsterinsights_sitenote_note":"","_monsterinsights_sitenote_category":0,"_uf_show_specific_survey":0,"_uf_disable_surveys":false,"footnotes":""},"categories":[1],"tags":[],"class_list":["post-18384","post","type-post","status-publish","format-standard","has-post-thumbnail","hentry","category-news"],"_links":{"self":[{"href":"https:\/\/agromt.news\/index.php?rest_route=\/wp\/v2\/posts\/18384"}],"collection":[{"href":"https:\/\/agromt.news\/index.php?rest_route=\/wp\/v2\/posts"}],"about":[{"href":"https:\/\/agromt.news\/index.php?rest_route=\/wp\/v2\/types\/post"}],"author":[{"embeddable":true,"href":"https:\/\/agromt.news\/index.php?rest_route=\/wp\/v2\/users\/1"}],"replies":[{"embeddable":true,"href":"https:\/\/agromt.news\/index.php?rest_route=%2Fwp%2Fv2%2Fcomments&post=18384"}],"version-history":[{"count":0,"href":"https:\/\/agromt.news\/index.php?rest_route=\/wp\/v2\/posts\/18384\/revisions"}],"wp:featuredmedia":[{"embeddable":true,"href":"https:\/\/agromt.news\/index.php?rest_route=\/wp\/v2\/media\/11386"}],"wp:attachment":[{"href":"https:\/\/agromt.news\/index.php?rest_route=%2Fwp%2Fv2%2Fmedia&parent=18384"}],"wp:term":[{"taxonomy":"category","embeddable":true,"href":"https:\/\/agromt.news\/index.php?rest_route=%2Fwp%2Fv2%2Fcategories&post=18384"},{"taxonomy":"post_tag","embeddable":true,"href":"https:\/\/agromt.news\/index.php?rest_route=%2Fwp%2Fv2%2Ftags&post=18384"}],"curies":[{"name":"wp","href":"https:\/\/api.w.org\/{rel}","templated":true}]}}