{"id":18381,"date":"2025-08-11T16:37:36","date_gmt":"2025-08-11T20:37:36","guid":{"rendered":"https:\/\/agromt.news\/?p=18381"},"modified":"2025-08-11T16:37:36","modified_gmt":"2025-08-11T20:37:36","slug":"cotacoes-da-arroba-do-boi-iniciam-semana-estaveis-em-sao-paulo","status":"publish","type":"post","link":"https:\/\/agromt.news\/?p=18381","title":{"rendered":"Cota\u00e7\u00f5es da arroba do boi iniciam semana est\u00e1veis em S\u00e3o Paulo"},"content":{"rendered":"<p> <br \/>\n<\/p>\n<div>\n<p style=\"text-align:justify\">O informativo Tem Boi na Linha, divulgado pela Scot Consultoria na segunda-feira (11), apontou estabilidade nas cota\u00e7\u00f5es do boi gordo no mercado paulista. Ap\u00f3s uma semana de altas consecutivas, impulsionadas pela oferta reduzida e pelo bom escoamento da carne, o in\u00edcio desta semana registrou poucos neg\u00f3cios e manuten\u00e7\u00e3o dos pre\u00e7os no comparativo di\u00e1rio. A escala de abate no estado atende, em m\u00e9dia, seis dias.&#13;\n<\/p>\n<p style=\"text-align:justify\">Em Santa Catarina, a menor oferta de bovinos e o bom ritmo de vendas de carne resultaram em aumento para todas as categorias. \u201cA cota\u00e7\u00e3o do boi gordo e da vaca subiu R$ 2,00 por arroba, enquanto a da novilha avan\u00e7ou R$ 3,00\/@\u201d, informou a an\u00e1lise.<\/p>\n<p style=\"text-align:justify\">Na regi\u00e3o de Goi\u00e2nia (GO), a redu\u00e7\u00e3o na oferta tamb\u00e9m influenciou as cota\u00e7\u00f5es. O boi gordo apresentou alta de R$ 2,00\/@, e o chamado \u201cboi China\u201d registrou aumento de R$ 5,00\/@. As demais categorias permaneceram est\u00e1veis.<\/p>\n<p style=\"text-align:justify\">No atacado de carne com osso, as vendas se mantiveram em ritmo entre razo\u00e1vel e bom ao longo da semana. O movimento foi impulsionado pela reposi\u00e7\u00e3o de estoques no varejo ap\u00f3s o recebimento dos sal\u00e1rios e pelo Dia dos Pais. Nesse cen\u00e1rio, todas as categorias de carca\u00e7a registraram alta.&#13;\n<\/p>\n<p style=\"text-align:justify\">A carca\u00e7a casada do boi cap\u00e3o subiu 2,5%, equivalente a R$ 0,50\/kg. A carca\u00e7a do boi inteiro aumentou 2,1% (R$ 0,40\/kg). Entre as f\u00eameas, a vaca teve acr\u00e9scimo de 2,2% (R$ 0,40\/kg) e a novilha de 2,1% (R$ 0,40\/kg).<\/p>\n<p style=\"text-align:justify\">No mercado de carnes alternativas, o frango m\u00e9dio subiu 6,3% (R$ 0,40\/kg), enquanto o su\u00edno especial apresentou alta de 5,7% (R$ 0,70\/kg).<\/p>\n<\/p><\/div>\n<p><script data-cfasync=\"false\">\n    !function (f, b, e, v, n, t, s) {\n        if (f.fbq) return; n = f.fbq = function () {\n            n.callMethod ?\n                n.callMethod.apply(n, arguments) : n.queue.push(arguments)\n        };\n        if (!f._fbq) f._fbq = n; n.push = n; n.loaded = !0; n.version = '2.0';\n        n.queue = []; t = b.createElement(e); t.async = !0;\n        t.src = v; s = b.getElementsByTagName(e)[0];\n        s.parentNode.insertBefore(t, s)\n    }(window, document, 'script',\n        'https:\/\/connect.facebook.net\/en_US\/fbevents.js');\n    fbq('init', '522546078623747');\n    fbq('track', 'PageView');\n<\/script><br \/>\n<br \/><br \/>\n<br \/><a href=\"https:\/\/www.agrolink.com.br\/noticias\/cotacoes-da-arroba-do-boi-iniciam-semana-estaveis-em-sao-paulo_504823.html\">Source link <\/a><\/p>\n","protected":false},"excerpt":{"rendered":"<p>O informativo Tem Boi na Linha, divulgado pela Scot Consultoria na segunda-feira (11), apontou estabilidade nas cota\u00e7\u00f5es do boi gordo<\/p>\n","protected":false},"author":1,"featured_media":5028,"comment_status":"open","ping_status":"open","sticky":false,"template":"","format":"standard","meta":{"_monsterinsights_skip_tracking":false,"_monsterinsights_sitenote_active":false,"_monsterinsights_sitenote_note":"","_monsterinsights_sitenote_category":0,"_uf_show_specific_survey":0,"_uf_disable_surveys":false,"footnotes":""},"categories":[8,1,14],"tags":[],"class_list":["post-18381","post","type-post","status-publish","format-standard","has-post-thumbnail","hentry","category-agro","category-news","category-politica-agro"],"_links":{"self":[{"href":"https:\/\/agromt.news\/index.php?rest_route=\/wp\/v2\/posts\/18381"}],"collection":[{"href":"https:\/\/agromt.news\/index.php?rest_route=\/wp\/v2\/posts"}],"about":[{"href":"https:\/\/agromt.news\/index.php?rest_route=\/wp\/v2\/types\/post"}],"author":[{"embeddable":true,"href":"https:\/\/agromt.news\/index.php?rest_route=\/wp\/v2\/users\/1"}],"replies":[{"embeddable":true,"href":"https:\/\/agromt.news\/index.php?rest_route=%2Fwp%2Fv2%2Fcomments&post=18381"}],"version-history":[{"count":0,"href":"https:\/\/agromt.news\/index.php?rest_route=\/wp\/v2\/posts\/18381\/revisions"}],"wp:featuredmedia":[{"embeddable":true,"href":"https:\/\/agromt.news\/index.php?rest_route=\/wp\/v2\/media\/5028"}],"wp:attachment":[{"href":"https:\/\/agromt.news\/index.php?rest_route=%2Fwp%2Fv2%2Fmedia&parent=18381"}],"wp:term":[{"taxonomy":"category","embeddable":true,"href":"https:\/\/agromt.news\/index.php?rest_route=%2Fwp%2Fv2%2Fcategories&post=18381"},{"taxonomy":"post_tag","embeddable":true,"href":"https:\/\/agromt.news\/index.php?rest_route=%2Fwp%2Fv2%2Ftags&post=18381"}],"curies":[{"name":"wp","href":"https:\/\/api.w.org\/{rel}","templated":true}]}}