{"id":18379,"date":"2025-08-11T16:29:26","date_gmt":"2025-08-11T20:29:26","guid":{"rendered":"https:\/\/agromt.news\/?p=18379"},"modified":"2025-08-11T16:29:26","modified_gmt":"2025-08-11T20:29:26","slug":"segunda-edicao-do-seminario-de-fruticultura-irrigada-acontecera-na-barra-agroshow","status":"publish","type":"post","link":"https:\/\/agromt.news\/?p=18379","title":{"rendered":"Segunda edi\u00e7\u00e3o do Semin\u00e1rio de Fruticultura Irrigada acontecer\u00e1 na Barra Agroshow"},"content":{"rendered":"<p> <br \/>\n<\/p>\n<div>\n<p>A segunda edi\u00e7\u00e3o do <strong>Semin\u00e1rio de Fruticultura Irrigada <\/strong>acontecer\u00e1 nos dias <strong>5 e 6 de setembro, das 8h \u00e0s 17h<\/strong>, dentro da programa\u00e7\u00e3o oficial da <strong>Barra Agroshow<\/strong>, feira que estrear\u00e1 no munic\u00edpio de Barra, localizado na regi\u00e3o do M\u00e9dio S\u00e3o Francisco, no Oeste da Bahia.<\/p>\n<p>Realizado pela primeira vez em 2024, o semin\u00e1rio tem como proposta aprofundar os debates sobre os desafios, oportunidades e avan\u00e7os da fruticultura tropical em regi\u00f5es irrigadas, especialmente no contexto do semi\u00e1rido brasileiro.<\/p>\n<p>De acordo com a organiza\u00e7\u00e3o, neste ano o evento t\u00e9cnico contar\u00e1 com a participa\u00e7\u00e3o de especialistas renomados no pa\u00eds, e as vagas s\u00e3o limitadas.<\/p>\n<p>Segundo o presidente da Barra Agroshow, Marco Caviola, produtores, pesquisadores, estudantes e profissionais do agro s\u00e3o o p\u00fablico-alvo do evento, que ser\u00e1 pago.<\/p>\n<p>\u201cAl\u00e9m de grandes nomes, traremos representantes de institui\u00e7\u00f5es p\u00fablicas e privadas, lideran\u00e7as do setor e empreendedores locais, com uma grande estrutura e programa\u00e7\u00e3o\u201d, afirma Caviola.<\/p>\n<figure class=\"wp-block-image size-large\"><img fetchpriority=\"high\" decoding=\"async\" width=\"820\" height=\"1024\" src=\"https:\/\/agromt.news\/wp-content\/uploads\/2025\/08\/Segunda-edicao-do-Seminario-de-Fruticultura-Irrigada-acontecera-na-Barra.jpg\" alt=\"Semin\u00e1rio Fruticultura irrigada, Barra Agroshow, feira, eventp\" class=\"wp-image-4116383\"  \/><figcaption class=\"wp-element-caption\">Visitas a propriedades locais fazem parte da programa\u00e7\u00e3o do Semin\u00e1rio | Foto: Ag\u00eancia Marca Comunica\u00e7\u00e3o)<\/figcaption><\/figure>\n<p>O ingresso para participa\u00e7\u00e3o no semin\u00e1rio custa<strong> <a href=\"https:\/\/www.sympla.com.br\/evento\/ii-seminario-da-fruticultura-irrigada-barra-agro-show-2025\/3049524?_gl=1*5nu4jk*_gcl_au*MTQ2ODExOTAxMC4xNzUzMjc2MTcxLjkxMTA3NTIyNy4xNzUzMzAwNDUyLjE3NTMzMDA0NTI.*_ga*MTY4MDc3NTE3My4xNzUzMjc2MTcz*_ga_KXH10SQTZF*czE3NTM5NjcyNzgkbzEzJGcxJHQxNzUzOTY3NzExJGo1NCRsMCRoMzcwMTE3Mjkw&amp;referrer=linktr.ee&amp;share_id=copiarlink\">R$ 300,00<\/a><\/strong> e est\u00e1 dispon\u00edvel numa plataforma de vendas online.<\/p>\n<p>O evento contar\u00e1 com estrutura climatizada, estacionamento gratuito e um ambiente preparado para o conforto e a seguran\u00e7a dos participantes.<\/p>\n<\/div>\n<div>\n<p>A programa\u00e7\u00e3o combina conte\u00fado t\u00e9cnico, visitas de campo e pain\u00e9is estrat\u00e9gicos. J\u00e1 a Barra Agroshow tem entrada gratuita e ser\u00e1 realizada entre os 4 e 6 de setembro<\/p>\n<h2 class=\"wp-block-heading\" id=\"h-programacao-do-evento\"><strong>Programa\u00e7\u00e3o do evento<\/strong><\/h2>\n<p>No primeiro dia, 5 de setembro, os participantes poder\u00e3o escolher entre duas visitas t\u00e9cnicas exclusivas a propriedades modelo na regi\u00e3o: uma Fazenda de Cacau e uma Fazenda de Uva e Mirtilo, com vagas limitadas por turma.<\/p>\n<p>Al\u00e9m disso, no dia 6 de setembro, a programa\u00e7\u00e3o conta com pain\u00e9is e palestras. Um dos destaques \u00e9 o Painel \u201cUva em Perspectiva\u201d, que contar\u00e1 com a presen\u00e7a dos especialistas \u00c2ngela Bastos e Edis Matsumoto, debatendo tend\u00eancias e desafios da cultura da uva no Brasil.\u00a0<\/p>\n<p>Por fim, o evento tem como objetivo, proporcionar uma imers\u00e3o pr\u00e1tica no sucesso da fruticultura irrigada adaptada ao clima semi\u00e1rido. <\/p>\n<hr class=\"wp-block-separator has-alpha-channel-opacity\"\/>\n<p><em>Voc\u00ea tamb\u00e9m pode participar deixando uma sugest\u00e3o de pauta. Siga o\u00a0<a href=\"https:\/\/www.instagram.com\/canalruralbahia\/\">Canal Rural Bahia no Instagram<\/a>\u00a0e nos envie uma mensagem<\/em>.<\/p>\n<\/p><\/div>\n<p><script async src=\"\/\/www.instagram.com\/embed.js\"><\/script><br \/>\n<br \/><br \/>\n<br \/><a href=\"https:\/\/www.canalrural.com.br\/nacional\/bahia\/segunda-edicao-do-seminario-de-fruticultura-irrigada-acontecera-na-barra-agroshow\/\">Source link <\/a><\/p>\n","protected":false},"excerpt":{"rendered":"<p>A segunda edi\u00e7\u00e3o do Semin\u00e1rio de Fruticultura Irrigada acontecer\u00e1 nos dias 5 e 6 de setembro, das 8h \u00e0s 17h,<\/p>\n","protected":false},"author":1,"featured_media":18380,"comment_status":"open","ping_status":"open","sticky":false,"template":"","format":"standard","meta":{"_monsterinsights_skip_tracking":false,"_monsterinsights_sitenote_active":false,"_monsterinsights_sitenote_note":"","_monsterinsights_sitenote_category":0,"_uf_show_specific_survey":0,"_uf_disable_surveys":false,"footnotes":""},"categories":[1],"tags":[],"class_list":["post-18379","post","type-post","status-publish","format-standard","has-post-thumbnail","hentry","category-news"],"_links":{"self":[{"href":"https:\/\/agromt.news\/index.php?rest_route=\/wp\/v2\/posts\/18379"}],"collection":[{"href":"https:\/\/agromt.news\/index.php?rest_route=\/wp\/v2\/posts"}],"about":[{"href":"https:\/\/agromt.news\/index.php?rest_route=\/wp\/v2\/types\/post"}],"author":[{"embeddable":true,"href":"https:\/\/agromt.news\/index.php?rest_route=\/wp\/v2\/users\/1"}],"replies":[{"embeddable":true,"href":"https:\/\/agromt.news\/index.php?rest_route=%2Fwp%2Fv2%2Fcomments&post=18379"}],"version-history":[{"count":0,"href":"https:\/\/agromt.news\/index.php?rest_route=\/wp\/v2\/posts\/18379\/revisions"}],"wp:featuredmedia":[{"embeddable":true,"href":"https:\/\/agromt.news\/index.php?rest_route=\/wp\/v2\/media\/18380"}],"wp:attachment":[{"href":"https:\/\/agromt.news\/index.php?rest_route=%2Fwp%2Fv2%2Fmedia&parent=18379"}],"wp:term":[{"taxonomy":"category","embeddable":true,"href":"https:\/\/agromt.news\/index.php?rest_route=%2Fwp%2Fv2%2Fcategories&post=18379"},{"taxonomy":"post_tag","embeddable":true,"href":"https:\/\/agromt.news\/index.php?rest_route=%2Fwp%2Fv2%2Ftags&post=18379"}],"curies":[{"name":"wp","href":"https:\/\/api.w.org\/{rel}","templated":true}]}}