{"id":18372,"date":"2025-08-11T15:26:33","date_gmt":"2025-08-11T19:26:33","guid":{"rendered":"https:\/\/agromt.news\/?p=18372"},"modified":"2025-08-11T15:26:33","modified_gmt":"2025-08-11T19:26:33","slug":"apos-neve-geada-deve-se-espalhar-por-seis-estados-veja-onde","status":"publish","type":"post","link":"https:\/\/agromt.news\/?p=18372","title":{"rendered":"Ap\u00f3s neve, geada deve se espalhar por seis estados; veja onde"},"content":{"rendered":"<p> <br \/>\n<\/p>\n<div>\n<p>O \u00faltimo final de semana foi marcado por frio intenso no centro-sul do Brasil, com direito a neve em \u00e1reas da Regi\u00e3o Sul, como em Urupema, Bom Jardim da Serra e S\u00e3o Joaquim, em Santa Catarina. <\/p>\n<p><iframe title=\"Ter\u00e7a-feira com risco de geada; frio intenso persiste at\u00e9 quarta-feira | Previs\u00e3o do tempo | 24h\" width=\"800\" height=\"450\" src=\"https:\/\/www.youtube.com\/embed\/BES0p3LeEN8?feature=oembed\" frameborder=\"0\" allow=\"accelerometer; autoplay; clipboard-write; encrypted-media; gyroscope; picture-in-picture; web-share\" referrerpolicy=\"strict-origin-when-cross-origin\" allowfullscreen><\/iframe><noscript><iframe title=\"Ter\u00e7a-feira com risco de geada; frio intenso persiste at\u00e9 quarta-feira | Previs\u00e3o do tempo | 24h\" width=\"800\" height=\"450\" src=\"https:\/\/www.youtube.com\/embed\/BES0p3LeEN8?feature=oembed\" frameborder=\"0\" allow=\"accelerometer; autoplay; clipboard-write; encrypted-media; gyroscope; picture-in-picture; web-share\" referrerpolicy=\"strict-origin-when-cross-origin\" allowfullscreen><\/iframe><\/noscript><\/p>\n<p>De acordo com a Climatempo, a massa de ar frio que est\u00e1 sobre o pa\u00eds continuar\u00e1 influenciando o tempo at\u00e9 quarta-feira (13), mantendo as temperaturas baixas e trazendo condi\u00e7\u00f5es para geada ampla nesta ter\u00e7a-feira (12) nas \u00e1reas indicadas pelo mapa abaixo.<\/p>\n<p>Assim, com mais um dia de frio intenso, a previs\u00e3o \u00e9 que a geada recaia desde a Campanha Ga\u00facha, passando pela regi\u00e3o central e norte do <strong><a href=\"https:\/\/www.canalrural.com.br\/nacional\/rio-grande-do-sul\/\">Rio Grande do Sul<\/a><\/strong>, pelo centro de Santa Catarina e do <strong><a href=\"https:\/\/www.canalrural.com.br\/nacional\/parana\/\">Paran\u00e1<\/a><\/strong>, at\u00e9 o centro-sul paulista. <\/p>\n<\/div>\n<div>\n<figure class=\"wp-block-image size-large\"><img fetchpriority=\"high\" decoding=\"async\" width=\"1024\" height=\"1024\" alt=\"mapa geada Climatempo\" class=\"wp-image-4116335\"  data-lazy- src=\"https:\/\/agromt.news\/wp-content\/uploads\/2025\/08\/Apos-neve-geada-deve-se-espalhar-por-seis-estados-veja.jpeg\"\/><img decoding=\"async\" width=\"1024\" height=\"1024\" src=\"https:\/\/agromt.news\/wp-content\/uploads\/2025\/08\/Apos-neve-geada-deve-se-espalhar-por-seis-estados-veja.jpeg\" alt=\"mapa geada Climatempo\" class=\"wp-image-4116335\"  \/><figcaption class=\"wp-element-caption\">Foto: Climatempo<\/figcaption><\/figure>\n<p>Tamb\u00e9m est\u00e3o inclu\u00eddas \u00e1reas de maior altitude da Serra da Mantiqueira, abrangendo pontos de S\u00e3o Paulo, Minas Gerais e Rio de Janeiro, al\u00e9m da regi\u00e3o serrana fluminense. <\/p>\n<p>De acordo com a Climatempo, com a atmosfera ainda sob forte influ\u00eancia da massa de ar frio, h\u00e1 potencial para geada moderada a forte em localidades mais elevadas.<\/p>\n<div data-icp-cta=\"1\" id=\"icp-cta-unique\">Voc\u00ea quer entender como usar o clima a seu favor?<b> <\/b><a href=\"https:\/\/climacampo.canalrural.com.br\/climacampo_-01\">Preparamos um e-book exclusivo<\/a> para ajudar produtores rurais a se antecipar \u00e0s mudan\u00e7as do tempo e planejar melhor suas a\u00e7\u00f5es. Com base em previs\u00f5es meteorol\u00f3gicas confi\u00e1veis, ele oferece orienta\u00e7\u00f5es pr\u00e1ticas para proteger sua lavoura e otimizar seus resultados.<\/div>\n<\/div>\n<p><br \/>\n<br \/><a href=\"https:\/\/www.canalrural.com.br\/tempo\/apos-neve-geada-deve-se-espalhar-por-seis-estados-veja-onde\/\">Source link <\/a><\/p>\n","protected":false},"excerpt":{"rendered":"<p>O \u00faltimo final de semana foi marcado por frio intenso no centro-sul do Brasil, com direito a neve em \u00e1reas<\/p>\n","protected":false},"author":1,"featured_media":18373,"comment_status":"open","ping_status":"open","sticky":false,"template":"","format":"standard","meta":{"_monsterinsights_skip_tracking":false,"_monsterinsights_sitenote_active":false,"_monsterinsights_sitenote_note":"","_monsterinsights_sitenote_category":0,"_uf_show_specific_survey":0,"_uf_disable_surveys":false,"footnotes":""},"categories":[1],"tags":[],"class_list":["post-18372","post","type-post","status-publish","format-standard","has-post-thumbnail","hentry","category-news"],"_links":{"self":[{"href":"https:\/\/agromt.news\/index.php?rest_route=\/wp\/v2\/posts\/18372"}],"collection":[{"href":"https:\/\/agromt.news\/index.php?rest_route=\/wp\/v2\/posts"}],"about":[{"href":"https:\/\/agromt.news\/index.php?rest_route=\/wp\/v2\/types\/post"}],"author":[{"embeddable":true,"href":"https:\/\/agromt.news\/index.php?rest_route=\/wp\/v2\/users\/1"}],"replies":[{"embeddable":true,"href":"https:\/\/agromt.news\/index.php?rest_route=%2Fwp%2Fv2%2Fcomments&post=18372"}],"version-history":[{"count":0,"href":"https:\/\/agromt.news\/index.php?rest_route=\/wp\/v2\/posts\/18372\/revisions"}],"wp:featuredmedia":[{"embeddable":true,"href":"https:\/\/agromt.news\/index.php?rest_route=\/wp\/v2\/media\/18373"}],"wp:attachment":[{"href":"https:\/\/agromt.news\/index.php?rest_route=%2Fwp%2Fv2%2Fmedia&parent=18372"}],"wp:term":[{"taxonomy":"category","embeddable":true,"href":"https:\/\/agromt.news\/index.php?rest_route=%2Fwp%2Fv2%2Fcategories&post=18372"},{"taxonomy":"post_tag","embeddable":true,"href":"https:\/\/agromt.news\/index.php?rest_route=%2Fwp%2Fv2%2Ftags&post=18372"}],"curies":[{"name":"wp","href":"https:\/\/api.w.org\/{rel}","templated":true}]}}