{"id":18369,"date":"2025-08-11T14:58:30","date_gmt":"2025-08-11T18:58:30","guid":{"rendered":"https:\/\/agromt.news\/?p=18369"},"modified":"2025-08-11T14:58:30","modified_gmt":"2025-08-11T18:58:30","slug":"secretario-do-tesouro-dos-eua-cancela-reuniao-com-haddad","status":"publish","type":"post","link":"https:\/\/agromt.news\/?p=18369","title":{"rendered":"Secret\u00e1rio do Tesouro dos EUA cancela reuni\u00e3o com Haddad"},"content":{"rendered":"<p> <br \/>\n<br \/><img decoding=\"async\" src=\"https:\/\/agromt.news\/wp-content\/uploads\/2024\/09\/haddad-desoneracao-da-folha.jpg\" \/><\/p>\n<div>\n<p>O ministro da Fazenda, Fernando Haddad, disse em entrevista para <strong><em>Globonews<\/em><\/strong><em>,<\/em> nesta segunda-feira (11), que a <a href=\"https:\/\/www.canalrural.com.br\/diversos\/secretario-de-tesouro-dos-eua-quer-reuniao-com-haddad-para-discutir-tarifaco\/\">reuni\u00e3o com o secret\u00e1rio do Tesouro dos EUA, Scott Bessent<\/a>, foi cancelada. A reuni\u00e3o estava agendada para a pr\u00f3xima quarta-feira (13). Haddad atribuiu o cancelamento a a\u00e7\u00e3o da extrema direita<\/p>\n<p>\u201cA milit\u00e2ncia antidiplom\u00e1tica dessas for\u00e7as de extrema direita que atuam junto \u00e0 Casa Branca teve conhecimento da minha fala, agiu junto a alguns assessores, e a reuni\u00e3o virtual que seria na quarta-feira foi desmarcada\u201d, disse Haddad.<\/p>\n<p>As negocia\u00e7\u00f5es para a realiza\u00e7\u00e3o da reuni\u00e3o entre Haddad e Bessent come\u00e7aram no dia 21 de julho. De acordo com o ministro, foi alegado falta da agenda do secret\u00e1rio de Tesouro para o cancelamento.<\/p>\n<\/div>\n<div>\n<p>\u201cArgumentaram falta de agenda. Uma situa\u00e7\u00e3o bem inusitada. O que fica claro para nos \u00e9 que a quest\u00e3o comercial n\u00e3o est\u00e1 em foco\u201d, afirmou o ministro.<\/p>\n<p>O encontro entre Haddad e Bessent era para tratar da tarifa extra imposta pelos EUA aos produtos brasileiros. De acordo com Haddad, houve uma tentativa de remarcar a reuni\u00e3o para outra data, mas a Fazenda n\u00e3o obteve retorno do norte-americanos, at\u00e9 o momento. Ainda segundo o ministro, o deputado federal Eduardo Bolsanaro interferiu para que a reuni\u00e3o n\u00e3o ocorresse.<\/p>\n<p>\u201cEduardo publicamente deu uma entrevista que ia procurar inibir esse tipo de contato entre os dois governos. E, depois disso, aconteceu o epis\u00f3dio [do cancelamento da reuni\u00e3o]. Depois da entrevista dele, de que agiria contra os interesses do pa\u00eds. N\u00e3o h\u00e1 como n\u00e3o relacionar uma coisa \u00e0 outra. N\u00e3o h\u00e1 coincid\u00eancia nesse tipo de coisa\u201d, disse Haddad.<\/p>\n<\/p><\/div>\n<p><br \/>\n<br \/><a href=\"https:\/\/www.canalrural.com.br\/nacional\/secretario-do-tesouro-dos-eua-cancela-reuniao-com-haddad\/\">Source link <\/a><\/p>\n","protected":false},"excerpt":{"rendered":"<p>O ministro da Fazenda, Fernando Haddad, disse em entrevista para Globonews, nesta segunda-feira (11), que a reuni\u00e3o com o secret\u00e1rio<\/p>\n","protected":false},"author":1,"featured_media":1471,"comment_status":"open","ping_status":"open","sticky":false,"template":"","format":"standard","meta":{"_monsterinsights_skip_tracking":false,"_monsterinsights_sitenote_active":false,"_monsterinsights_sitenote_note":"","_monsterinsights_sitenote_category":0,"_uf_show_specific_survey":0,"_uf_disable_surveys":false,"footnotes":""},"categories":[1],"tags":[],"class_list":["post-18369","post","type-post","status-publish","format-standard","has-post-thumbnail","hentry","category-news"],"_links":{"self":[{"href":"https:\/\/agromt.news\/index.php?rest_route=\/wp\/v2\/posts\/18369"}],"collection":[{"href":"https:\/\/agromt.news\/index.php?rest_route=\/wp\/v2\/posts"}],"about":[{"href":"https:\/\/agromt.news\/index.php?rest_route=\/wp\/v2\/types\/post"}],"author":[{"embeddable":true,"href":"https:\/\/agromt.news\/index.php?rest_route=\/wp\/v2\/users\/1"}],"replies":[{"embeddable":true,"href":"https:\/\/agromt.news\/index.php?rest_route=%2Fwp%2Fv2%2Fcomments&post=18369"}],"version-history":[{"count":0,"href":"https:\/\/agromt.news\/index.php?rest_route=\/wp\/v2\/posts\/18369\/revisions"}],"wp:featuredmedia":[{"embeddable":true,"href":"https:\/\/agromt.news\/index.php?rest_route=\/wp\/v2\/media\/1471"}],"wp:attachment":[{"href":"https:\/\/agromt.news\/index.php?rest_route=%2Fwp%2Fv2%2Fmedia&parent=18369"}],"wp:term":[{"taxonomy":"category","embeddable":true,"href":"https:\/\/agromt.news\/index.php?rest_route=%2Fwp%2Fv2%2Fcategories&post=18369"},{"taxonomy":"post_tag","embeddable":true,"href":"https:\/\/agromt.news\/index.php?rest_route=%2Fwp%2Fv2%2Ftags&post=18369"}],"curies":[{"name":"wp","href":"https:\/\/api.w.org\/{rel}","templated":true}]}}