{"id":18366,"date":"2025-08-11T12:43:49","date_gmt":"2025-08-11T16:43:49","guid":{"rendered":"https:\/\/agromt.news\/?p=18366"},"modified":"2025-08-11T12:43:49","modified_gmt":"2025-08-11T16:43:49","slug":"os-destaques-do-congresso-andav-2025","status":"publish","type":"post","link":"https:\/\/agromt.news\/?p=18366","title":{"rendered":"os destaques do Congresso ANDAV 2025"},"content":{"rendered":"<p> <br \/>\n<\/p>\n<div>\n<p style=\"text-align:justify\">Por\u00a0Fl\u00e1via Macedo<\/p>\n<p style=\"text-align:justify\">O Congresso ANDAV 2025, maior evento de distribui\u00e7\u00e3o de insumos do pa\u00eds, foi palco para o lan\u00e7amento de tecnologias e servi\u00e7os voltados a aumentar a produtividade no campo e fortalecer a conex\u00e3o entre ind\u00fastria, distribuidores e produtores. Entre as inova\u00e7\u00f5es apresentadas, um dos destaques veio da Casa Bugre, que trouxe uma vacina para combater o estresse t\u00e9rmico e h\u00eddrico das plantas. O produto, de aplica\u00e7\u00e3o preventiva, tem como objetivo evitar quedas na produtividade e j\u00e1 integra o portf\u00f3lio da empresa.&#13;\n<\/p>\n<p style=\"text-align:justify\">\u201cL\u00e1 no comecinho do plantio, a gente utiliza o VacStress. Ele prepara a planta para j\u00e1 come\u00e7ar a produ\u00e7\u00e3o dos osmoprotetores \u2014 como, por exemplo, a prolina. Ent\u00f5a, quando a planta inicia cedo a produ\u00e7\u00e3o desses osmoprotetores, ela aprende o processo. Por isso chamamos de \u2018efeito vacina\u2019: a planta aprende o que precisa fazer\u201d, diz Everton Campos, diretor de MKT da Casa Bugre.<\/p>\n<p style=\"text-align:justify\">O CEO da Companhia destaca a import\u00e2ncia de participar de um evento como a ANDAV. \u201cEsse \u00e9 o maior evento de distribui\u00e7\u00e3o no Brasil e ele d\u00e1 uma visibilidade muito grande para o nome da Casa Bugre e para as empresas que fazem parte do grupo\u201d.<\/p>\n<p style=\"text-align:justify\">Outra novidade veio da AgroCP. Refer\u00eancia em fertilizantes organominerais, a companhia passou a ofertar tamb\u00e9m produtos \u00e0 base de bioquelato, ampliando as op\u00e7\u00f5es para diferentes necessidades no campo. A empresa projeta alcan\u00e7ar R$ 1 bilh\u00e3o em faturamento em 2025, impulsionada pela expans\u00e3o do portf\u00f3lio e pela demanda crescente no setor.<\/p>\n<p style=\"text-align:justify\">&#8220;S\u00e3o fertilizantes altamente concentrados, internos e sol\u00faveis, muito afinados com as novas tecnologias de aplica\u00e7\u00e3o em drones e aplica\u00e7\u00f5es em baixos volumes. N\u00e3o \u00e9 uma qu\u00edmica, \u00e9 uma quelata\u00e7\u00e3o natural, feita atrav\u00e9s de amino\u00e1cidos. Temos certeza absoluta de que \u00e9 um portf\u00f3lio inovador, com excelente custo-benef\u00edcio, que vai se encaixar muito bem na agricultura nacional&#8221;, destaca Lucas Figueiredo, diretor de Marketing da AgroCP.<\/p>\n<p style=\"text-align:justify\">Al\u00e9m de produtos, houve lan\u00e7amentos voltados \u00e0 melhoria de relacionamento e vendas. A Sumitomo apresentou o sistema YEN, nome inspirado na moeda japonesa, criado para estreitar a rela\u00e7\u00e3o comercial entre distribuidores e produtores rurais, tornando o acesso aos insumos mais r\u00e1pido e eficiente.<\/p>\n<p style=\"text-align:justify\">&#8220;Esse programa est\u00e1 muito focado em trazer novas tecnologias e um portf\u00f3lio mais sustent\u00e1vel para o mercado brasileiro, justamente para atender \u00e0s necessidades do produtor final. Al\u00e9m disso, ele vai ajudar com uma venda mais t\u00e9cnica e diferenciada, permitindo que nossos parceiros se destaquem no mercado&#8221;, ressalta Nairo Pi\u00f1a, presidente da Sumitomo Chemical para a Am\u00e9rica Latina.\u00a0&#13;\n<\/p>\n<p style=\"text-align:justify\">Com o mesmo prop\u00f3sito de facilitar conex\u00f5es no agroneg\u00f3cio, a Agri Connection traz acesso ao mercado de insumos agr\u00edcolas. De acordo com o CEO da empresa, Fl\u00e1vio Mata, j\u00e1 s\u00e3o mais de 250 r\u00f3tulos para diversas culturas e necessidades, aproximando ind\u00fastria e distribuidoras de forma \u00e1gil.<\/p>\n<p style=\"text-align:justify\">&#8220;Podem ser empresas de produ\u00e7\u00e3o, de discovery, de desenvolvimento ou de pesquisa, que criam e fabricam produtos e depois precisam comercializ\u00e1-los. A AgriConnection nasceu para permitir que essas companhias consigam acessar o mercado agro-brasileiro.&#8221;<\/p>\n<p style=\"text-align:justify\">O evento tamb\u00e9m abriu espa\u00e7o para solu\u00e7\u00f5es tecnol\u00f3gicas voltadas \u00e0 gest\u00e3o empresarial. A Viasoft apresentou ferramentas com intelig\u00eancia artificial para otimizar tarefas do dia a dia das empresas. Com 35 anos de experi\u00eancia no desenvolvimento de softwares, a empresa busca simplificar e dar mais assertividade \u00e0s decis\u00f5es de gest\u00e3o.<\/p>\n<p style=\"text-align:justify\">&#8220;Dentro do agroneg\u00f3cio, atendemos desde o produtor rural, revendas de insumos, sementeiras, cerealistas e agroind\u00fastrias, at\u00e9 cooperativas. \u00c9 uma solu\u00e7\u00e3o ampla, que abrange todas as \u00e1reas da empresa \u2014 inclusive RH, fiscal, cont\u00e1bil e financeiro. Por isso, nos posicionamos como especialistas: porque conseguimos atender todas as demandas de uma empresa&#8221;, afirma a diretora comercial da Viasoft, Naiara Fieira.\u00a0<\/p>\n<p style=\"text-align:justify\">Entre os temas presentes na feira, o cr\u00e9dito rural ganhou destaque. O CEO da Ceres Agrobank, Oziel Ferreira, anunciou condi\u00e7\u00f5es diferenciadas para facilitar o acesso dos produtores a financiamentos, oferecendo prazos mais longos e atendimento personalizado.&#13;\n<\/p>\n<p style=\"text-align:justify\">Com estandes de mais de 250 marcas, o Congresso ANDAV recebeu visitantes de todo o Brasil. O empres\u00e1rio da Fex Agro, Daniel Barbosa, de Primavera do Leste (MT) \u00e9 um exemplo. Ele comanda uma rede de revendas com unidades em MT, GO e SP e participou do evento em busca de novidades para o neg\u00f3cio.<\/p>\n<p style=\"text-align:justify\">&#8220;\u00c9 bom participar de um evento como este porque voc\u00ea encontra velhos amigos, faz novos contatos e conhece novas oportunidades. Na minha vis\u00e3o, \u00e9 muito importante estar conectado\u201d.<\/p>\n<p style=\"text-align:justify\">Debates estrat\u00e9gicos: COP 30 e \u201ctarifa\u00e7o\u201d<\/p>\n<p style=\"text-align:justify\">A programa\u00e7\u00e3o incluiu ainda palestras e debates sobre temas estrat\u00e9gicos para o setor, como a COP 30, que ser\u00e1 realizada em novembro, em Bel\u00e9m (PA). Outro destaque foi a discuss\u00e3o sobre as perspectivas de mercado diante do chamado \u201ctarifa\u00e7o\u201d \u2014 a taxa imposta pelos Estados Unidos \u00e0s exporta\u00e7\u00f5es brasileiras.<\/p>\n<p style=\"text-align:justify\">O especialista e analista de mercado, Carlos Cogo, alertou para o momento delicado do mercado e recomendou o travamento dos pre\u00e7os das commodities como medida para evitar uma nova tens\u00e3o tarif\u00e1ria.<\/p>\n<p style=\"text-align:justify\">&#8220;Aqueles que podem ter oportunidades nessa quest\u00e3o da guerra tarif\u00e1ria, por exemplo, no caso da soja, o indicado \u00e9 se proteger imediatamente. Fazer uma venda futura num patamar maior, protegendo pelo menos 60% do custo, para aproveitar os pr\u00eamios positivos que j\u00e1 est\u00e3o sendo negociados para o pr\u00f3ximo ano \u2014 e tamb\u00e9m para este ano \u2014, e que est\u00e3o muito acima da m\u00e9dia\u201d.<\/p>\n<p style=\"text-align:justify\">\u00a0<\/p>\n<\/p><\/div>\n<p><script data-cfasync=\"false\">\n    !function (f, b, e, v, n, t, s) {\n        if (f.fbq) return; n = f.fbq = function () {\n            n.callMethod ?\n                n.callMethod.apply(n, arguments) : n.queue.push(arguments)\n        };\n        if (!f._fbq) f._fbq = n; n.push = n; n.loaded = !0; n.version = '2.0';\n        n.queue = []; t = b.createElement(e); t.async = !0;\n        t.src = v; s = b.getElementsByTagName(e)[0];\n        s.parentNode.insertBefore(t, s)\n    }(window, document, 'script',\n        'https:\/\/connect.facebook.net\/en_US\/fbevents.js');\n    fbq('init', '522546078623747');\n    fbq('track', 'PageView');\n<\/script><br \/>\n<br \/><br \/>\n<br \/><a href=\"https:\/\/www.agrolink.com.br\/noticias\/tecnologias--conexoes-e-mercado--os-destaques-do-congresso-andav-2025_504787.html\">Source link <\/a><\/p>\n","protected":false},"excerpt":{"rendered":"<p>Por\u00a0Fl\u00e1via Macedo O Congresso ANDAV 2025, maior evento de distribui\u00e7\u00e3o de insumos do pa\u00eds, foi palco para o lan\u00e7amento de<\/p>\n","protected":false},"author":1,"featured_media":18367,"comment_status":"open","ping_status":"open","sticky":false,"template":"","format":"standard","meta":{"_monsterinsights_skip_tracking":false,"_monsterinsights_sitenote_active":false,"_monsterinsights_sitenote_note":"","_monsterinsights_sitenote_category":0,"_uf_show_specific_survey":0,"_uf_disable_surveys":false,"footnotes":""},"categories":[8,1,14],"tags":[],"class_list":["post-18366","post","type-post","status-publish","format-standard","has-post-thumbnail","hentry","category-agro","category-news","category-politica-agro"],"_links":{"self":[{"href":"https:\/\/agromt.news\/index.php?rest_route=\/wp\/v2\/posts\/18366"}],"collection":[{"href":"https:\/\/agromt.news\/index.php?rest_route=\/wp\/v2\/posts"}],"about":[{"href":"https:\/\/agromt.news\/index.php?rest_route=\/wp\/v2\/types\/post"}],"author":[{"embeddable":true,"href":"https:\/\/agromt.news\/index.php?rest_route=\/wp\/v2\/users\/1"}],"replies":[{"embeddable":true,"href":"https:\/\/agromt.news\/index.php?rest_route=%2Fwp%2Fv2%2Fcomments&post=18366"}],"version-history":[{"count":0,"href":"https:\/\/agromt.news\/index.php?rest_route=\/wp\/v2\/posts\/18366\/revisions"}],"wp:featuredmedia":[{"embeddable":true,"href":"https:\/\/agromt.news\/index.php?rest_route=\/wp\/v2\/media\/18367"}],"wp:attachment":[{"href":"https:\/\/agromt.news\/index.php?rest_route=%2Fwp%2Fv2%2Fmedia&parent=18366"}],"wp:term":[{"taxonomy":"category","embeddable":true,"href":"https:\/\/agromt.news\/index.php?rest_route=%2Fwp%2Fv2%2Fcategories&post=18366"},{"taxonomy":"post_tag","embeddable":true,"href":"https:\/\/agromt.news\/index.php?rest_route=%2Fwp%2Fv2%2Ftags&post=18366"}],"curies":[{"name":"wp","href":"https:\/\/api.w.org\/{rel}","templated":true}]}}