{"id":18364,"date":"2025-08-11T12:38:46","date_gmt":"2025-08-11T16:38:46","guid":{"rendered":"https:\/\/agromt.news\/?p=18364"},"modified":"2025-08-11T12:38:46","modified_gmt":"2025-08-11T16:38:46","slug":"lula-e-alckmin-se-reunem-para-definir-plano-de-ajuda-para-setores-atingidos-por-tarifaco","status":"publish","type":"post","link":"https:\/\/agromt.news\/?p=18364","title":{"rendered":"Lula e Alckmin se re\u00fanem para definir plano de ajuda para setores atingidos por tarifa\u00e7o"},"content":{"rendered":"<p> <br \/>\n<br \/><img decoding=\"async\" src=\"https:\/\/agromt.news\/wp-content\/uploads\/2025\/08\/Lula-e-Alckmin-se-reunem-para-definir-plano-de-ajuda.jpg\" \/><\/p>\n<div>\n<p>O presidente Luiz In\u00e1cio Lula da Silva e o vice-presidente e ministro do Desenvolvimento, Ind\u00fastria, Com\u00e9rcio e Servi\u00e7os, Geraldo Alckmin, devem discutir, nesta segunda-feira (11), <a href=\"https:\/\/www.canalrural.com.br\/opiniao-noticias\/para-amenizar-tarifaco-plano-de-contingencia-deve-ter-credito-emergencial-e-compras-publicas\/\">os \u00faltimos detalhes do plano de conting\u00eancia para socorrer os setores da economia afetados pelas tarifas impostas pelos Estados Unidos<\/a> aos produtos brasileiros exportados para o pa\u00eds.<\/p>\n<p>Alckmin lidera as negocia\u00e7\u00f5es com as autoridades estadunidenses e tamb\u00e9m o di\u00e1logo com o setor produtivo nacional. Os l\u00edderes tem reuni\u00e3o marcada para a tarde de hoje.<\/p>\n<p>O plano deve ser divulgado at\u00e9 esta ter\u00e7a-feira (12) e prev\u00ea medidas de concess\u00e3o de cr\u00e9dito para as empresas mais impactadas e aumento das compras governamentais. A prioridade \u00e9 atender os pequenos produtores que n\u00e3o tem alternativas \u00e0 exporta\u00e7\u00e3o aos Estados Unidos.<\/p>\n<p><em>Veja em primeira m\u00e3o tudo sobre agricultura, pecu\u00e1ria, economia e previs\u00e3o do tempo:<\/em><a href=\"https:\/\/news.google.com\/publications\/CAAqBwgKMPKZlQswq_mqAw?hl=pt-BR&amp;gl=BR&amp;ceid=BR%3Apt-419\" target=\"_blank\" rel=\"noreferrer noopener\"><em>\u00a0siga o Canal Rural no Google News!<\/em><\/a><\/p>\n<\/div>\n<div>\n<p>Dever\u00e1 ser institu\u00eddo um par\u00e2metro para avaliar os efeitos das tarifas sobre cada setor da economia, baseado no grau de exporta\u00e7\u00f5es para o pa\u00eds.<\/p>\n<p>No \u00faltimo dia 6, entrou em vigor a tarifa de 50% imposta sobre parte das exporta\u00e7\u00f5es brasileiras para pa\u00eds norte-americano. A medida, assinada no dia 30 de julho pelo presidente dos Estados Unidos, Donald Trump, afeta 35,9% das mercadorias enviadas ao mercado norte-americano, o que representa 4% das exporta\u00e7\u00f5es brasileiras.<\/p>\n<p>Al\u00e9m do socorro aos exportadores, o governo trabalha para ampliar os setores fora do tarifa\u00e7o de Trump. Cerca de 700 produtos do Brasil n\u00e3o foram afetados e continuam a pagar 10% de tarifa. Entre eles est\u00e3o suco e polpa de laranja, combust\u00edveis, min\u00e9rios, fertilizantes e aeronaves civis, incluindo seus motores, pe\u00e7as e componentes.<\/p>\n<\/p><\/div>\n<p><br \/>\n<br \/><a href=\"https:\/\/www.canalrural.com.br\/nacional\/lula-e-alckmin-se-reunem-para-definir-plano-de-ajuda-para-setores-atingidos-por-tarifaco\/\">Source link <\/a><\/p>\n","protected":false},"excerpt":{"rendered":"<p>O presidente Luiz In\u00e1cio Lula da Silva e o vice-presidente e ministro do Desenvolvimento, Ind\u00fastria, Com\u00e9rcio e Servi\u00e7os, Geraldo Alckmin,<\/p>\n","protected":false},"author":1,"featured_media":18365,"comment_status":"open","ping_status":"open","sticky":false,"template":"","format":"standard","meta":{"_monsterinsights_skip_tracking":false,"_monsterinsights_sitenote_active":false,"_monsterinsights_sitenote_note":"","_monsterinsights_sitenote_category":0,"_uf_show_specific_survey":0,"_uf_disable_surveys":false,"footnotes":""},"categories":[1],"tags":[],"class_list":["post-18364","post","type-post","status-publish","format-standard","has-post-thumbnail","hentry","category-news"],"_links":{"self":[{"href":"https:\/\/agromt.news\/index.php?rest_route=\/wp\/v2\/posts\/18364"}],"collection":[{"href":"https:\/\/agromt.news\/index.php?rest_route=\/wp\/v2\/posts"}],"about":[{"href":"https:\/\/agromt.news\/index.php?rest_route=\/wp\/v2\/types\/post"}],"author":[{"embeddable":true,"href":"https:\/\/agromt.news\/index.php?rest_route=\/wp\/v2\/users\/1"}],"replies":[{"embeddable":true,"href":"https:\/\/agromt.news\/index.php?rest_route=%2Fwp%2Fv2%2Fcomments&post=18364"}],"version-history":[{"count":0,"href":"https:\/\/agromt.news\/index.php?rest_route=\/wp\/v2\/posts\/18364\/revisions"}],"wp:featuredmedia":[{"embeddable":true,"href":"https:\/\/agromt.news\/index.php?rest_route=\/wp\/v2\/media\/18365"}],"wp:attachment":[{"href":"https:\/\/agromt.news\/index.php?rest_route=%2Fwp%2Fv2%2Fmedia&parent=18364"}],"wp:term":[{"taxonomy":"category","embeddable":true,"href":"https:\/\/agromt.news\/index.php?rest_route=%2Fwp%2Fv2%2Fcategories&post=18364"},{"taxonomy":"post_tag","embeddable":true,"href":"https:\/\/agromt.news\/index.php?rest_route=%2Fwp%2Fv2%2Ftags&post=18364"}],"curies":[{"name":"wp","href":"https:\/\/api.w.org\/{rel}","templated":true}]}}