{"id":18357,"date":"2025-08-11T11:24:50","date_gmt":"2025-08-11T15:24:50","guid":{"rendered":"https:\/\/agromt.news\/?p=18357"},"modified":"2025-08-11T11:24:50","modified_gmt":"2025-08-11T15:24:50","slug":"feijao-com-mercado-lento-cotacoes-caem","status":"publish","type":"post","link":"https:\/\/agromt.news\/?p=18357","title":{"rendered":"Feij\u00e3o: com mercado lento, cota\u00e7\u00f5es caem"},"content":{"rendered":"<p> <br \/>\n<\/p>\n<div>\n<figure><img decoding=\"async\" src=\"https:\/\/imagens-cdn.canalrural.com.br\/wp-content\/uploads\/49488191897_a38d2485bd_c.jpg\" alt=\"feij\u00e3o-carioca ou carioquinha\" \/><figcaption>Foto: Wenderson Araujo\/Trilux\/CNA<\/figcaption><\/figure>\n<\/div>\n<p>Diante dos volumes da terceira safra, a oferta de feij\u00e3o segue alta, sobretudo nas regi\u00f5es de Goi\u00e1s e de Minas Gerais. \u00c9 isso o que apontam os levantamentos do <a href=\"https:\/\/www.canalrural.com.br\/tag\/cepea\/\">Centro de Estudos Avan\u00e7ados em Economia Aplicada (Cepea).<\/a><\/p>\n<p>Segundo pesquisadores do Cepea, mesmo com a maior disponibilidade, o ritmo de comercializa\u00e7\u00e3o se manteve lento, com empacotadores realizando reposi\u00e7\u00f5es graduais.&nbsp;<\/p>\n<ul class=\"wp-block-list\">\n<li><em>Veja em primeira m\u00e3o tudo sobre agricultura, pecu\u00e1ria, economia e previs\u00e3o do tempo: <\/em><a href=\"https:\/\/news.google.com\/publications\/CAAqLQgKIidDQklTRndnTWFoTUtFV05oYm1Gc2NuVnlZV3d1WTI5dExtSnlLQUFQAQ?hl=pt-BR&amp;gl=BR&amp;ceid=BR:pt-419\"><em>siga o Canal Rural no Google News!<\/em><\/a><\/li>\n<\/ul>\n<p>Quanto aos pre\u00e7os, recuaram na maioria das regi\u00f5es monitoradas pelo Cepea, pressionados pela seletividade dos compradores e pela prefer\u00eancia por lotes de melhor qualidade.&nbsp;<\/p>\n<p>Segundo dados da Secex, no acumulado dos \u00faltimos 12 meses, as exporta\u00e7\u00f5es brasileiras de feij\u00e3o totalizaram 438,69 mil toneladas.&nbsp;<\/p>\n<p>Somente em julho, foram 83,44 mil toneladas escoadas pelo Brasil. J\u00e1 as importa\u00e7\u00f5es de feij\u00e3o somaram apenas 16,5 mil toneladas em 12 meses.<\/p>\n<p><em>*Sob supervis\u00e3o de Luis Roberto Toledo<\/em><\/p>\n<p>O post <a href=\"https:\/\/www.canalrural.com.br\/agricultura\/feijao-com-mercado-lento-cotacoes-caem\/\">Feij\u00e3o: com mercado lento, cota\u00e7\u00f5es caem<\/a> apareceu primeiro em <a href=\"https:\/\/www.canalrural.com.br\">Canal Rural<\/a>.<\/p>\n<p><br \/>\n<br \/><a href=\"https:\/\/www.canalrural.com.br\/agricultura\/feijao-com-mercado-lento-cotacoes-caem\/\">Source link <\/a><\/p>\n","protected":false},"excerpt":{"rendered":"<p>Foto: Wenderson Araujo\/Trilux\/CNA Diante dos volumes da terceira safra, a oferta de feij\u00e3o segue alta, sobretudo nas regi\u00f5es de Goi\u00e1s<\/p>\n","protected":false},"author":1,"featured_media":3833,"comment_status":"open","ping_status":"open","sticky":false,"template":"","format":"standard","meta":{"_monsterinsights_skip_tracking":false,"_monsterinsights_sitenote_active":false,"_monsterinsights_sitenote_note":"","_monsterinsights_sitenote_category":0,"_uf_show_specific_survey":0,"_uf_disable_surveys":false,"footnotes":""},"categories":[1],"tags":[],"class_list":["post-18357","post","type-post","status-publish","format-standard","has-post-thumbnail","hentry","category-news"],"_links":{"self":[{"href":"https:\/\/agromt.news\/index.php?rest_route=\/wp\/v2\/posts\/18357"}],"collection":[{"href":"https:\/\/agromt.news\/index.php?rest_route=\/wp\/v2\/posts"}],"about":[{"href":"https:\/\/agromt.news\/index.php?rest_route=\/wp\/v2\/types\/post"}],"author":[{"embeddable":true,"href":"https:\/\/agromt.news\/index.php?rest_route=\/wp\/v2\/users\/1"}],"replies":[{"embeddable":true,"href":"https:\/\/agromt.news\/index.php?rest_route=%2Fwp%2Fv2%2Fcomments&post=18357"}],"version-history":[{"count":0,"href":"https:\/\/agromt.news\/index.php?rest_route=\/wp\/v2\/posts\/18357\/revisions"}],"wp:featuredmedia":[{"embeddable":true,"href":"https:\/\/agromt.news\/index.php?rest_route=\/wp\/v2\/media\/3833"}],"wp:attachment":[{"href":"https:\/\/agromt.news\/index.php?rest_route=%2Fwp%2Fv2%2Fmedia&parent=18357"}],"wp:term":[{"taxonomy":"category","embeddable":true,"href":"https:\/\/agromt.news\/index.php?rest_route=%2Fwp%2Fv2%2Fcategories&post=18357"},{"taxonomy":"post_tag","embeddable":true,"href":"https:\/\/agromt.news\/index.php?rest_route=%2Fwp%2Fv2%2Ftags&post=18357"}],"curies":[{"name":"wp","href":"https:\/\/api.w.org\/{rel}","templated":true}]}}