{"id":18343,"date":"2025-08-11T06:53:31","date_gmt":"2025-08-11T10:53:31","guid":{"rendered":"https:\/\/agromt.news\/?p=18343"},"modified":"2025-08-11T06:53:31","modified_gmt":"2025-08-11T10:53:31","slug":"mercado-de-feijao-mantem-cautela-no-pico-da-safra","status":"publish","type":"post","link":"https:\/\/agromt.news\/?p=18343","title":{"rendered":"Mercado de feij\u00e3o mant\u00e9m cautela no pico da safra"},"content":{"rendered":"<p> <br \/>\n<\/p>\n<div>\n<div class=\"row\">\n<div class=\"col-lg col-infos mt-0 mt-lg-0\">\n<div class=\"section-sub-title\">\n<p itemprop=\"description\">&#13;<br \/>\n                                Para o feij\u00e3o-preto, o Paran\u00e1 registra pre\u00e7os est\u00e1veis&#13;\n                            <\/p>\n<\/p><\/div>\n<div class=\"container\">\n<div class=\"row\">\n<div class=\"col-lg p-0\">\n<div>\n<div class=\"block-news-main-infos mt-3 text-start\">\n<p>                                            <strong class=\"fn\" itemprop=\"author\" style=\"color: rgb(112, 112, 112); \">&#13;<br \/>\n                                                <a href=\"https:\/\/www.agrolink.com.br\/noticias\/javascript:;\" class=\"text-uppercase\" target=\"_blank\" style=\"color: rgb(112, 112, 112); \" rel=\"noopener\">Agrolink<\/a>&#13;<br \/>\n&#13;<br \/>\n                                                    &#8211; Leonardo Gottems&#13;<br \/>\n&#13;<br \/>\n                                            <\/strong><br \/>\n                                        <\/p>\n<p>                                            <abbr><time datetime=\"2025-08-11T07:09\" itemprop=\"datePublished dateModified\">Publicado em 11\/08\/2025 \u00e0s 07:09h.<\/time><\/abbr><br \/>\n                                            <\/p><\/div>\n<\/p><\/div>\n<\/p><\/div>\n<div class=\"col-lg p-0 text-lg-end\">\n<div>\n<div id=\"mdEnviarPagina\" class=\"modal fade\" role=\"dialog\">\n<div class=\"modal-dialog\">\n<div class=\"modal-content\">\n<div class=\"modal-body\">\n<p><strong>Estimado usu\u00e1rio.<\/strong><br \/>Preencha o formul\u00e1rio abaixo para remeter a p\u00e1gina.<\/p>\n<\/p><\/div>\n<\/p><\/div>\n<\/p><\/div>\n<\/div><\/div>\n<\/p><\/div>\n<\/p><\/div>\n<\/p><\/div>\n<\/p><\/div>\n<\/p><\/div>\n<div class=\"row justify-content-md-center mt-3\">\n<div class=\"col-lg-auto col-image block-news-main-image\">\n<p>                                <img decoding=\"async\" src=\"https:\/\/www.agrolink.com.br\/upload\/imagens-resizes\/f7187c72a4414e689a9d0aa886396269_858x483.jpg\" class=\"lazyload img-fluid\" alt=\"Para o feij\u00e3o-preto, o Paran\u00e1 registra pre\u00e7os est\u00e1veis\"\/><br \/>\n                                                <span class=\"d-block mt-1\">Para o feij\u00e3o-preto, o Paran\u00e1 registra pre\u00e7os est\u00e1veis &#8211; Foto: Pixabay<\/span><\/p><\/div>\n<\/p><\/div>\n<div class=\"section-description section-description-noticias mt-3\">\n<p>O mercado de <a href=\"https:\/\/www.agrolink.com.br\/culturas\/feijao\/?utm_source=agrolink-detalhe-noticia&amp;utm_medium=detalhe-noticia&amp;utm_campaign=links-internos\" target=\"_blank\" rel=\"noopener\">feij\u00e3o<\/a> manteve nesta semana o comportamento t\u00edpico do pico da terceira safra, com press\u00e3o sobre os pre\u00e7os na base produtora e compradores mais cautelosos que ativos, segundo o Instituto Brasileiro de <a href=\"https:\/\/www.agrolink.com.br\/culturas\/feijao\/?utm_source=agrolink-detalhe-noticia&amp;utm_medium=detalhe-noticia&amp;utm_campaign=links-internos\" target=\"_blank\" rel=\"noopener\">feij\u00e3o<\/a> e Pulses (Ibrafe). No Noroeste de Minas Gerais, cerca de 75% das lavouras j\u00e1 foram colhidas e aproximadamente 45% da produ\u00e7\u00e3o comercializada. A menor safra, que pode ter recuado entre 25% e 35%, reduziu o volume tradicionalmente armazenado.&#13;\n<\/p>\n<p>No feij\u00e3o-carioca, os neg\u00f3cios oscilaram entre R$ 200 em Goi\u00e1s (mais impostos) e R$ 215 a R$ 220 em Minas e no pr\u00f3prio estado goiano. Produtores com capacidade de estocagem t\u00eam optado por segurar parte da oferta, equilibrando a necessidade de caixa com a preserva\u00e7\u00e3o de valor. Essa postura tende a manter o mercado mais firme nas pr\u00f3ximas semanas.<\/p>\n<p>Para o feij\u00e3o-preto, o Paran\u00e1 registra pre\u00e7os est\u00e1veis, mas a oferta dispon\u00edvel segue restrita. Vendedores com produto de qualidade tamb\u00e9m est\u00e3o preferindo reter a mercadoria, apostando em valoriza\u00e7\u00e3o no decorrer do segundo semestre, quando a oferta deve ser menor que no in\u00edcio do ano.&#13;\n<\/p>\n<p>Com o consumo fluindo, promo\u00e7\u00f5es no varejo e perspectiva de escassez \u00e0 frente, o setor entra em um per\u00edodo que exige cautela e planejamento. A pr\u00f3xima colheita tende a ser significativamente menor, refor\u00e7ando a import\u00e2ncia de monitorar de perto o mercado e manter estrat\u00e9gias de m\u00e9dio prazo.<\/p>\n<p>\u201cO consumidor est\u00e1 comprando, o varejo est\u00e1 promovendo, e o fluxo est\u00e1 andando. Temos pela frente um longo segundo semestre at\u00e9 a pr\u00f3xima colheita, que tende a ser muito menor do que a registrada no in\u00edcio deste ano\u2026\u201d, conclui.<br \/>&#13;<br \/>\n\u00a0<\/p>\n<\/p><\/div>\n<\/p><\/div>\n<p><script data-cfasync=\"false\">\n    !function (f, b, e, v, n, t, s) {\n        if (f.fbq) return; n = f.fbq = function () {\n            n.callMethod ?\n                n.callMethod.apply(n, arguments) : n.queue.push(arguments)\n        };\n        if (!f._fbq) f._fbq = n; n.push = n; n.loaded = !0; n.version = '2.0';\n        n.queue = []; t = b.createElement(e); t.async = !0;\n        t.src = v; s = b.getElementsByTagName(e)[0];\n        s.parentNode.insertBefore(t, s)\n    }(window, document, 'script',\n        'https:\/\/connect.facebook.net\/en_US\/fbevents.js');\n    fbq('init', '522546078623747');\n    fbq('track', 'PageView');\n<\/script><br \/>\n<br \/><br \/>\n<br \/><a href=\"https:\/\/www.agrolink.com.br\/noticias\/mercado-de-feijao-mantem-cautela-no-pico-da-safra_504790.html\">Source link <\/a><\/p>\n","protected":false},"excerpt":{"rendered":"<p>&#13; Para o feij\u00e3o-preto, o Paran\u00e1 registra pre\u00e7os est\u00e1veis&#13; &#13; Agrolink&#13; &#13; &#8211; Leonardo Gottems&#13; &#13; Publicado em 11\/08\/2025 \u00e0s<\/p>\n","protected":false},"author":1,"featured_media":2355,"comment_status":"open","ping_status":"open","sticky":false,"template":"","format":"standard","meta":{"_monsterinsights_skip_tracking":false,"_monsterinsights_sitenote_active":false,"_monsterinsights_sitenote_note":"","_monsterinsights_sitenote_category":0,"_uf_show_specific_survey":0,"_uf_disable_surveys":false,"footnotes":""},"categories":[8,1,14],"tags":[],"class_list":["post-18343","post","type-post","status-publish","format-standard","has-post-thumbnail","hentry","category-agro","category-news","category-politica-agro"],"_links":{"self":[{"href":"https:\/\/agromt.news\/index.php?rest_route=\/wp\/v2\/posts\/18343"}],"collection":[{"href":"https:\/\/agromt.news\/index.php?rest_route=\/wp\/v2\/posts"}],"about":[{"href":"https:\/\/agromt.news\/index.php?rest_route=\/wp\/v2\/types\/post"}],"author":[{"embeddable":true,"href":"https:\/\/agromt.news\/index.php?rest_route=\/wp\/v2\/users\/1"}],"replies":[{"embeddable":true,"href":"https:\/\/agromt.news\/index.php?rest_route=%2Fwp%2Fv2%2Fcomments&post=18343"}],"version-history":[{"count":0,"href":"https:\/\/agromt.news\/index.php?rest_route=\/wp\/v2\/posts\/18343\/revisions"}],"wp:featuredmedia":[{"embeddable":true,"href":"https:\/\/agromt.news\/index.php?rest_route=\/wp\/v2\/media\/2355"}],"wp:attachment":[{"href":"https:\/\/agromt.news\/index.php?rest_route=%2Fwp%2Fv2%2Fmedia&parent=18343"}],"wp:term":[{"taxonomy":"category","embeddable":true,"href":"https:\/\/agromt.news\/index.php?rest_route=%2Fwp%2Fv2%2Fcategories&post=18343"},{"taxonomy":"post_tag","embeddable":true,"href":"https:\/\/agromt.news\/index.php?rest_route=%2Fwp%2Fv2%2Ftags&post=18343"}],"curies":[{"name":"wp","href":"https:\/\/api.w.org\/{rel}","templated":true}]}}