{"id":18339,"date":"2025-08-10T19:10:30","date_gmt":"2025-08-10T23:10:30","guid":{"rendered":"https:\/\/agromt.news\/?p=18339"},"modified":"2025-08-10T19:10:30","modified_gmt":"2025-08-10T23:10:30","slug":"plano-de-contingencia-focara-empresas-afetadas-pelo-tarifaco-dos-eua","status":"publish","type":"post","link":"https:\/\/agromt.news\/?p=18339","title":{"rendered":"Plano de Conting\u00eancia focar\u00e1 empresas afetadas pelo tarifa\u00e7o dos EUA"},"content":{"rendered":"<p> <br \/>\n<\/p>\n<div>\n<p style=\"text-align:justify\">O vice-presidente da Rep\u00fablica e ministro do Desenvolvimento, Ind\u00fastria, Com\u00e9rcio e Servi\u00e7os (MDIC), Geraldo Alckmin, afirmou na quinta-feira (7) que o Plano de Conting\u00eancia do governo federal, voltado a apoiar empresas brasileiras afetadas pela tarifa adicional de 50% imposta pelos Estados Unidos, dar\u00e1 prioridade \u00e0s companhias com maior depend\u00eancia do mercado norte-americano.&#13;\n<\/p>\n<p style=\"text-align:justify\">\u201cO Plano de Conting\u00eancia \u00e9 exatamente para poder atender aquelas empresas que foram mais afetadas, que t\u00eam uma exporta\u00e7\u00e3o maior, e, [dentre estas], uma exporta\u00e7\u00e3o maior para os Estados Unidos\u201d, declarou Alckmin durante coletiva no in\u00edcio da noite na sede do MDIC.<\/p>\n<p style=\"text-align:justify\">O vice-presidente destacou que h\u00e1 setores fortemente expostos \u00e0 medida. \u201cVoc\u00ea tem setores que metade do que produzem \u00e9 para exportar; e, [dentre estes], tem setores que, do que exporta, mais da metade \u00e9 para os Estados Unidos. Ent\u00e3o foram muito expostos, est\u00e3o muito expostos\u201d, disse.&#13;\n<\/p>\n<p style=\"text-align:justify\">Segundo Alckmin, o governo segue trabalhando para reduzir a al\u00edquota e excluir o maior n\u00famero poss\u00edvel de produtos do tarifa\u00e7o. \u201cO di\u00e1logo a gente nunca pode desistir. \u00c9 perseverar, ter resili\u00eancia, mostrar que isso \u00e9 um perde-perde, \u00e9 uma coisa ruim tamb\u00e9m para os Estados Unidos, que vai encarecer os produtos americanos, romper cadeias produtivas\u201d, afirmou.<\/p>\n<p style=\"text-align:justify\">Ele relatou ainda ter se reunido nesta quinta-feira, no MDIC, com o encarregado de neg\u00f3cios da Embaixada dos Estados Unidos no Brasil, Gabriel Escobar. \u201cEle veio conversar. N\u00f3s dissemos claramente os nossos argumentos, dizendo, olha, de cada dez maiores produtos exportados [dos EUA para o Brasil], oito a al\u00edquota \u00e9 zero; a tarifa m\u00e9dia \u00e9 2,7%. Agora, se tem problema n\u00e3o-tarif\u00e1rio, vamos sentar e conversar e resolver\u201d, contou.&#13;\n<\/p>\n<p style=\"text-align:justify\">Entre os temas que podem entrar na pauta do di\u00e1logo, Alckmin citou quest\u00f5es ligadas a data centers, big techs e minerais estrat\u00e9gicos.<\/p>\n<\/p><\/div>\n<p><script data-cfasync=\"false\">\n    !function (f, b, e, v, n, t, s) {\n        if (f.fbq) return; n = f.fbq = function () {\n            n.callMethod ?\n                n.callMethod.apply(n, arguments) : n.queue.push(arguments)\n        };\n        if (!f._fbq) f._fbq = n; n.push = n; n.loaded = !0; n.version = '2.0';\n        n.queue = []; t = b.createElement(e); t.async = !0;\n        t.src = v; s = b.getElementsByTagName(e)[0];\n        s.parentNode.insertBefore(t, s)\n    }(window, document, 'script',\n        'https:\/\/connect.facebook.net\/en_US\/fbevents.js');\n    fbq('init', '522546078623747');\n    fbq('track', 'PageView');\n<\/script><br \/>\n<br \/><br \/>\n<br \/><a href=\"https:\/\/www.agrolink.com.br\/noticias\/plano-de-contingencia-focara-empresas-afetadas-pelo-tarifaco-dos-eua_504785.html\">Source link <\/a><\/p>\n","protected":false},"excerpt":{"rendered":"<p>O vice-presidente da Rep\u00fablica e ministro do Desenvolvimento, Ind\u00fastria, Com\u00e9rcio e Servi\u00e7os (MDIC), Geraldo Alckmin, afirmou na quinta-feira (7) que<\/p>\n","protected":false},"author":1,"featured_media":1623,"comment_status":"open","ping_status":"open","sticky":false,"template":"","format":"standard","meta":{"_monsterinsights_skip_tracking":false,"_monsterinsights_sitenote_active":false,"_monsterinsights_sitenote_note":"","_monsterinsights_sitenote_category":0,"_uf_show_specific_survey":0,"_uf_disable_surveys":false,"footnotes":""},"categories":[8,1,14],"tags":[],"class_list":["post-18339","post","type-post","status-publish","format-standard","has-post-thumbnail","hentry","category-agro","category-news","category-politica-agro"],"_links":{"self":[{"href":"https:\/\/agromt.news\/index.php?rest_route=\/wp\/v2\/posts\/18339"}],"collection":[{"href":"https:\/\/agromt.news\/index.php?rest_route=\/wp\/v2\/posts"}],"about":[{"href":"https:\/\/agromt.news\/index.php?rest_route=\/wp\/v2\/types\/post"}],"author":[{"embeddable":true,"href":"https:\/\/agromt.news\/index.php?rest_route=\/wp\/v2\/users\/1"}],"replies":[{"embeddable":true,"href":"https:\/\/agromt.news\/index.php?rest_route=%2Fwp%2Fv2%2Fcomments&post=18339"}],"version-history":[{"count":0,"href":"https:\/\/agromt.news\/index.php?rest_route=\/wp\/v2\/posts\/18339\/revisions"}],"wp:featuredmedia":[{"embeddable":true,"href":"https:\/\/agromt.news\/index.php?rest_route=\/wp\/v2\/media\/1623"}],"wp:attachment":[{"href":"https:\/\/agromt.news\/index.php?rest_route=%2Fwp%2Fv2%2Fmedia&parent=18339"}],"wp:term":[{"taxonomy":"category","embeddable":true,"href":"https:\/\/agromt.news\/index.php?rest_route=%2Fwp%2Fv2%2Fcategories&post=18339"},{"taxonomy":"post_tag","embeddable":true,"href":"https:\/\/agromt.news\/index.php?rest_route=%2Fwp%2Fv2%2Ftags&post=18339"}],"curies":[{"name":"wp","href":"https:\/\/api.w.org\/{rel}","templated":true}]}}