{"id":18335,"date":"2025-08-10T16:14:39","date_gmt":"2025-08-10T20:14:39","guid":{"rendered":"https:\/\/agromt.news\/?p=18335"},"modified":"2025-08-10T16:14:39","modified_gmt":"2025-08-10T20:14:39","slug":"a-trajetoria-de-luciana-dalmagro-na-avicultura","status":"publish","type":"post","link":"https:\/\/agromt.news\/?p=18335","title":{"rendered":"a trajet\u00f3ria de Luciana Dalmagro na avicultura"},"content":{"rendered":"<p> <br \/>\n<\/p>\n<div>\n<p>A <strong>Fazenda Alta Conquista<\/strong>, tamb\u00e9m chamada de <strong>Fazenda Portugal<\/strong> e sede do projeto <em>Vida de Granja<\/em>, \u00e9 hoje refer\u00eancia em <strong><a href=\"https:\/\/www.canalrural.com.br\/aves-e-suinos\/\">avicultura<\/a> sustent\u00e1vel<\/strong> e <strong>sucess\u00e3o familiar<\/strong> no Brasil. Localizada no interior de S\u00e3o Paulo, a propriedade passou de produtora de leite para um moderno complexo com 17 galp\u00f5es e capacidade para mais de 620 mil aves.<\/p>\n<p>A respons\u00e1vel por essa transforma\u00e7\u00e3o \u00e9 <strong>Luciana Dalmagro<\/strong>, farmac\u00eautica com experi\u00eancia em pesquisa cient\u00edfica e atua\u00e7\u00e3o em laborat\u00f3rios de S\u00e3o Paulo. O ponto de virada veio quando, mesmo com uma carreira est\u00e1vel, decidiu retornar \u00e0s origens para dar continuidade \u00e0 hist\u00f3ria da fam\u00edlia no campo.<\/p>\n<blockquote class=\"wp-block-quote is-layout-flow wp-block-quote-is-layout-flow\">\n<p>\u201cQuando percebi que o frango produzido aqui chegava \u00e0 mesa de fam\u00edlias no Brasil e no mundo, isso me fisgou\u201d, relembra Luciana.<\/p>\n<\/blockquote>\n<h2 class=\"wp-block-heading\" id=\"h-primeiros-passos-na-avicultura\"><strong>Primeiros passos na avicultura<\/strong><\/h2>\n<figure class=\"wp-block-image size-large\"><img fetchpriority=\"high\" decoding=\"async\" width=\"1024\" height=\"576\" alt=\"\" class=\"wp-image-4116046\"  data-lazy- src=\"https:\/\/agromt.news\/wp-content\/uploads\/2025\/08\/a-trajetoria-de-Luciana-Dalmagro-na-avicultura.jpg\"\/><img decoding=\"async\" width=\"1024\" height=\"576\" src=\"https:\/\/agromt.news\/wp-content\/uploads\/2025\/08\/a-trajetoria-de-Luciana-Dalmagro-na-avicultura.jpg\" alt=\"\" class=\"wp-image-4116046\"  \/><\/figure>\n<p>A volta ao campo foi acompanhada de uma conversa decisiva com os pais. Paulo Portugal, o pai, viu na filha n\u00e3o s\u00f3 uma sucessora, mas uma l\u00edder para modernizar a propriedade. Logo no in\u00edcio, Luciana optou por investir em tr\u00eas galp\u00f5es simultaneamente, j\u00e1 pensando na efici\u00eancia e escala da opera\u00e7\u00e3o.<\/p>\n<p>Desde ent\u00e3o, implementou <strong>gest\u00e3o profissional<\/strong>, <strong>tecnologia de ponta<\/strong> e um modelo de <strong>treinamento cont\u00ednuo<\/strong> para a equipe. Hoje, a granja combina alta produtividade com pr\u00e1ticas de bem-estar animal e gest\u00e3o estrat\u00e9gica.<\/p>\n<\/div>\n<div>\n<h2 class=\"wp-block-heading\"><strong>Tecnologia e sustentabilidade lado a lado<\/strong><\/h2>\n<p>A Fazenda Alta Conquista investe em <strong>isolamento t\u00e9rmico<\/strong>, <strong>energia solar<\/strong>, <strong>cisterna de 3 milh\u00f5es de litros<\/strong> para reaproveitamento de \u00e1gua e sistemas modernos de climatiza\u00e7\u00e3o. Essas solu\u00e7\u00f5es reduziram custos e aumentaram a efici\u00eancia.<\/p>\n<blockquote class=\"wp-block-quote is-layout-flow wp-block-quote-is-layout-flow\">\n<p>\u201cSustentabilidade, para n\u00f3s, \u00e9 efici\u00eancia. E a tecnologia \u00e9 a aliada. Nada \u00e9 feito sem avalia\u00e7\u00e3o t\u00e9cnica e econ\u00f4mica\u201d, refor\u00e7a Luciana.<\/p>\n<\/blockquote>\n<p>O manejo prioriza o <strong>bem-estar animal<\/strong>, ajustando temperatura e ambi\u00eancia de forma precisa para garantir desempenho e sa\u00fade das aves.<\/p>\n<figure class=\"wp-block-pullquote\">\n<blockquote>\n<p>\u201cO futuro da avicultura est\u00e1 em produzir melhor, com mais responsabilidade e conex\u00e3o com o consumidor. \u00c9 isso que quero continuar fazendo\u201d.<\/p>\n<p><cite>Luciana Dalmagro, avicultora e empres\u00e1ria rural<\/cite><\/p><\/blockquote>\n<\/figure>\n<figure class=\"wp-block-embed is-type-video is-provider-youtube wp-block-embed-youtube wp-embed-aspect-16-9 wp-has-aspect-ratio\">\n<p>\n<iframe title=\"Fam\u00edlia Portugal: Luciana moderniza a granja com tecnologia e sustentabilidade | Vida no Campo\" width=\"800\" height=\"450\" src=\"https:\/\/www.youtube.com\/embed\/h9nlhrzMTRQ?feature=oembed\" frameborder=\"0\" allow=\"accelerometer; autoplay; clipboard-write; encrypted-media; gyroscope; picture-in-picture; web-share\" referrerpolicy=\"strict-origin-when-cross-origin\" allowfullscreen><\/iframe><noscript><iframe title=\"Fam\u00edlia Portugal: Luciana moderniza a granja com tecnologia e sustentabilidade | Vida no Campo\" width=\"800\" height=\"450\" src=\"https:\/\/www.youtube.com\/embed\/h9nlhrzMTRQ?feature=oembed\" frameborder=\"0\" allow=\"accelerometer; autoplay; clipboard-write; encrypted-media; gyroscope; picture-in-picture; web-share\" referrerpolicy=\"strict-origin-when-cross-origin\" allowfullscreen><\/iframe><\/noscript>\n<\/p><figcaption class=\"wp-element-caption\">Vida no Campo: Toda sexta-feira, \u00e0s 11h30 da manh\u00e3, tem epis\u00f3dio novo no Interligados<br \/><\/figcaption><\/figure>\n<p><strong>Fa\u00e7a parte da nossa\u00a0<a href=\"https:\/\/chat.whatsapp.com\/KHdVAB6MSXAJBTe0S657Ip\" target=\"_blank\" rel=\"noreferrer noopener\">comunidade no WhatsApp<\/a>!<br \/><\/strong>Entre no grupo do Interligados e fique por dentro de not\u00edcias, dicas t\u00e9cnicas e novidades das cadeias de aves e su\u00ednos, al\u00e9m de acompanhar o dia a dia no campo. \u00c9 r\u00e1pido, f\u00e1cil e cheio de conte\u00fados especiais! \ud83e\udde1<br \/>\ud83d\udd17<a href=\"https:\/\/chat.whatsapp.com\/KHdVAB6MSXAJBTe0S657Ip\" target=\"_blank\" rel=\"noreferrer noopener\">\u00a0Clique aqui e junte-se a n\u00f3s<\/a>.<\/p>\n<\/p><\/div>\n<p><br \/>\n<br \/><a href=\"https:\/\/www.canalrural.com.br\/aves-e-suinos\/do-laboratorio-a-granja-a-trajetoria-de-luciana-portugal-na-avicultura\/\">Source link <\/a><\/p>\n","protected":false},"excerpt":{"rendered":"<p>A Fazenda Alta Conquista, tamb\u00e9m chamada de Fazenda Portugal e sede do projeto Vida de Granja, \u00e9 hoje refer\u00eancia em<\/p>\n","protected":false},"author":1,"featured_media":18336,"comment_status":"open","ping_status":"open","sticky":false,"template":"","format":"standard","meta":{"_monsterinsights_skip_tracking":false,"_monsterinsights_sitenote_active":false,"_monsterinsights_sitenote_note":"","_monsterinsights_sitenote_category":0,"_uf_show_specific_survey":0,"_uf_disable_surveys":false,"footnotes":""},"categories":[1],"tags":[],"class_list":["post-18335","post","type-post","status-publish","format-standard","has-post-thumbnail","hentry","category-news"],"_links":{"self":[{"href":"https:\/\/agromt.news\/index.php?rest_route=\/wp\/v2\/posts\/18335"}],"collection":[{"href":"https:\/\/agromt.news\/index.php?rest_route=\/wp\/v2\/posts"}],"about":[{"href":"https:\/\/agromt.news\/index.php?rest_route=\/wp\/v2\/types\/post"}],"author":[{"embeddable":true,"href":"https:\/\/agromt.news\/index.php?rest_route=\/wp\/v2\/users\/1"}],"replies":[{"embeddable":true,"href":"https:\/\/agromt.news\/index.php?rest_route=%2Fwp%2Fv2%2Fcomments&post=18335"}],"version-history":[{"count":0,"href":"https:\/\/agromt.news\/index.php?rest_route=\/wp\/v2\/posts\/18335\/revisions"}],"wp:featuredmedia":[{"embeddable":true,"href":"https:\/\/agromt.news\/index.php?rest_route=\/wp\/v2\/media\/18336"}],"wp:attachment":[{"href":"https:\/\/agromt.news\/index.php?rest_route=%2Fwp%2Fv2%2Fmedia&parent=18335"}],"wp:term":[{"taxonomy":"category","embeddable":true,"href":"https:\/\/agromt.news\/index.php?rest_route=%2Fwp%2Fv2%2Fcategories&post=18335"},{"taxonomy":"post_tag","embeddable":true,"href":"https:\/\/agromt.news\/index.php?rest_route=%2Fwp%2Fv2%2Ftags&post=18335"}],"curies":[{"name":"wp","href":"https:\/\/api.w.org\/{rel}","templated":true}]}}