{"id":18333,"date":"2025-08-10T15:44:33","date_gmt":"2025-08-10T19:44:33","guid":{"rendered":"https:\/\/agromt.news\/?p=18333"},"modified":"2025-08-10T15:44:33","modified_gmt":"2025-08-10T19:44:33","slug":"embrapa-inicia-etapa-decisiva-do-concurso-para-pesquisador","status":"publish","type":"post","link":"https:\/\/agromt.news\/?p=18333","title":{"rendered":"Embrapa inicia etapa decisiva do concurso para pesquisador"},"content":{"rendered":"<p> <br \/>\n<br \/><img decoding=\"async\" src=\"https:\/\/agromt.news\/wp-content\/uploads\/2025\/08\/Embrapa-inicia-etapa-decisiva-do-concurso-para-pesquisador.jpg\" \/><\/p>\n<div>\n<p>A Empresa Brasileira de Pesquisa Agropecu\u00e1ria (<a href=\"https:\/\/www.embrapa.br\/\">Embrapa) <\/a>deu in\u00edcio neste final de semana \u00e0 etapa de defesa de memorial e apresenta\u00e7\u00e3o do projeto de pesquisa do concurso para o cargo de <a href=\"https:\/\/www.canalrural.com.br\/?s=pesquisador+\">pesquisador<\/a>. As apresenta\u00e7\u00f5es come\u00e7aram neste s\u00e1bado (9) e seguem neste domingo (10), com continuidade nos dias 16, 17, 23 e 24 de agosto.<\/p>\n<p>De acordo com a estatal, essa fase ocorre de forma telepresencial e re\u00fane apenas os candidatos aprovados na prova discursiva.<\/p>\n<p>Durante a avalia\u00e7\u00e3o, a comiss\u00e3o examinadora vai analisar crit\u00e9rios como:<\/p>\n<\/div>\n<div>\n<ul class=\"wp-block-list\">\n<li>Experi\u00eancia do candidato na \u00e1rea de atua\u00e7\u00e3o escolhida;<\/li>\n<li>Capacidade de lideran\u00e7a e de trabalho em equipe, evidenciada por publica\u00e7\u00f5es em coautoria;<\/li>\n<li>Vis\u00e3o de futuro para a \u00e1rea de atua\u00e7\u00e3o;<\/li>\n<li>Qualidade da produ\u00e7\u00e3o cient\u00edfica e tecnol\u00f3gica;<\/li>\n<li>Outros aspectos relevantes para a fun\u00e7\u00e3o.<\/li>\n<\/ul>\n<p>A previs\u00e3o \u00e9 que o concurso para pesquisador seja homologado em outubro, ap\u00f3s as etapas de avalia\u00e7\u00e3o de t\u00edtulos e desempate de notas.<\/p>\n<h3 class=\"wp-block-heading\" id=\"h-outros-cargos-em-andamento-no-concurso\">Outros cargos em andamento no concurso <\/h3>\n<p>Al\u00e9m da sele\u00e7\u00e3o para pesquisadores, a Embrapa tamb\u00e9m deve homologar ainda em agosto o concurso para os cargos de assistente, t\u00e9cnico e analista. Segundo a diretora de Administra\u00e7\u00e3o da empresa, Selma Beltr\u00e3o, o processo est\u00e1 na fase final de desempate de notas e a expectativa \u00e9 de que as convoca\u00e7\u00f5es comecem em setembro, com contrata\u00e7\u00f5es a partir de outubro.<\/p>\n<\/p><\/div>\n<p><br \/>\n<br \/><a href=\"https:\/\/www.canalrural.com.br\/nacional\/embrapa-inicia-etapa-decisiva-do-concurso-para-pesquisador\/\">Source link <\/a><\/p>\n","protected":false},"excerpt":{"rendered":"<p>A Empresa Brasileira de Pesquisa Agropecu\u00e1ria (Embrapa) deu in\u00edcio neste final de semana \u00e0 etapa de defesa de memorial e<\/p>\n","protected":false},"author":1,"featured_media":18334,"comment_status":"open","ping_status":"open","sticky":false,"template":"","format":"standard","meta":{"_monsterinsights_skip_tracking":false,"_monsterinsights_sitenote_active":false,"_monsterinsights_sitenote_note":"","_monsterinsights_sitenote_category":0,"_uf_show_specific_survey":0,"_uf_disable_surveys":false,"footnotes":""},"categories":[1],"tags":[],"class_list":["post-18333","post","type-post","status-publish","format-standard","has-post-thumbnail","hentry","category-news"],"_links":{"self":[{"href":"https:\/\/agromt.news\/index.php?rest_route=\/wp\/v2\/posts\/18333"}],"collection":[{"href":"https:\/\/agromt.news\/index.php?rest_route=\/wp\/v2\/posts"}],"about":[{"href":"https:\/\/agromt.news\/index.php?rest_route=\/wp\/v2\/types\/post"}],"author":[{"embeddable":true,"href":"https:\/\/agromt.news\/index.php?rest_route=\/wp\/v2\/users\/1"}],"replies":[{"embeddable":true,"href":"https:\/\/agromt.news\/index.php?rest_route=%2Fwp%2Fv2%2Fcomments&post=18333"}],"version-history":[{"count":0,"href":"https:\/\/agromt.news\/index.php?rest_route=\/wp\/v2\/posts\/18333\/revisions"}],"wp:featuredmedia":[{"embeddable":true,"href":"https:\/\/agromt.news\/index.php?rest_route=\/wp\/v2\/media\/18334"}],"wp:attachment":[{"href":"https:\/\/agromt.news\/index.php?rest_route=%2Fwp%2Fv2%2Fmedia&parent=18333"}],"wp:term":[{"taxonomy":"category","embeddable":true,"href":"https:\/\/agromt.news\/index.php?rest_route=%2Fwp%2Fv2%2Fcategories&post=18333"},{"taxonomy":"post_tag","embeddable":true,"href":"https:\/\/agromt.news\/index.php?rest_route=%2Fwp%2Fv2%2Ftags&post=18333"}],"curies":[{"name":"wp","href":"https:\/\/api.w.org\/{rel}","templated":true}]}}