{"id":18308,"date":"2025-08-09T18:30:29","date_gmt":"2025-08-09T22:30:29","guid":{"rendered":"https:\/\/agromt.news\/?p=18308"},"modified":"2025-08-09T18:30:29","modified_gmt":"2025-08-09T22:30:29","slug":"arroba-do-boi-gordo-sobe-3-na-semana-qual-a-tendencia-no-curto-prazo","status":"publish","type":"post","link":"https:\/\/agromt.news\/?p=18308","title":{"rendered":"Arroba do boi gordo sobe 3% na semana; qual a tend\u00eancia no curto prazo?"},"content":{"rendered":"<p> <br \/>\n<\/p>\n<div>\n<p>O mercado brasileiro de boi gordo registrou alta nas cota\u00e7\u00f5es ao longo da semana. Para o analista da consultoria Safras &amp; Mercado Fernando Henrique Iglesias, a perspectiva \u00e9 de continuidade desse movimento no curto prazo.<\/p>\n<p>Segundo ele, os frigor\u00edficos, em especial os de menor porte, operam com escalas de abate encurtadas, posicionadas entre seis e sete dias \u00fateis na m\u00e9dia nacional, tendo que desembolsar maiores valores nas aquisi\u00e7\u00f5es dos animais.<\/p>\n<p>\u201cAs exporta\u00e7\u00f5es de carne bovina tamb\u00e9m deram uma \u00f3tima resposta em julho, com uma perspectiva bastante favor\u00e1vel para as pr\u00f3ximas semanas, com expectativas de incremento na demanda asi\u00e1tica e com uma boa participa\u00e7\u00e3o mexicana nas compras de carne bovina do Brasil\u201d, destacou.<\/p>\n<p>Os pre\u00e7os da arroba do boi gordo na modalidade a prazo nas principais pra\u00e7as de comercializa\u00e7\u00e3o do Brasil estavam assim nesta \u00faltima sexta (8) em compara\u00e7\u00e3o ao dia 1 de agosto:<\/p>\n<ul class=\"wp-block-list\">\n<li><strong>S\u00e3o Paulo (Capital):<\/strong> R$ 310, alta de 3,33% frente aos R$ 300<\/li>\n<li><strong>Goi\u00e1s (Goi\u00e2nia):<\/strong> R$ 295, avan\u00e7o de 3,51% perante os R$ 285<\/li>\n<li><strong>Minas Gerais (Uberaba): <\/strong>R$ 300, aumento de 3,45% ante os R$ 290<\/li>\n<li><strong>Mato Grosso do Sul (Dourados):<\/strong> R$ 315, valoriza\u00e7\u00e3o de 3,28% em compara\u00e7\u00e3o aos R$ 305<\/li>\n<li><strong>Mato Grosso (Cuiab\u00e1):<\/strong> R$ 300, alta de 1,69% frente aos R$ 295<\/li>\n<li><strong>Rond\u00f4nia (Vilhena):<\/strong> R$ 270, avan\u00e7o de 1,89% em rela\u00e7\u00e3o aos R$ 265<\/li>\n<\/ul>\n<\/div>\n<div>\n<h2 class=\"wp-block-heading\" id=\"h-mercado-atacadista\">Mercado atacadista<\/h2>\n<p>Iglesias comenta que o mercado atacadista voltou a apresentar alta em seus pre\u00e7os no decorrer da semana e a perspectiva \u00e9 de continuidade desse movimento no curto prazo, em linha com o bom potencial de consumo durante a primeira quinzena do m\u00eas.<\/p>\n<p>Ele comenta, por\u00e9m, que a maior competitividade das prote\u00ednas concorrentes, com \u00eanfase para a carne de frango, ainda \u00e9 uma vari\u00e1vel determinante a ser considerada no curto prazo.<\/p>\n<pre class=\"wp-block-code\"><code>O quarto do traseiro do boi foi cotado a R$ 23 o quilo, aumento de 7,48% frente aos R$ 21,40 praticado na semana passada. J\u00e1 o quarto do dianteiro do boi foi vendido por R$ 17,80 o\nquilo, avan\u00e7o de 1,71% ante os R$ 17,50 registrados na semana anterior.<\/code><\/pre>\n<h2 class=\"wp-block-heading\" id=\"h-exportacoes-de-carne-bovina\">Exporta\u00e7\u00f5es de carne bovina<\/h2>\n<figure class=\"wp-block-image size-large\"><img fetchpriority=\"high\" decoding=\"async\" width=\"1024\" height=\"683\" src=\"https:\/\/agromt.news\/wp-content\/uploads\/2024\/09\/Escalas-de-abate-garantem-precos-mais-altos-para-a-arroba.jpg\" alt=\"carne bovina frigor\u00edficos\" class=\"wp-image-4010509\"  \/><figcaption class=\"wp-element-caption\">Foto: Freepik<\/figcaption><\/figure>\n<pre class=\"wp-block-code\"><code>As exporta\u00e7\u00f5es de carne bovina fresca, congelada ou refrigerada do Brasil renderam US$ 1,536 bilh\u00e3o em julho (23 dias \u00fateis), com m\u00e9dia di\u00e1ria de US$ 66,824 milh\u00f5es, segundo dados da Secretaria de Com\u00e9rcio Exterior <strong><a href=\"https:\/\/www.canalrural.com.br\/tag\/secex\/\">(Secex)<\/a><\/strong>.<\/code><\/pre>\n<p>A quantidade total exportada pelo pa\u00eds chegou a 276,879 mil toneladas, com m\u00e9dia di\u00e1ria de 12,038 mil toneladas. <\/p>\n<p>O pre\u00e7o m\u00e9dio da tonelada ficou em US$ 5.551,00. Em rela\u00e7\u00e3o a julho de 2024, houve alta de 46,9% no valor m\u00e9dio di\u00e1rio da exporta\u00e7\u00e3o, ganho de 16,7% na quantidade m\u00e9dia di\u00e1ria exportada e avan\u00e7o de 25,9% no pre\u00e7o m\u00e9dio.<\/p>\n<\/p><\/div>\n<p><br \/>\n<br \/><a href=\"https:\/\/www.canalrural.com.br\/pecuaria\/arroba-do-boi-gordo-sobe-3-na-semana-qual-a-tendencia-no-curto-prazo\/\">Source link <\/a><\/p>\n","protected":false},"excerpt":{"rendered":"<p>O mercado brasileiro de boi gordo registrou alta nas cota\u00e7\u00f5es ao longo da semana. Para o analista da consultoria Safras<\/p>\n","protected":false},"author":1,"featured_media":13736,"comment_status":"open","ping_status":"open","sticky":false,"template":"","format":"standard","meta":{"_monsterinsights_skip_tracking":false,"_monsterinsights_sitenote_active":false,"_monsterinsights_sitenote_note":"","_monsterinsights_sitenote_category":0,"_uf_show_specific_survey":0,"_uf_disable_surveys":false,"footnotes":""},"categories":[1],"tags":[],"class_list":["post-18308","post","type-post","status-publish","format-standard","has-post-thumbnail","hentry","category-news"],"_links":{"self":[{"href":"https:\/\/agromt.news\/index.php?rest_route=\/wp\/v2\/posts\/18308"}],"collection":[{"href":"https:\/\/agromt.news\/index.php?rest_route=\/wp\/v2\/posts"}],"about":[{"href":"https:\/\/agromt.news\/index.php?rest_route=\/wp\/v2\/types\/post"}],"author":[{"embeddable":true,"href":"https:\/\/agromt.news\/index.php?rest_route=\/wp\/v2\/users\/1"}],"replies":[{"embeddable":true,"href":"https:\/\/agromt.news\/index.php?rest_route=%2Fwp%2Fv2%2Fcomments&post=18308"}],"version-history":[{"count":0,"href":"https:\/\/agromt.news\/index.php?rest_route=\/wp\/v2\/posts\/18308\/revisions"}],"wp:featuredmedia":[{"embeddable":true,"href":"https:\/\/agromt.news\/index.php?rest_route=\/wp\/v2\/media\/13736"}],"wp:attachment":[{"href":"https:\/\/agromt.news\/index.php?rest_route=%2Fwp%2Fv2%2Fmedia&parent=18308"}],"wp:term":[{"taxonomy":"category","embeddable":true,"href":"https:\/\/agromt.news\/index.php?rest_route=%2Fwp%2Fv2%2Fcategories&post=18308"},{"taxonomy":"post_tag","embeddable":true,"href":"https:\/\/agromt.news\/index.php?rest_route=%2Fwp%2Fv2%2Ftags&post=18308"}],"curies":[{"name":"wp","href":"https:\/\/api.w.org\/{rel}","templated":true}]}}