{"id":18307,"date":"2025-08-09T17:33:48","date_gmt":"2025-08-09T21:33:48","guid":{"rendered":"https:\/\/agromt.news\/?p=18307"},"modified":"2025-08-09T17:33:48","modified_gmt":"2025-08-09T21:33:48","slug":"trigo-fecha-a-semana-em-queda-em-chicago","status":"publish","type":"post","link":"https:\/\/agromt.news\/?p=18307","title":{"rendered":"Trigo fecha a semana em queda em Chicago"},"content":{"rendered":"<p> <br \/>\n<\/p>\n<div>\n<div class=\"row\">\n<div class=\"col-lg col-infos mt-0 mt-lg-0\">\n<div class=\"section-sub-title\">\n<p itemprop=\"description\">&#13;<br \/>\n                                Trigo de inverno atinge 86% da colheita nos EUA&#13;\n                            <\/p>\n<\/p><\/div>\n<div class=\"container\">\n<div class=\"row\">\n<div class=\"col-lg p-0\">\n<div>\n<div class=\"block-news-main-infos mt-3 text-start\">\n<p>                                            <strong class=\"fn\" itemprop=\"author\" style=\"color: rgb(112, 112, 112); \">&#13;<br \/>\n                                                <a href=\"https:\/\/www.agrolink.com.br\/noticias\/javascript:;\" class=\"text-uppercase\" target=\"_blank\" style=\"color: rgb(112, 112, 112); \" rel=\"noopener\">Agrolink<\/a>&#13;<br \/>\n&#13;<br \/>\n                                                    &#8211; Seane Lennon&#13;<br \/>\n&#13;<br \/>\n                                            <\/strong><br \/>\n                                        <\/p>\n<p>                                            <abbr><time datetime=\"2025-08-08T15:33\" itemprop=\"datePublished dateModified\">Publicado em 08\/08\/2025 \u00e0s 15:33h.<\/time><\/abbr><br \/>\n                                            <\/p><\/div>\n<\/p><\/div>\n<\/p><\/div>\n<div class=\"col-lg p-0 text-lg-end\">\n<div>\n<div id=\"mdEnviarPagina\" class=\"modal fade\" role=\"dialog\">\n<div class=\"modal-dialog\">\n<div class=\"modal-content\">\n<div class=\"modal-body\">\n<p><strong>Estimado usu\u00e1rio.<\/strong><br \/>Preencha o formul\u00e1rio abaixo para remeter a p\u00e1gina.<\/p>\n<\/p><\/div>\n<\/p><\/div>\n<\/p><\/div>\n<\/div><\/div>\n<\/p><\/div>\n<\/p><\/div>\n<\/p><\/div>\n<\/p><\/div>\n<\/p><\/div>\n<div class=\"row justify-content-md-center mt-3\">\n<div class=\"col-lg-auto col-image block-news-main-image\">\n<p>                                <img decoding=\"async\" src=\"https:\/\/www.agrolink.com.br\/upload\/imagens-resizes\/bdbd84628af24cc9818c4277949fc2c0_858x483.jpg\" class=\"lazyload img-fluid\"\/><br \/>\n                                                <span class=\"publicity-photo d-block mt-1\">Foto: Canva<\/span><\/p><\/div>\n<\/p><\/div>\n<div class=\"section-description section-description-noticias mt-3\">\n<p style=\"text-align:justify\">A cota\u00e7\u00e3o do <a href=\"https:\/\/www.agrolink.com.br\/culturas\/trigo\/?utm_source=agrolink-detalhe-noticia&amp;utm_medium=detalhe-noticia&amp;utm_campaign=links-internos\" target=\"_blank\" rel=\"noopener\">trigo<\/a> para o primeiro m\u00eas negociado na Bolsa de Chicago apresentou queda na semana entre 1\u00ba e 7 de agosto, segundo an\u00e1lise da Central Internacional de An\u00e1lises Econ\u00f4micas e de Estudos de Mercado Agropecu\u00e1rio (Ceema), divulgada nesta quinta-feira (7). O pre\u00e7o chegou a US$ 5,08 por bushel no dia 6, mas registrou leve recupera\u00e7\u00e3o no dia seguinte, encerrando a quinta-feira a US$ 5,18. O valor ainda se mant\u00e9m abaixo da cota\u00e7\u00e3o de US$ 5,23 observada na semana anterior. A m\u00e9dia de julho ficou em US$ 5,40 por bushel, repetindo o desempenho de junho.&#13;\n<\/p>\n<p style=\"text-align:justify\">Nos Estados Unidos, a colheita do trigo de inverno alcan\u00e7ava 86% da \u00e1rea semeada at\u00e9 o dia 3 de agosto, resultado pr\u00f3ximo da m\u00e9dia hist\u00f3rica de 87% para o mesmo per\u00edodo. A colheita do trigo de primavera, por sua vez, atingia 5% da \u00e1rea plantada, abaixo dos 9% registrados na m\u00e9dia hist\u00f3rica. Em rela\u00e7\u00e3o \u00e0s condi\u00e7\u00f5es das lavouras de primavera ainda em campo, 48% estavam classificadas entre boas a excelentes, 35% regulares e 17% entre ruins a muito ruins.&#13;\n<\/p>\n<p style=\"text-align:justify\">No mesmo intervalo, os Estados Unidos embarcaram 599.595 toneladas de trigo, volume que ficou no limite superior das expectativas do mercado. Com esse desempenho, o total exportado no atual ano comercial soma 3,9 milh\u00f5es de toneladas, n\u00famero 9% superior ao registrado no mesmo per\u00edodo do ano anterior.&#13;\n<\/p>\n<\/p><\/div>\n<\/p><\/div>\n<p><script data-cfasync=\"false\">\n    !function (f, b, e, v, n, t, s) {\n        if (f.fbq) return; n = f.fbq = function () {\n            n.callMethod ?\n                n.callMethod.apply(n, arguments) : n.queue.push(arguments)\n        };\n        if (!f._fbq) f._fbq = n; n.push = n; n.loaded = !0; n.version = '2.0';\n        n.queue = []; t = b.createElement(e); t.async = !0;\n        t.src = v; s = b.getElementsByTagName(e)[0];\n        s.parentNode.insertBefore(t, s)\n    }(window, document, 'script',\n        'https:\/\/connect.facebook.net\/en_US\/fbevents.js');\n    fbq('init', '522546078623747');\n    fbq('track', 'PageView');\n<\/script><br \/>\n<br \/><br \/>\n<br \/><a href=\"https:\/\/www.agrolink.com.br\/noticias\/trigo-fecha-a-semana-em-queda-em-chicago_504775.html\">Source link <\/a><\/p>\n","protected":false},"excerpt":{"rendered":"<p>&#13; Trigo de inverno atinge 86% da colheita nos EUA&#13; &#13; Agrolink&#13; &#13; &#8211; Seane Lennon&#13; &#13; Publicado em 08\/08\/2025<\/p>\n","protected":false},"author":1,"featured_media":6305,"comment_status":"open","ping_status":"open","sticky":false,"template":"","format":"standard","meta":{"_monsterinsights_skip_tracking":false,"_monsterinsights_sitenote_active":false,"_monsterinsights_sitenote_note":"","_monsterinsights_sitenote_category":0,"_uf_show_specific_survey":0,"_uf_disable_surveys":false,"footnotes":""},"categories":[8,1,14],"tags":[],"class_list":["post-18307","post","type-post","status-publish","format-standard","has-post-thumbnail","hentry","category-agro","category-news","category-politica-agro"],"_links":{"self":[{"href":"https:\/\/agromt.news\/index.php?rest_route=\/wp\/v2\/posts\/18307"}],"collection":[{"href":"https:\/\/agromt.news\/index.php?rest_route=\/wp\/v2\/posts"}],"about":[{"href":"https:\/\/agromt.news\/index.php?rest_route=\/wp\/v2\/types\/post"}],"author":[{"embeddable":true,"href":"https:\/\/agromt.news\/index.php?rest_route=\/wp\/v2\/users\/1"}],"replies":[{"embeddable":true,"href":"https:\/\/agromt.news\/index.php?rest_route=%2Fwp%2Fv2%2Fcomments&post=18307"}],"version-history":[{"count":0,"href":"https:\/\/agromt.news\/index.php?rest_route=\/wp\/v2\/posts\/18307\/revisions"}],"wp:featuredmedia":[{"embeddable":true,"href":"https:\/\/agromt.news\/index.php?rest_route=\/wp\/v2\/media\/6305"}],"wp:attachment":[{"href":"https:\/\/agromt.news\/index.php?rest_route=%2Fwp%2Fv2%2Fmedia&parent=18307"}],"wp:term":[{"taxonomy":"category","embeddable":true,"href":"https:\/\/agromt.news\/index.php?rest_route=%2Fwp%2Fv2%2Fcategories&post=18307"},{"taxonomy":"post_tag","embeddable":true,"href":"https:\/\/agromt.news\/index.php?rest_route=%2Fwp%2Fv2%2Ftags&post=18307"}],"curies":[{"name":"wp","href":"https:\/\/api.w.org\/{rel}","templated":true}]}}