{"id":18304,"date":"2025-08-09T15:36:02","date_gmt":"2025-08-09T19:36:02","guid":{"rendered":"https:\/\/agromt.news\/?p=18304"},"modified":"2025-08-09T15:36:02","modified_gmt":"2025-08-09T19:36:02","slug":"preco-ao-produtor-agropecuario-sobe-18-no-1o-semestre","status":"publish","type":"post","link":"https:\/\/agromt.news\/?p=18304","title":{"rendered":"Pre\u00e7o ao produtor agropecu\u00e1rio sobe 18% no 1\u00ba semestre"},"content":{"rendered":"<p> <br \/>\n<\/p>\n<div>\n<p style=\"text-align:justify\">Os pre\u00e7os pagos aos produtores agropecu\u00e1rios apresentaram forte avan\u00e7o no primeiro semestre de 2025. Segundo c\u00e1lculos do Cepea (Centro de Estudos Avan\u00e7ados em Economia Aplicada), da Esalq\/USP, o IPPA\/Cepea (\u00cdndice de Pre\u00e7os ao Produtor de Grupos de Produtos Agropecu\u00e1rios) cresceu 18,4% no primeiro semestre deste ano frente ao mesmo per\u00edodo de 2024.&#13;\n<\/p>\n<p style=\"text-align:justify\">O avan\u00e7o do IPPA\/Cepea ficou bem acima do registrado para os pre\u00e7os internacionais dos alimentos (FMI Food &amp; Beverage Index \u2013 em US$), que subiram apenas 0,2% no primeiro semestre de 2025. No mesmo per\u00edodo, os industriais (IPA-OG-DI produtos industriais) registraram alta de 5,6% e a taxa de c\u00e2mbio (R$\/US$) se valorizou 13,2%.<\/p>\n<p style=\"text-align:justify\">De acordo com pesquisadores do Cepea, a eleva\u00e7\u00e3o do IPPA\/Cepea no in\u00edcio deste ano est\u00e1 relacionada \u00e0s fortes altas observadas para o IPPA-Cana-Caf\u00e9\/Cepea, de 32,6%, para o IPPA-Pecu\u00e1ria\/Cepea, de 27,3%, e para o IPPA-Gr\u00e3os\/Cepea, de 8,9%. J\u00e1 o IPPA-Hortifrut\u00edcolas\/Cepea apresentou baixa no primeiro semestre de 2025, de 12,4%.<\/p>\n<p style=\"text-align:justify\">No caso do IPPA-Cana-Caf\u00e9\/Cepea, o avan\u00e7o do \u00cdndice se deve especificamente \u00e0s expressivas altas do caf\u00e9 nos tr\u00eas primeiros meses de 2025, j\u00e1 que houve queda de 1,6% no segundo trimestre deste ano. Vale lembrar que levantamento do Cepea mostrou que o caf\u00e9 foi negociado no mercado brasileiro a patamares recordes reais no primeiro trimestre de 2025, impulsionados pela oferta limitada do gr\u00e3o, pelos estoques apertados por conta da menor produ\u00e7\u00e3o no Brasil e no Vietn\u00e3, pela demanda internacional firme e tamb\u00e9m por proje\u00e7\u00f5es que indicavam uma safra 2025\/26 ainda pequena. No caso da cana, houve estabilidade (0,4%) entre o primeiro semestre deste ano e o mesmo per\u00edodo de 2024.&#13;\n<\/p>\n<p style=\"text-align:justify\">Para o IPPA-Pecu\u00e1ria\/Cepea, todos os produtos que comp\u00f5em o \u00cdndice subiram no primeiro semestre de 2025: arroba bovina (36%), su\u00edno (29,6%), leite (16,6%), ovos (16,5%) e frango (15%). Quanto ao IPPA-Gr\u00e3os\/Cepea, o \u00cdndice foi influenciado pelas valoriza\u00e7\u00f5es observadas para o algod\u00e3o (5,6%), milho (27,7%), soja (4,4%) e trigo (13,7%). J\u00e1 para o arroz, as cota\u00e7\u00f5es recuaram com certa for\u00e7a no primeiro semestre, expressivos 26,3%.<\/p>\n<p style=\"text-align:justify\">J\u00e1 para o IPPA-Hortifrut\u00edcolas\/Cepea, observa-se queda de 12,4% no \u00cdndice, o que se deve \u00e0s retra\u00e7\u00f5es observadas para a batata (de significativos -51,3%), tomate (-20,5%), banana (-20,2%) e uva (-2,7%). Para a laranja, foi registrada estabilidade (0,1%).<\/p>\n<p style=\"text-align:justify\"><strong>IPPA X PRE\u00c7OS INTERNACIONAIS <\/strong>\u2013 Pesquisadores do Cepea indicam que o IPPA\/Cepea nominal apresenta expressiva ader\u00eancia com o FMI Food &amp; Beverage Index (em R$) entre 2001 e 2025, sendo um indicativo forte da vig\u00eancia da Paridade Pre\u00e7os Internacionais (PPI) entre os pre\u00e7os aos produtores agropecu\u00e1rios do Brasil e a m\u00e9dia desses pre\u00e7os praticados no mercado internacional internalizados. Em determinados subper\u00edodos, observam-se desvios moderados entre essas s\u00e9ries, possivelmente causados pela rigidez nos processos de ajuste de mercado. Por exemplo, em 2024, o IPPA\/Cepea nominal foi superado pelo FMI Food &amp; Beverage Index (em R$).&#13;\n<\/p>\n<p style=\"text-align:justify\">Ap\u00f3s iniciar 2025 em acelera\u00e7\u00e3o, o IPPA\/Cepea nominal perdeu ritmo no \u00faltimo trimestre, o que se refletiu em queda de 2% entre os dois primeiros trimestres de 2025. Em paralelo, o FMI Food &amp; Beverage Index (em R$) manteve tend\u00eancia de desacelera\u00e7\u00e3o desde o in\u00edcio do ano, com recuo de 7,6% entre os trimestres.<\/p>\n<p style=\"text-align:justify\">\u00a0<\/p>\n<\/p><\/div>\n<p><script data-cfasync=\"false\">\n    !function (f, b, e, v, n, t, s) {\n        if (f.fbq) return; n = f.fbq = function () {\n            n.callMethod ?\n                n.callMethod.apply(n, arguments) : n.queue.push(arguments)\n        };\n        if (!f._fbq) f._fbq = n; n.push = n; n.loaded = !0; n.version = '2.0';\n        n.queue = []; t = b.createElement(e); t.async = !0;\n        t.src = v; s = b.getElementsByTagName(e)[0];\n        s.parentNode.insertBefore(t, s)\n    }(window, document, 'script',\n        'https:\/\/connect.facebook.net\/en_US\/fbevents.js');\n    fbq('init', '522546078623747');\n    fbq('track', 'PageView');\n<\/script><br \/>\n<br \/><br \/>\n<br \/><a href=\"https:\/\/www.agrolink.com.br\/noticias\/preco-ao-produtor-agropecuario-sobe-18--no-1--semestre_504776.html\">Source link <\/a><\/p>\n","protected":false},"excerpt":{"rendered":"<p>Os pre\u00e7os pagos aos produtores agropecu\u00e1rios apresentaram forte avan\u00e7o no primeiro semestre de 2025. Segundo c\u00e1lculos do Cepea (Centro de<\/p>\n","protected":false},"author":1,"featured_media":4718,"comment_status":"open","ping_status":"open","sticky":false,"template":"","format":"standard","meta":{"_monsterinsights_skip_tracking":false,"_monsterinsights_sitenote_active":false,"_monsterinsights_sitenote_note":"","_monsterinsights_sitenote_category":0,"_uf_show_specific_survey":0,"_uf_disable_surveys":false,"footnotes":""},"categories":[8,1,14],"tags":[],"class_list":["post-18304","post","type-post","status-publish","format-standard","has-post-thumbnail","hentry","category-agro","category-news","category-politica-agro"],"_links":{"self":[{"href":"https:\/\/agromt.news\/index.php?rest_route=\/wp\/v2\/posts\/18304"}],"collection":[{"href":"https:\/\/agromt.news\/index.php?rest_route=\/wp\/v2\/posts"}],"about":[{"href":"https:\/\/agromt.news\/index.php?rest_route=\/wp\/v2\/types\/post"}],"author":[{"embeddable":true,"href":"https:\/\/agromt.news\/index.php?rest_route=\/wp\/v2\/users\/1"}],"replies":[{"embeddable":true,"href":"https:\/\/agromt.news\/index.php?rest_route=%2Fwp%2Fv2%2Fcomments&post=18304"}],"version-history":[{"count":0,"href":"https:\/\/agromt.news\/index.php?rest_route=\/wp\/v2\/posts\/18304\/revisions"}],"wp:featuredmedia":[{"embeddable":true,"href":"https:\/\/agromt.news\/index.php?rest_route=\/wp\/v2\/media\/4718"}],"wp:attachment":[{"href":"https:\/\/agromt.news\/index.php?rest_route=%2Fwp%2Fv2%2Fmedia&parent=18304"}],"wp:term":[{"taxonomy":"category","embeddable":true,"href":"https:\/\/agromt.news\/index.php?rest_route=%2Fwp%2Fv2%2Fcategories&post=18304"},{"taxonomy":"post_tag","embeddable":true,"href":"https:\/\/agromt.news\/index.php?rest_route=%2Fwp%2Fv2%2Ftags&post=18304"}],"curies":[{"name":"wp","href":"https:\/\/api.w.org\/{rel}","templated":true}]}}