{"id":18302,"date":"2025-08-09T14:29:33","date_gmt":"2025-08-09T18:29:33","guid":{"rendered":"https:\/\/agromt.news\/?p=18302"},"modified":"2025-08-09T14:29:33","modified_gmt":"2025-08-09T18:29:33","slug":"saiba-como-a-isencao-para-eventos-climaticos-extremos-pode-beneficiar-produtores","status":"publish","type":"post","link":"https:\/\/agromt.news\/?p=18302","title":{"rendered":"saiba como a isen\u00e7\u00e3o para eventos clim\u00e1ticos extremos pode beneficiar produtores"},"content":{"rendered":"<p> <br \/>\n<\/p>\n<div>\n<p>Pecuaristas, o per\u00edodo para a declara\u00e7\u00e3o do <strong>Imposto sobre a Propriedade Territorial Rural (ITR 2025)<\/strong> come\u00e7a na pr\u00f3xima segunda-feira (11) e traz novidades importantes que podem beneficiar produtores rurais. Assista ao v\u00eddeo abaixo e confira as atualiza\u00e7\u00f5es.<\/p>\n<figure class=\"wp-block-embed is-type-video is-provider-youtube wp-block-embed-youtube wp-embed-aspect-16-9 wp-has-aspect-ratio\">\n<p>\n<iframe title=\"ITR 2025 PODE TER ISEN\u00c7\u00c3O PARA EVENTOS CLIM\u00c1TICOS EXTREMOS. FIQUE POR DENTRO\" width=\"800\" height=\"450\" src=\"https:\/\/www.youtube.com\/embed\/Ghi-s1wsLsk?feature=oembed\" frameborder=\"0\" allow=\"accelerometer; autoplay; clipboard-write; encrypted-media; gyroscope; picture-in-picture; web-share\" referrerpolicy=\"strict-origin-when-cross-origin\" allowfullscreen><\/iframe>\n<\/p>\n<\/figure>\n<p>Uma das mais relevantes \u00e9 a possibilidade de <strong>isen\u00e7\u00e3o<\/strong> para fazendas afetadas por enchentes, um al\u00edvio em meio aos desafios impostos por eventos clim\u00e1ticos extremos.<\/p>\n<p>Nesta sexta-feira (8), o advogado <strong>Pedro Puttini Mendes<\/strong>, especialista em legisla\u00e7\u00e3o rural e ambiental, esclareceu o tema no quadro \u201cDireito Agr\u00e1rio\u201d do programa <strong>Giro do Boi<\/strong>.<\/p>\n<p>Ele refor\u00e7ou a import\u00e2ncia de uma gest\u00e3o documental s\u00f3lida e da per\u00edcia para proteger o patrim\u00f4nio e garantir a competitividade do neg\u00f3cio.<\/p>\n<h2 class=\"wp-block-heading\" id=\"h-a-importancia-da-regularizacao-documental-e-do-itr-2025\">A import\u00e2ncia da regulariza\u00e7\u00e3o documental e do ITR 2025<\/h2>\n<figure class=\"wp-block-image size-large\"><img fetchpriority=\"high\" decoding=\"async\" width=\"1024\" height=\"576\" src=\"https:\/\/agromt.news\/wp-content\/uploads\/2025\/07\/1753380921_238_Residuos-na-carne-veterinario-alerta-sobre-carencia-de-medicamentos-no.jpg\" alt=\"\" class=\"wp-image-4112773\"  \/><figcaption class=\"wp-element-caption\">Foto: Reprodu\u00e7\u00e3o\/Giro do Boi<\/figcaption><\/figure>\n<p>A regulariza\u00e7\u00e3o documental da propriedade rural \u00e9 o \u201cpassaporte\u201d para o sucesso e a seguran\u00e7a. Muitos produtores ainda veem esses cadastros como burocracia, mas eles s\u00e3o cruciais para:<\/p>\n<ul class=\"wp-block-list\">\n<li><strong>Acesso a cr\u00e9dito:<\/strong> Bancos e institui\u00e7\u00f5es financeiras exigem a documenta\u00e7\u00e3o em dia para conceder financiamentos e outras linhas de cr\u00e9dito.<\/li>\n<li><strong>Valoriza\u00e7\u00e3o do im\u00f3vel:<\/strong> Uma propriedade com documentos corretos e em dia tem maior valor de mercado e atrai investidores.<\/li>\n<li><strong>Regularidade ambiental e seguran\u00e7a jur\u00eddica:<\/strong> A documenta\u00e7\u00e3o regular evita questionamentos, embargos e a\u00e7\u00f5es judiciais, garantindo tranquilidade ao produtor.<\/li>\n<li><strong>Acesso a mercados:<\/strong> Grandes frigor\u00edficos e empresas do setor exigem a regularidade socioambiental como crit\u00e9rio de contrata\u00e7\u00e3o de fornecedores, limitando quem n\u00e3o est\u00e1 em dia.<\/li>\n<\/ul>\n<p>O <strong>ITR 2025<\/strong> \u00e9 um imposto <strong>autodeclarat\u00f3rio<\/strong>. Informa\u00e7\u00f5es equivocadas nesse cadastro podem resultar em cobran\u00e7as retroativas dos \u00faltimos cinco anos. Por isso, a aten\u00e7\u00e3o aos detalhes e a precis\u00e3o nas informa\u00e7\u00f5es s\u00e3o fundamentais.<\/p>\n<\/div>\n<div>\n<h2 class=\"wp-block-heading\" id=\"h-itr-e-o-principio-da-capacidade-contributiva\">ITR e o princ\u00edpio da capacidade contributiva<\/h2>\n<figure class=\"wp-block-image size-full\"><img decoding=\"async\" width=\"956\" height=\"548\" src=\"https:\/\/agromt.news\/wp-content\/uploads\/2025\/06\/5Iw1a4Kc-propriedade-jpg.webp.webp\" alt=\"Propriedade leiteira ap\u00f3s enchente no Rio Grande do Sul\" class=\"wp-image-4059761\"  \/><figcaption class=\"wp-element-caption\">Foto: Eliza Maliszewski\/Canal Rural<\/figcaption><\/figure>\n<p>O ITR tem como base o uso produtivo da terra. Em situa\u00e7\u00f5es em que o produtor, por motivos alheios \u00e0 sua vontade (como enchentes, secas e inc\u00eandios), n\u00e3o consegue produzir, a cobran\u00e7a do imposto pode ser injusta.<\/p>\n<p>A lei permite a isen\u00e7\u00e3o nesses casos, com base no <strong>princ\u00edpio da capacidade contributiva<\/strong>, que defende que ningu\u00e9m deve ser obrigado a pagar um imposto se n\u00e3o h\u00e1 riqueza sendo gerada.<\/p>\n<p>Para conseguir a isen\u00e7\u00e3o, o produtor precisa comprovar os danos e o impacto na produ\u00e7\u00e3o. Para isso, s\u00e3o necess\u00e1rios documentos como:<\/p>\n<ul class=\"wp-block-list\">\n<li>Fotografias e v\u00eddeos com datas dos danos.<\/li>\n<li>Laudos t\u00e9cnicos de agr\u00f4nomos que atestem o preju\u00edzo.<\/li>\n<li>Notifica\u00e7\u00f5es da Defesa Civil e boletins de ocorr\u00eancia.<\/li>\n<li>Boletins meteorol\u00f3gicos da regi\u00e3o.<\/li>\n<li>Certid\u00e3o de situa\u00e7\u00e3o de emerg\u00eancia ou calamidade.<\/li>\n<li>Mapas mostrando as \u00e1reas afetadas.<\/li>\n<\/ul>\n<h2 class=\"wp-block-heading\" id=\"h-a-pericia-como-aliada-da-produtividade\">A per\u00edcia como aliada da produtividade<\/h2>\n<figure class=\"wp-block-image size-large\"><img decoding=\"async\" width=\"1024\" height=\"576\" src=\"https:\/\/agromt.news\/wp-content\/uploads\/2025\/08\/saiba-como-a-isencao-para-eventos-climaticos-extremos-pode-beneficiar.jpg\" alt=\"\" class=\"wp-image-4115953\"  \/><figcaption class=\"wp-element-caption\">Foto: Canva<\/figcaption><\/figure>\n<p>Al\u00e9m dos cadastros, a per\u00edcia \u00e9 uma ferramenta importante para a gest\u00e3o. Ela pode ser <strong>preventiva<\/strong>, ajudando a prever problemas em contratos de compra e venda ou arrendamento, ou <strong>reativa<\/strong>, utilizada na defesa de processos judiciais para garantir indeniza\u00e7\u00f5es justas.<\/p>\n<p>A falta de laudos t\u00e9cnicos em a\u00e7\u00f5es de desapropria\u00e7\u00e3o, por exemplo, pode resultar em indeniza\u00e7\u00f5es at\u00e9 <strong>40% menores<\/strong>.<\/p>\n<p>A pecu\u00e1ria moderna exige profissionalismo e planejamento. O improviso n\u00e3o tem mais espa\u00e7o. O produtor que investe na regulariza\u00e7\u00e3o documental, no uso de tecnologias como o <strong>georreferenciamento<\/strong> e na per\u00edcia t\u00e9cnica, garante a tranquilidade, valoriza seu patrim\u00f4nio e atrai parceiros comerciais de alto valor agregado.<\/p>\n<\/p><\/div>\n<p><br \/>\n<br \/><a href=\"https:\/\/www.canalrural.com.br\/pecuaria\/itr-2025-saiba-como-a-isencao-para-eventos-climaticos-extremos-pode-beneficiar-produtores\/\">Source link <\/a><\/p>\n","protected":false},"excerpt":{"rendered":"<p>Pecuaristas, o per\u00edodo para a declara\u00e7\u00e3o do Imposto sobre a Propriedade Territorial Rural (ITR 2025) come\u00e7a na pr\u00f3xima segunda-feira (11)<\/p>\n","protected":false},"author":1,"featured_media":18303,"comment_status":"open","ping_status":"open","sticky":false,"template":"","format":"standard","meta":{"_monsterinsights_skip_tracking":false,"_monsterinsights_sitenote_active":false,"_monsterinsights_sitenote_note":"","_monsterinsights_sitenote_category":0,"_uf_show_specific_survey":0,"_uf_disable_surveys":false,"footnotes":""},"categories":[1],"tags":[],"class_list":["post-18302","post","type-post","status-publish","format-standard","has-post-thumbnail","hentry","category-news"],"_links":{"self":[{"href":"https:\/\/agromt.news\/index.php?rest_route=\/wp\/v2\/posts\/18302"}],"collection":[{"href":"https:\/\/agromt.news\/index.php?rest_route=\/wp\/v2\/posts"}],"about":[{"href":"https:\/\/agromt.news\/index.php?rest_route=\/wp\/v2\/types\/post"}],"author":[{"embeddable":true,"href":"https:\/\/agromt.news\/index.php?rest_route=\/wp\/v2\/users\/1"}],"replies":[{"embeddable":true,"href":"https:\/\/agromt.news\/index.php?rest_route=%2Fwp%2Fv2%2Fcomments&post=18302"}],"version-history":[{"count":0,"href":"https:\/\/agromt.news\/index.php?rest_route=\/wp\/v2\/posts\/18302\/revisions"}],"wp:featuredmedia":[{"embeddable":true,"href":"https:\/\/agromt.news\/index.php?rest_route=\/wp\/v2\/media\/18303"}],"wp:attachment":[{"href":"https:\/\/agromt.news\/index.php?rest_route=%2Fwp%2Fv2%2Fmedia&parent=18302"}],"wp:term":[{"taxonomy":"category","embeddable":true,"href":"https:\/\/agromt.news\/index.php?rest_route=%2Fwp%2Fv2%2Fcategories&post=18302"},{"taxonomy":"post_tag","embeddable":true,"href":"https:\/\/agromt.news\/index.php?rest_route=%2Fwp%2Fv2%2Ftags&post=18302"}],"curies":[{"name":"wp","href":"https:\/\/api.w.org\/{rel}","templated":true}]}}