{"id":18300,"date":"2025-08-09T13:35:20","date_gmt":"2025-08-09T17:35:20","guid":{"rendered":"https:\/\/agromt.news\/?p=18300"},"modified":"2025-08-09T13:35:20","modified_gmt":"2025-08-09T17:35:20","slug":"exportacoes-interrompem-sequencia-de-altas-mas-seguem-elevadas","status":"publish","type":"post","link":"https:\/\/agromt.news\/?p=18300","title":{"rendered":"Exporta\u00e7\u00f5es interrompem sequ\u00eancia de altas, mas seguem elevadas"},"content":{"rendered":"<p> <br \/>\n<\/p>\n<div>\n<div class=\"row\">\n<div class=\"col-lg col-infos mt-0 mt-lg-0\">\n<div class=\"section-sub-title\">\n<p itemprop=\"description\">&#13;<br \/>\n                                Baixa mensal se deve \u00e0 redu\u00e7\u00e3o de 31% na quantidade embarcada para os EUA&#13;\n                            <\/p>\n<\/p><\/div>\n<div class=\"container\">\n<div class=\"row\">\n<div class=\"col-lg p-0 text-lg-end\">\n<div>\n<div id=\"mdEnviarPagina\" class=\"modal fade\" role=\"dialog\">\n<div class=\"modal-dialog\">\n<div class=\"modal-content\">\n<div class=\"modal-body\">\n<p><strong>Estimado usu\u00e1rio.<\/strong><br \/>Preencha o formul\u00e1rio abaixo para remeter a p\u00e1gina.<\/p>\n<\/p><\/div>\n<\/p><\/div>\n<\/p><\/div>\n<\/div><\/div>\n<\/p><\/div>\n<\/p><\/div>\n<\/p><\/div>\n<\/p><\/div>\n<\/p><\/div>\n<div class=\"row justify-content-md-center mt-3\">\n<div class=\"col-lg-auto col-image block-news-main-image\">\n<p>                                <img decoding=\"async\" src=\"https:\/\/www.agrolink.com.br\/upload\/imagens-resizes\/33f430c0c10c470f9b69f05d25388dc2_858x483.jpg\" class=\"lazyload img-fluid\"\/><br \/>\n                                                <span class=\"publicity-photo d-block mt-1\">Foto: Pixabay<\/span><\/p><\/div>\n<\/p><\/div>\n<div class=\"section-description section-description-noticias mt-3\">\n<p style=\"text-align:justify\">As exporta\u00e7\u00f5es brasileiras de ovos recuaram em julho, interrompendo a tend\u00eancia de alta observada ao longo dos seis primeiros meses do ano. De acordo com dados da Secex, compilados e analisados pelo Cepea, o Brasil embarcou 5,26 mil toneladas de ovos in natura e processados em julho, volume 20% inferior ao de junho, mas expressivos 305% acima do de julho\/24.&#13;\n<\/p>\n<p style=\"text-align:justify\">Pesquisadores explicam que a baixa mensal se deve \u00e0 redu\u00e7\u00e3o de 31% na quantidade embarcada para os Estados Unidos. Ressaltam, por\u00e9m, que, mesmo com a queda, o pa\u00eds se mant\u00e9m como o principal destino da prote\u00edna brasileira. No mercado dom\u00e9stico, as cota\u00e7\u00f5es dos ovos iniciaram agosto em alta na maioria das regi\u00f5es acompanhadas pelo Cepea. Esse movimento foi impulsionado pelo fim das f\u00e9rias escolares, que favoreceu a retomada da demanda, e pelo per\u00edodo de in\u00edcio do m\u00eas, quando a popula\u00e7\u00e3o costuma estar mais capitalizada e o consumo da prote\u00edna tende a aumentar.\u00a0&#13;\n<\/p>\n<\/p><\/div>\n<\/p><\/div>\n<p><script data-cfasync=\"false\">\n    !function (f, b, e, v, n, t, s) {\n        if (f.fbq) return; n = f.fbq = function () {\n            n.callMethod ?\n                n.callMethod.apply(n, arguments) : n.queue.push(arguments)\n        };\n        if (!f._fbq) f._fbq = n; n.push = n; n.loaded = !0; n.version = '2.0';\n        n.queue = []; t = b.createElement(e); t.async = !0;\n        t.src = v; s = b.getElementsByTagName(e)[0];\n        s.parentNode.insertBefore(t, s)\n    }(window, document, 'script',\n        'https:\/\/connect.facebook.net\/en_US\/fbevents.js');\n    fbq('init', '522546078623747');\n    fbq('track', 'PageView');\n<\/script><br \/>\n<br \/><br \/>\n<br \/><a href=\"https:\/\/www.agrolink.com.br\/noticias\/exportacoes-interrompem-sequencia-de-altas--mas-seguem-elevadas_504777.html\">Source link <\/a><\/p>\n","protected":false},"excerpt":{"rendered":"<p>&#13; Baixa mensal se deve \u00e0 redu\u00e7\u00e3o de 31% na quantidade embarcada para os EUA&#13; Estimado usu\u00e1rio.Preencha o formul\u00e1rio abaixo<\/p>\n","protected":false},"author":1,"featured_media":2140,"comment_status":"open","ping_status":"open","sticky":false,"template":"","format":"standard","meta":{"_monsterinsights_skip_tracking":false,"_monsterinsights_sitenote_active":false,"_monsterinsights_sitenote_note":"","_monsterinsights_sitenote_category":0,"_uf_show_specific_survey":0,"_uf_disable_surveys":false,"footnotes":""},"categories":[8,1,14],"tags":[],"class_list":["post-18300","post","type-post","status-publish","format-standard","has-post-thumbnail","hentry","category-agro","category-news","category-politica-agro"],"_links":{"self":[{"href":"https:\/\/agromt.news\/index.php?rest_route=\/wp\/v2\/posts\/18300"}],"collection":[{"href":"https:\/\/agromt.news\/index.php?rest_route=\/wp\/v2\/posts"}],"about":[{"href":"https:\/\/agromt.news\/index.php?rest_route=\/wp\/v2\/types\/post"}],"author":[{"embeddable":true,"href":"https:\/\/agromt.news\/index.php?rest_route=\/wp\/v2\/users\/1"}],"replies":[{"embeddable":true,"href":"https:\/\/agromt.news\/index.php?rest_route=%2Fwp%2Fv2%2Fcomments&post=18300"}],"version-history":[{"count":0,"href":"https:\/\/agromt.news\/index.php?rest_route=\/wp\/v2\/posts\/18300\/revisions"}],"wp:featuredmedia":[{"embeddable":true,"href":"https:\/\/agromt.news\/index.php?rest_route=\/wp\/v2\/media\/2140"}],"wp:attachment":[{"href":"https:\/\/agromt.news\/index.php?rest_route=%2Fwp%2Fv2%2Fmedia&parent=18300"}],"wp:term":[{"taxonomy":"category","embeddable":true,"href":"https:\/\/agromt.news\/index.php?rest_route=%2Fwp%2Fv2%2Fcategories&post=18300"},{"taxonomy":"post_tag","embeddable":true,"href":"https:\/\/agromt.news\/index.php?rest_route=%2Fwp%2Fv2%2Ftags&post=18300"}],"curies":[{"name":"wp","href":"https:\/\/api.w.org\/{rel}","templated":true}]}}