{"id":18269,"date":"2025-08-08T16:46:05","date_gmt":"2025-08-08T20:46:05","guid":{"rendered":"https:\/\/agromt.news\/?p=18269"},"modified":"2025-08-08T16:46:05","modified_gmt":"2025-08-08T20:46:05","slug":"onda-de-frio-com-os-dias-contados-saiba-ate-quando-as-temperaturas-baixas-persistem-no-brasil","status":"publish","type":"post","link":"https:\/\/agromt.news\/?p=18269","title":{"rendered":"Onda de frio com os dias contados; saiba at\u00e9 quando as temperaturas baixas persistem no Brasil"},"content":{"rendered":"<p> <br \/>\n<br \/><img decoding=\"async\" src=\"https:\/\/agromt.news\/wp-content\/uploads\/2025\/08\/Onda-de-frio-com-os-dias-contados-saiba-ate-quando.jpg\" \/><\/p>\n<div>\n<p>A onda de frio que vem \u2018<a href=\"https:\/\/www.canalrural.com.br\/?s=onda+de+frio\">congelando<\/a>\u2018 o pa\u00eds deve seguir at\u00e9 o dia 13 de agosto, pr\u00f3xima quarta-feira, com queda nas temperaturas em diversas regi\u00f5es. O destaque fica para o Sul e Sudeste, mas o frio tamb\u00e9m alcan\u00e7a partes do Centro-Oeste e Norte, com manh\u00e3s especialmente frescas em Rond\u00f4nia e Acre. At\u00e9 a Bahia deve sentir essa redu\u00e7\u00e3o, com dias mais frios e uma sensa\u00e7\u00e3o de frio incomum.<\/p>\n<figure class=\"wp-block-embed is-type-video is-provider-youtube wp-block-embed-youtube wp-embed-aspect-16-9 wp-has-aspect-ratio\">\n<p>\n<iframe title=\"Onda de frio com os dias contados; saiba at\u00e9 quando as temperaturas baixas persistem no Brasil\" width=\"800\" height=\"450\" src=\"https:\/\/www.youtube.com\/embed\/Em89xZaYqAc?feature=oembed\" frameborder=\"0\" allow=\"accelerometer; autoplay; clipboard-write; encrypted-media; gyroscope; picture-in-picture; web-share\" referrerpolicy=\"strict-origin-when-cross-origin\" allowfullscreen><\/iframe><noscript><iframe title=\"Onda de frio com os dias contados; saiba at\u00e9 quando as temperaturas baixas persistem no Brasil\" width=\"800\" height=\"450\" src=\"https:\/\/www.youtube.com\/embed\/Em89xZaYqAc?feature=oembed\" frameborder=\"0\" allow=\"accelerometer; autoplay; clipboard-write; encrypted-media; gyroscope; picture-in-picture; web-share\" referrerpolicy=\"strict-origin-when-cross-origin\" allowfullscreen><\/iframe><\/noscript>\n<\/p>\n<\/figure>\n<ul class=\"wp-block-list\">\n<li><strong><em>Fique por dentro das novidades e not\u00edcias recentes sobre a soja! Participe da nossa comunidade atrav\u00e9s do\u00a0<a href=\"https:\/\/chat.whatsapp.com\/BmMRwA0TZ2DHGyhzoaVEWu\">link<\/a>! \ud83c\udf31<\/em><\/strong><\/li>\n<\/ul>\n<h2 class=\"wp-block-heading\" id=\"h-onda-de-frio-derruba-temperaturas\">Onda de frio derruba temperaturas<\/h2>\n<p>No Sul do pa\u00eds, as temperaturas ser\u00e3o as mais baixas, principalmente nas \u00e1reas centrais e sul do Paran\u00e1, al\u00e9m do norte do Rio Grande do Sul, onde h\u00e1 possibilidade real de forma\u00e7\u00e3o de geada. Produtores rurais e criadores de animais devem redobrar os cuidados devido \u00e0 queda acentuada da temperatura, que pode afetar tanto as planta\u00e7\u00f5es quanto o bem-estar dos animais. A preven\u00e7\u00e3o \u00e9 fundamental para evitar perdas.<\/p>\n<\/div>\n<div>\n<h2 class=\"wp-block-heading\" id=\"h-trabalhos-em-campo\">Trabalhos em campo<\/h2>\n<p>Para quem est\u00e1 colhendo a segunda safra, as condi\u00e7\u00f5es s\u00e3o favor\u00e1veis: n\u00e3o h\u00e1 previs\u00e3o de chuvas volumosas para os pr\u00f3ximos dias na maior parte do pa\u00eds, o que permite que a colheita prossiga de forma tranquila e sem grandes interrup\u00e7\u00f5es.<\/p>\n<h2 class=\"wp-block-heading\" id=\"h-chuvas-concentradas\">Chuvas concentradas <\/h2>\n<p>Apesar do frio, algumas \u00e1reas do Brasil recebem chuvas pontuais. A costa leste do Nordeste e partes do Norte registram precipita\u00e7\u00f5es. Em Minas Gerais e S\u00e3o Paulo, a entrada de umidade \u00e9 fraca, com volumes acumulados baixos, o que n\u00e3o \u00e9 suficiente para repor a umidade do solo, mas tamb\u00e9m n\u00e3o atrapalha o andamento das colheitas.<\/p>\n<h2 class=\"wp-block-heading\" id=\"h-proxima-semana\">Pr\u00f3xima semana <\/h2>\n<p>A partir da pr\u00f3xima semana, o cen\u00e1rio poder\u00e1 mudar. H\u00e1 expectativa de chuvas no Sul e Sudeste, embora com volumes baixos. J\u00e1 as regi\u00f5es do Matopiba e Centro-Oeste devem continuar com tempo bastante seco, o que exige aten\u00e7\u00e3o dos produtores dessas regi\u00f5es para manejo de solo e irriga\u00e7\u00e3o.<\/p>\n<div data-icp-cta=\"1\" id=\"icp-cta-unique\">Voc\u00ea quer entender como usar o clima a seu favor?<b> <\/b><a href=\"https:\/\/climacampo.canalrural.com.br\/climacampo_-01\">Preparamos um e-book exclusivo<\/a> para ajudar produtores rurais a se antecipar \u00e0s mudan\u00e7as do tempo e planejar melhor suas a\u00e7\u00f5es. Com base em previs\u00f5es meteorol\u00f3gicas confi\u00e1veis, ele oferece orienta\u00e7\u00f5es pr\u00e1ticas para proteger sua lavoura e otimizar seus resultados.<\/div>\n<\/div>\n<p><br \/>\n<br \/><a href=\"https:\/\/www.canalrural.com.br\/agricultura\/projeto-soja-brasil\/onda-de-frio-com-os-dias-contados-saiba-ate-quando-as-temperaturas-baixas-persistem-no-brasil\/\">Source link <\/a><\/p>\n","protected":false},"excerpt":{"rendered":"<p>A onda de frio que vem \u2018congelando\u2018 o pa\u00eds deve seguir at\u00e9 o dia 13 de agosto, pr\u00f3xima quarta-feira, com<\/p>\n","protected":false},"author":1,"featured_media":18270,"comment_status":"open","ping_status":"open","sticky":false,"template":"","format":"standard","meta":{"_monsterinsights_skip_tracking":false,"_monsterinsights_sitenote_active":false,"_monsterinsights_sitenote_note":"","_monsterinsights_sitenote_category":0,"_uf_show_specific_survey":0,"_uf_disable_surveys":false,"footnotes":""},"categories":[1],"tags":[],"class_list":["post-18269","post","type-post","status-publish","format-standard","has-post-thumbnail","hentry","category-news"],"_links":{"self":[{"href":"https:\/\/agromt.news\/index.php?rest_route=\/wp\/v2\/posts\/18269"}],"collection":[{"href":"https:\/\/agromt.news\/index.php?rest_route=\/wp\/v2\/posts"}],"about":[{"href":"https:\/\/agromt.news\/index.php?rest_route=\/wp\/v2\/types\/post"}],"author":[{"embeddable":true,"href":"https:\/\/agromt.news\/index.php?rest_route=\/wp\/v2\/users\/1"}],"replies":[{"embeddable":true,"href":"https:\/\/agromt.news\/index.php?rest_route=%2Fwp%2Fv2%2Fcomments&post=18269"}],"version-history":[{"count":0,"href":"https:\/\/agromt.news\/index.php?rest_route=\/wp\/v2\/posts\/18269\/revisions"}],"wp:featuredmedia":[{"embeddable":true,"href":"https:\/\/agromt.news\/index.php?rest_route=\/wp\/v2\/media\/18270"}],"wp:attachment":[{"href":"https:\/\/agromt.news\/index.php?rest_route=%2Fwp%2Fv2%2Fmedia&parent=18269"}],"wp:term":[{"taxonomy":"category","embeddable":true,"href":"https:\/\/agromt.news\/index.php?rest_route=%2Fwp%2Fv2%2Fcategories&post=18269"},{"taxonomy":"post_tag","embeddable":true,"href":"https:\/\/agromt.news\/index.php?rest_route=%2Fwp%2Fv2%2Ftags&post=18269"}],"curies":[{"name":"wp","href":"https:\/\/api.w.org\/{rel}","templated":true}]}}