{"id":18261,"date":"2025-08-08T14:58:19","date_gmt":"2025-08-08T18:58:19","guid":{"rendered":"https:\/\/agromt.news\/?p=18261"},"modified":"2025-08-08T14:58:19","modified_gmt":"2025-08-08T18:58:19","slug":"controle-de-vermes-por-que-agosto-e-a-chave-para-o-gado-ganhar-peso","status":"publish","type":"post","link":"https:\/\/agromt.news\/?p=18261","title":{"rendered":"Controle de vermes: por que agosto \u00e9 a chave para o gado ganhar peso"},"content":{"rendered":"<p> <br \/>\n<\/p>\n<div>\n<p>Pecuaristas, o controle de verminoses no gado \u00e9 um dos maiores desafios sanit\u00e1rios da pecu\u00e1ria, causando preju\u00edzos bilion\u00e1rios anualmente. A primavera, com seu ambiente quente e \u00famido, \u00e9 o per\u00edodo de maior prolifera\u00e7\u00e3o de parasitas. Assista ao v\u00eddeo e confira os detalhes desta hist\u00f3ria.<\/p>\n<figure class=\"wp-block-embed is-type-video is-provider-youtube wp-block-embed-youtube wp-embed-aspect-16-9 wp-has-aspect-ratio\">\n<p>\n<iframe title=\"CONTROLE DE VERMINOSES NO GADO: POR QUE AGOSTO \u00c9 ESTRAT\u00c9GICO PARA O PECUARISTA?\" width=\"800\" height=\"450\" src=\"https:\/\/www.youtube.com\/embed\/VaJ9A7Q_Z_4?feature=oembed\" frameborder=\"0\" allow=\"accelerometer; autoplay; clipboard-write; encrypted-media; gyroscope; picture-in-picture; web-share\" referrerpolicy=\"strict-origin-when-cross-origin\" allowfullscreen><\/iframe><noscript><iframe title=\"CONTROLE DE VERMINOSES NO GADO: POR QUE AGOSTO \u00c9 ESTRAT\u00c9GICO PARA O PECUARISTA?\" width=\"800\" height=\"450\" src=\"https:\/\/www.youtube.com\/embed\/VaJ9A7Q_Z_4?feature=oembed\" frameborder=\"0\" allow=\"accelerometer; autoplay; clipboard-write; encrypted-media; gyroscope; picture-in-picture; web-share\" referrerpolicy=\"strict-origin-when-cross-origin\" allowfullscreen><\/iframe><\/noscript>\n<\/p>\n<\/figure>\n<p>Para combater esse problema, \u00e9 preciso um planejamento estrat\u00e9gico, e agosto \u00e9 o m\u00eas ideal para come\u00e7ar a agir.<\/p>\n<p>Nesta sexta-feira (8), o m\u00e9dico-veterin\u00e1rio <strong>Elio Moro<\/strong>, gerente t\u00e9cnico da <strong>Zoetis<\/strong>, explicou no programa <strong>Giro do Boi<\/strong> o inovador <strong>Protocolo 5-8-11<\/strong> e por que agosto \u00e9 um momento estrat\u00e9gico para a vermifuga\u00e7\u00e3o.<\/p>\n<p>O protocolo, desenvolvido pela empresa em parceria com a <strong>Universidade Federal do Mato Grosso do Sul<\/strong>, visa minimizar perdas e aumentar a produtividade do rebanho de forma eficaz.<\/p>\n<h2 class=\"wp-block-heading\" id=\"h-o-protocolo-5-8-11-um-controle-estrategico\">O Protocolo 5-8-11: um controle estrat\u00e9gico<\/h2>\n<figure class=\"wp-block-image size-large\"><img fetchpriority=\"high\" decoding=\"async\" width=\"640\" height=\"338\" alt=\"Centro de Manejo de Baixo-Estresse embrapa\" class=\"wp-image-2843672\"  data-lazy- src=\"https:\/\/agromt.news\/wp-content\/uploads\/2025\/08\/Controle-de-vermes-por-que-agosto-e-a-chave-para.png\"\/><img decoding=\"async\" width=\"640\" height=\"338\" src=\"https:\/\/agromt.news\/wp-content\/uploads\/2025\/08\/Controle-de-vermes-por-que-agosto-e-a-chave-para.png\" alt=\"Centro de Manejo de Baixo-Estresse embrapa\" class=\"wp-image-2843672\"  \/><figcaption class=\"wp-element-caption\">Foto: Embrapa\/Divulga\u00e7\u00e3o<\/figcaption><\/figure>\n<p>O <strong>Protocolo 5-8-11<\/strong> foi criado para realizar o controle de verminoses em momentos estrat\u00e9gicos do ano, coincidindo com manejos importantes na fazenda, como as campanhas de vacina\u00e7\u00e3o.<\/p>\n<p>As aplica\u00e7\u00f5es s\u00e3o feitas nos meses de <strong>maio, agosto e novembro<\/strong>, garantindo um controle mais efetivo dos parasitas internos e um desempenho superior do rebanho em todas as esta\u00e7\u00f5es.<\/p>\n<\/div>\n<div>\n<ul class=\"wp-block-list\">\n<li><strong>Maio (5):<\/strong> A primeira aplica\u00e7\u00e3o \u00e9 feita com um endectocida<strong> <\/strong>com doramectina 3,5%, marcando o in\u00edcio da seca. Ele garante prote\u00e7\u00e3o prolongada at\u00e9 agosto.<\/li>\n<li><strong>Agosto (8):<\/strong> A prote\u00e7\u00e3o \u00e9 renovada com a aplica\u00e7\u00e3o de um endectocida \u00e0 base de moxidectina 1%, que, gra\u00e7as \u00e0 sua alta efic\u00e1cia e mol\u00e9cula \u00fanica, elimina os parasitas internos.<\/li>\n<li><strong>Novembro (11):<\/strong> Um novo tratamento com um endectocida com doramectina 3,5% \u00e9 realizado, com o objetivo de proteger os animais no per\u00edodo de recupera\u00e7\u00e3o das pastagens e da maior prolifera\u00e7\u00e3o de parasitas.<\/li>\n<\/ul>\n<h2 class=\"wp-block-heading\" id=\"h-por-que-agosto-e-estrategico\">Por que agosto \u00e9 estrat\u00e9gico?<\/h2>\n<figure class=\"wp-block-image size-large\"><img decoding=\"async\" width=\"1024\" height=\"576\" alt=\"\" class=\"wp-image-4112775\"  data-lazy- src=\"https:\/\/agromt.news\/wp-content\/uploads\/2025\/07\/Residuos-na-carne-veterinario-alerta-sobre-carencia-de-medicamentos-no.jpg\"\/><img loading=\"lazy\" decoding=\"async\" width=\"1024\" height=\"576\" src=\"https:\/\/agromt.news\/wp-content\/uploads\/2025\/07\/Residuos-na-carne-veterinario-alerta-sobre-carencia-de-medicamentos-no.jpg\" alt=\"\" class=\"wp-image-4112775\"  \/><figcaption class=\"wp-element-caption\">Foto: Wenderson Araujo\/CNA<\/figcaption><\/figure>\n<p>O m\u00eas de agosto, no final da seca, \u00e9 crucial para o sucesso do protocolo. A aplica\u00e7\u00e3o neste per\u00edodo garante que a prote\u00e7\u00e3o dos animais seja renovada, eliminando os parasitas internos antes da chegada da primavera, que \u00e9 a esta\u00e7\u00e3o com o maior desafio de prolifera\u00e7\u00e3o de vermes nas pastagens.<\/p>\n<p>Ao manter o rebanho livre de vermes, o pecuarista garante que os animais aproveitem melhor o alimento dispon\u00edvel e tenham um desempenho superior na esta\u00e7\u00e3o mais quente e \u00famida.<\/p>\n<p>O retorno do uso do protocolo \u00e9 significativo: estudos comprovam que ele contribui para aumentar a produtividade em at\u00e9 <strong>30%<\/strong>, o que equivale a produzir quase <strong>1,6 arroba por hectare a mais<\/strong> que no manejo tradicional.<\/p>\n<p>O <strong>Protocolo 5-8-11<\/strong> \u00e9 uma tecnologia de ponta que oferece uma solu\u00e7\u00e3o eficaz para o controle de verminoses, transformando um problema silencioso em uma oportunidade de aumentar a rentabilidade e a produtividade da fazenda, com um manejo simples e estrat\u00e9gico.<\/p>\n<\/p><\/div>\n<p><br \/>\n<br \/><a href=\"https:\/\/www.canalrural.com.br\/pecuaria\/controle-de-vermes-por-que-agosto-e-a-chave-para-o-gado-ganhar-peso\/\">Source link <\/a><\/p>\n","protected":false},"excerpt":{"rendered":"<p>Pecuaristas, o controle de verminoses no gado \u00e9 um dos maiores desafios sanit\u00e1rios da pecu\u00e1ria, causando preju\u00edzos bilion\u00e1rios anualmente. A<\/p>\n","protected":false},"author":1,"featured_media":18262,"comment_status":"open","ping_status":"open","sticky":false,"template":"","format":"standard","meta":{"_monsterinsights_skip_tracking":false,"_monsterinsights_sitenote_active":false,"_monsterinsights_sitenote_note":"","_monsterinsights_sitenote_category":0,"_uf_show_specific_survey":0,"_uf_disable_surveys":false,"footnotes":""},"categories":[1],"tags":[],"class_list":["post-18261","post","type-post","status-publish","format-standard","has-post-thumbnail","hentry","category-news"],"_links":{"self":[{"href":"https:\/\/agromt.news\/index.php?rest_route=\/wp\/v2\/posts\/18261"}],"collection":[{"href":"https:\/\/agromt.news\/index.php?rest_route=\/wp\/v2\/posts"}],"about":[{"href":"https:\/\/agromt.news\/index.php?rest_route=\/wp\/v2\/types\/post"}],"author":[{"embeddable":true,"href":"https:\/\/agromt.news\/index.php?rest_route=\/wp\/v2\/users\/1"}],"replies":[{"embeddable":true,"href":"https:\/\/agromt.news\/index.php?rest_route=%2Fwp%2Fv2%2Fcomments&post=18261"}],"version-history":[{"count":0,"href":"https:\/\/agromt.news\/index.php?rest_route=\/wp\/v2\/posts\/18261\/revisions"}],"wp:featuredmedia":[{"embeddable":true,"href":"https:\/\/agromt.news\/index.php?rest_route=\/wp\/v2\/media\/18262"}],"wp:attachment":[{"href":"https:\/\/agromt.news\/index.php?rest_route=%2Fwp%2Fv2%2Fmedia&parent=18261"}],"wp:term":[{"taxonomy":"category","embeddable":true,"href":"https:\/\/agromt.news\/index.php?rest_route=%2Fwp%2Fv2%2Fcategories&post=18261"},{"taxonomy":"post_tag","embeddable":true,"href":"https:\/\/agromt.news\/index.php?rest_route=%2Fwp%2Fv2%2Ftags&post=18261"}],"curies":[{"name":"wp","href":"https:\/\/api.w.org\/{rel}","templated":true}]}}