{"id":18259,"date":"2025-08-08T13:58:37","date_gmt":"2025-08-08T17:58:37","guid":{"rendered":"https:\/\/agromt.news\/?p=18259"},"modified":"2025-08-08T13:58:37","modified_gmt":"2025-08-08T17:58:37","slug":"newe-seguros-lanca-acao-para-apoiar-o-produtor-rural","status":"publish","type":"post","link":"https:\/\/agromt.news\/?p=18259","title":{"rendered":"Newe Seguros lan\u00e7a a\u00e7\u00e3o para apoiar o produtor rural"},"content":{"rendered":"<p> <br \/>\n<\/p>\n<div>\n<p style=\"text-align:justify\">Com o mercado retra\u00eddo pelo cen\u00e1rio macroecon\u00f4mico e corte de subs\u00eddios do governo federal que causam incertezas no setor agr\u00edcola, a Newe Seguros lan\u00e7a uma a\u00e7\u00e3o in\u00e9dita para apoiar e estimular o produtor rural para a safra de ver\u00e3o, visando a colheita da <a href=\"https:\/\/www.agrolink.com.br\/culturas\/soja?utm_source=agrolink-detalhe-noticia&amp;utm_medium=detalhe-noticia&amp;utm_campaign=links-internos\" target=\"_blank\" rel=\"noopener\">soja<\/a>. Entre 1\u00ba e 20 de agosto, os clientes que emitirem ap\u00f3lices de seguro multirrisco para cultura de <a href=\"https:\/\/www.agrolink.com.br\/culturas\/soja?utm_source=agrolink-detalhe-noticia&amp;utm_medium=detalhe-noticia&amp;utm_campaign=links-internos\" target=\"_blank\" rel=\"noopener\">soja<\/a> n\u00e3o ter\u00e3o d\u00favidas sobre o custo final do seguro e ainda poder\u00e3o parcelar a contrata\u00e7\u00e3o at\u00e9 o in\u00edcio do plantio. Se o produtor n\u00e3o conseguir acessar a subven\u00e7\u00e3o por falta de verba federal, a seguradora quita a parcela referente \u00e0 subven\u00e7\u00e3o.&#13;\n<\/p>\n<p style=\"text-align:justify\">\u201c\u00c9 uma a\u00e7\u00e3o pioneira, pensada para proporcionar ao produtor uma solu\u00e7\u00e3o inovadora e que possa impactar toda a cadeia rural. Hoje, diante da falta de garantia em rela\u00e7\u00e3o ao recurso da subven\u00e7\u00e3o, queremos apoiar o segmento e ser um parceiro do mercado\u201d, afirma o diretor comercial da Newe, Marcos Vinicius Pereira.<\/p>\n<p style=\"text-align:justify\">O principal objetivo do movimento \u00e9 dar suporte aos pequenos e m\u00e9dios produtores, que representam 77% dos estabelecimentos rurais no Brasil, segundo o Censo Agropecu\u00e1rio do IBGE. Esse grupo foi diretamente afetado pelo contingenciamento de R$ 445,17 milh\u00f5es do or\u00e7amento de 2025 reservado ao Programa de Subven\u00e7\u00e3o ao Pr\u00eamio do Seguro Rural (PSR), anunciado no m\u00eas passado pelo Minist\u00e9rio da Agricultura e Pecu\u00e1ria (Mapa) e que representa 42% do total de R$ 1,06 bilh\u00e3o previsto na Lei Or\u00e7ament\u00e1ria Anual. O PSR oferece subven\u00e7\u00e3o de 20% sobre o valor do pr\u00eamio de seguro rural para a cultura da soja.<\/p>\n<p style=\"text-align:justify\">Essa retra\u00e7\u00e3o dever\u00e1 reduzir a \u00e1rea segurada para menos de 5 milh\u00f5es de hectares, o menor volume em sete anos, deixando milhares de produtores sem acesso a ap\u00f3lices, principalmente no que se refere \u00e0 cobertura da safra de soja, que pode ser afetada pelo fen\u00f4meno La Ni\u00f1a durante a colheita, prevista para fevereiro de 2026.&#13;\n<\/p>\n<p style=\"text-align:justify\">\u201cA \u00e1rea m\u00e9dia do programa de subven\u00e7\u00e3o federal \u00e9 de 50 hectares, portanto n\u00e3o s\u00e3o megaprodutores. Pelos nossos c\u00e1lculos, os R$ 445 milh\u00f5es contingenciados, em teoria, representam uma redu\u00e7\u00e3o de R$ 37 bilh\u00f5es de prote\u00e7\u00e3o que estariam deixando de ser contratados com esse movimento do governo, trazendo um impacto severo para a economia caso ocorra algum desastre clim\u00e1tico\u201d, destaca o vice-presidente da Newe, Rodrigo Motroni.<\/p>\n<p style=\"text-align:justify\">Al\u00e9m do corte no PSR, o governo anunciou um aumento de apenas 1,5% no Plano Safra 2025\/2026 em compara\u00e7\u00e3o ao exerc\u00edcio anterior, passando de R$ 508,69 milh\u00f5es para R$ 516,2 bilh\u00f5es. As taxas de juros do Plano tiveram aumento de 1,5 a 2 pontos percentuais em rela\u00e7\u00e3o ao programa do ciclo anterior, dificultando o acesso ao cr\u00e9dito.<\/p>\n<p style=\"text-align:justify\">Nesse contexto de dificuldades, o movimento da Newe foi projetado nos m\u00ednimos detalhes para amparar o setor agr\u00edcola. &#8220;Estamos trazendo uma a\u00e7\u00e3o disruptiva, planejada e muito calculada, para trazer f\u00f4lego e apoio ao produtor rural. Todas as propostas efetivadas ser\u00e3o submetidas \u00e0s regras convencionais de subscri\u00e7\u00e3o e, em caso de sinistro, o pr\u00eamio eventualmente abatido neste processo ser\u00e1 descontado do valor a ser indenizado, com toda responsabilidade e transpar\u00eancia junto a todos os envolvidos\u201d, enfatiza Pereira.&#13;\n<\/p>\n<\/p><\/div>\n<p><script data-cfasync=\"false\">\n    !function (f, b, e, v, n, t, s) {\n        if (f.fbq) return; n = f.fbq = function () {\n            n.callMethod ?\n                n.callMethod.apply(n, arguments) : n.queue.push(arguments)\n        };\n        if (!f._fbq) f._fbq = n; n.push = n; n.loaded = !0; n.version = '2.0';\n        n.queue = []; t = b.createElement(e); t.async = !0;\n        t.src = v; s = b.getElementsByTagName(e)[0];\n        s.parentNode.insertBefore(t, s)\n    }(window, document, 'script',\n        'https:\/\/connect.facebook.net\/en_US\/fbevents.js');\n    fbq('init', '522546078623747');\n    fbq('track', 'PageView');\n<\/script><br \/>\n<br \/><br \/>\n<br \/><a href=\"https:\/\/www.agrolink.com.br\/noticias\/newe-seguros-lanca-acao-para-apoiar-o-produtor-rural_504727.html\">Source link <\/a><\/p>\n","protected":false},"excerpt":{"rendered":"<p>Com o mercado retra\u00eddo pelo cen\u00e1rio macroecon\u00f4mico e corte de subs\u00eddios do governo federal que causam incertezas no setor agr\u00edcola,<\/p>\n","protected":false},"author":1,"featured_media":18260,"comment_status":"open","ping_status":"open","sticky":false,"template":"","format":"standard","meta":{"_monsterinsights_skip_tracking":false,"_monsterinsights_sitenote_active":false,"_monsterinsights_sitenote_note":"","_monsterinsights_sitenote_category":0,"_uf_show_specific_survey":0,"_uf_disable_surveys":false,"footnotes":""},"categories":[8,1,14],"tags":[],"class_list":["post-18259","post","type-post","status-publish","format-standard","has-post-thumbnail","hentry","category-agro","category-news","category-politica-agro"],"_links":{"self":[{"href":"https:\/\/agromt.news\/index.php?rest_route=\/wp\/v2\/posts\/18259"}],"collection":[{"href":"https:\/\/agromt.news\/index.php?rest_route=\/wp\/v2\/posts"}],"about":[{"href":"https:\/\/agromt.news\/index.php?rest_route=\/wp\/v2\/types\/post"}],"author":[{"embeddable":true,"href":"https:\/\/agromt.news\/index.php?rest_route=\/wp\/v2\/users\/1"}],"replies":[{"embeddable":true,"href":"https:\/\/agromt.news\/index.php?rest_route=%2Fwp%2Fv2%2Fcomments&post=18259"}],"version-history":[{"count":0,"href":"https:\/\/agromt.news\/index.php?rest_route=\/wp\/v2\/posts\/18259\/revisions"}],"wp:featuredmedia":[{"embeddable":true,"href":"https:\/\/agromt.news\/index.php?rest_route=\/wp\/v2\/media\/18260"}],"wp:attachment":[{"href":"https:\/\/agromt.news\/index.php?rest_route=%2Fwp%2Fv2%2Fmedia&parent=18259"}],"wp:term":[{"taxonomy":"category","embeddable":true,"href":"https:\/\/agromt.news\/index.php?rest_route=%2Fwp%2Fv2%2Fcategories&post=18259"},{"taxonomy":"post_tag","embeddable":true,"href":"https:\/\/agromt.news\/index.php?rest_route=%2Fwp%2Fv2%2Ftags&post=18259"}],"curies":[{"name":"wp","href":"https:\/\/api.w.org\/{rel}","templated":true}]}}