{"id":18252,"date":"2025-08-08T11:57:02","date_gmt":"2025-08-08T15:57:02","guid":{"rendered":"https:\/\/agromt.news\/?p=18252"},"modified":"2025-08-08T11:57:02","modified_gmt":"2025-08-08T15:57:02","slug":"especialistas-debatem-futuro-do-amendoim-brasileiro","status":"publish","type":"post","link":"https:\/\/agromt.news\/?p=18252","title":{"rendered":"Especialistas debatem futuro do amendoim brasileiro"},"content":{"rendered":"<p> <br \/>\n<\/p>\n<div>\n<p style=\"text-align:justify\"><em>Exporta\u00e7\u00e3o, consumo interno, sustentabilidade e inova\u00e7\u00e3o s\u00e3o alguns dos temas que movimentam o setor e ganham espa\u00e7o em novo canal de informa\u00e7\u00e3o<\/em><\/p>\n<p style=\"text-align:justify\">Os desafios e as oportunidades do mercado do amendoim, especialmente no cen\u00e1rio internacional, t\u00eam mobilizado cada vez mais especialistas, produtores, pesquisadores e representantes da agroind\u00fastria. A expans\u00e3o da cultura no Brasil, aliada \u00e0 busca por diferencia\u00e7\u00e3o e valor agregado, exige n\u00e3o apenas inova\u00e7\u00e3o tecnol\u00f3gica no campo, mas tamb\u00e9m estrat\u00e9gias comerciais e institucionais capazes de conectar o produto nacional \u00e0s exig\u00eancias do mundo.&#13;\n<\/p>\n<p style=\"text-align:justify\">\u00c9 nesse contexto que surge o \u201cAmendoim &amp; Prosa\u201d, novo podcast criado para valorizar e dar visibilidade aos diversos elos da cadeia produtiva do amendoim. A iniciativa \u00e9 da Ind\u00fastrias Colombo e foi lan\u00e7ada oficialmente no dia 6 de agosto, durante a 7\u00aa Feira Nacional do Amendoim, em Jaboticabal\/SP. O primeiro epis\u00f3dio aborda o tema \u201cMercado externo do amendoim: desafios e oportunidades\u201d e tem como convidado Pablo Rivera, CEO da Beatrice Peanuts e vice-presidente da ABEX-BR.<\/p>\n<p style=\"text-align:justify\">Com foco t\u00e9cnico, mas linguagem acess\u00edvel, o projeto busca promover o di\u00e1logo entre o campo, a ci\u00eancia e o mercado, dando voz a quem planta, pesquisa, beneficia, transforma e comercializa o amendoim no Brasil e no mundo. A proposta \u00e9 criar um espa\u00e7o de escuta e constru\u00e7\u00e3o coletiva de solu\u00e7\u00f5es para o desenvolvimento sustent\u00e1vel da cultura.&#13;\n<\/p>\n<p style=\"text-align:justify\">\u201cO podcast nasce como mais uma ferramenta para impulsionar o setor e estimular boas pr\u00e1ticas. O Brasil tem enorme potencial e protagonismo nessa cadeia, e \u00e9 fundamental que a gente amplie a visibilidade e o conhecimento sobre o que est\u00e1 sendo feito de bom aqui\u201d, afirma Luiz Antonio Vizeu, engenheiro agr\u00f4nomo e gerente de Rela\u00e7\u00f5es Institucionais da Ind\u00fastrias Colombo.<\/p>\n<p style=\"text-align:justify\">Apresentado por Vizeu e pela jornalista Juliana Pertille \u2014 comunicadora com longa trajet\u00f3ria no agro, com passagens por ve\u00edculos como Canal Rural e Record News \u2014, o \u201cAmendoim &amp; Prosa\u201d ter\u00e1 epis\u00f3dios mensais com convidados que vivem o dia a dia do setor. Al\u00e9m do mercado internacional, a programa\u00e7\u00e3o trar\u00e1 temas como consumo interno, marketing do setor, sustentabilidade, inova\u00e7\u00e3o, \u00f3leo de amendoim e hist\u00f3rias reais de quem trabalha diretamente com a cultura.&#13;\n<\/p>\n<p style=\"text-align:justify\">\u201cQueremos construir um conte\u00fado que una conhecimento t\u00e9cnico e sensibilidade. O agro tem muitas hist\u00f3rias potentes que precisam ser contadas e ouvidas com respeito, leveza e profundidade\u201d, destaca Juliana.<\/p>\n<p style=\"text-align:justify\">Durante a Feira Nacional do Amendoim, al\u00e9m do lan\u00e7amento oficial, novos epis\u00f3dios tamb\u00e9m ser\u00e3o gravados com convidados especiais, refor\u00e7ando o compromisso do projeto com a escuta ativa e a valoriza\u00e7\u00e3o dos diversos agentes dessa cadeia.<\/p>\n<\/p><\/div>\n<p><script data-cfasync=\"false\">\n    !function (f, b, e, v, n, t, s) {\n        if (f.fbq) return; n = f.fbq = function () {\n            n.callMethod ?\n                n.callMethod.apply(n, arguments) : n.queue.push(arguments)\n        };\n        if (!f._fbq) f._fbq = n; n.push = n; n.loaded = !0; n.version = '2.0';\n        n.queue = []; t = b.createElement(e); t.async = !0;\n        t.src = v; s = b.getElementsByTagName(e)[0];\n        s.parentNode.insertBefore(t, s)\n    }(window, document, 'script',\n        'https:\/\/connect.facebook.net\/en_US\/fbevents.js');\n    fbq('init', '522546078623747');\n    fbq('track', 'PageView');\n<\/script><br \/>\n<br \/><br \/>\n<br \/><a href=\"https:\/\/www.agrolink.com.br\/noticias\/especialistas-debatem-futuro-do-amendoim-brasileiro_504728.html\">Source link <\/a><\/p>\n","protected":false},"excerpt":{"rendered":"<p>Exporta\u00e7\u00e3o, consumo interno, sustentabilidade e inova\u00e7\u00e3o s\u00e3o alguns dos temas que movimentam o setor e ganham espa\u00e7o em novo canal<\/p>\n","protected":false},"author":1,"featured_media":18253,"comment_status":"open","ping_status":"open","sticky":false,"template":"","format":"standard","meta":{"_monsterinsights_skip_tracking":false,"_monsterinsights_sitenote_active":false,"_monsterinsights_sitenote_note":"","_monsterinsights_sitenote_category":0,"_uf_show_specific_survey":0,"_uf_disable_surveys":false,"footnotes":""},"categories":[8,1,14],"tags":[],"class_list":["post-18252","post","type-post","status-publish","format-standard","has-post-thumbnail","hentry","category-agro","category-news","category-politica-agro"],"_links":{"self":[{"href":"https:\/\/agromt.news\/index.php?rest_route=\/wp\/v2\/posts\/18252"}],"collection":[{"href":"https:\/\/agromt.news\/index.php?rest_route=\/wp\/v2\/posts"}],"about":[{"href":"https:\/\/agromt.news\/index.php?rest_route=\/wp\/v2\/types\/post"}],"author":[{"embeddable":true,"href":"https:\/\/agromt.news\/index.php?rest_route=\/wp\/v2\/users\/1"}],"replies":[{"embeddable":true,"href":"https:\/\/agromt.news\/index.php?rest_route=%2Fwp%2Fv2%2Fcomments&post=18252"}],"version-history":[{"count":0,"href":"https:\/\/agromt.news\/index.php?rest_route=\/wp\/v2\/posts\/18252\/revisions"}],"wp:featuredmedia":[{"embeddable":true,"href":"https:\/\/agromt.news\/index.php?rest_route=\/wp\/v2\/media\/18253"}],"wp:attachment":[{"href":"https:\/\/agromt.news\/index.php?rest_route=%2Fwp%2Fv2%2Fmedia&parent=18252"}],"wp:term":[{"taxonomy":"category","embeddable":true,"href":"https:\/\/agromt.news\/index.php?rest_route=%2Fwp%2Fv2%2Fcategories&post=18252"},{"taxonomy":"post_tag","embeddable":true,"href":"https:\/\/agromt.news\/index.php?rest_route=%2Fwp%2Fv2%2Ftags&post=18252"}],"curies":[{"name":"wp","href":"https:\/\/api.w.org\/{rel}","templated":true}]}}