{"id":18249,"date":"2025-08-08T11:36:55","date_gmt":"2025-08-08T15:36:55","guid":{"rendered":"https:\/\/agromt.news\/?p=18249"},"modified":"2025-08-08T11:36:55","modified_gmt":"2025-08-08T15:36:55","slug":"precos-na-industria-voltam-a-subir","status":"publish","type":"post","link":"https:\/\/agromt.news\/?p=18249","title":{"rendered":"pre\u00e7os na ind\u00fastria voltam a subir"},"content":{"rendered":"<p> <br \/>\n<br \/><img decoding=\"async\" src=\"https:\/\/agromt.news\/wp-content\/uploads\/2024\/09\/Fundecitrus-reduz-estimativa-de-producao-no-cinturao-de-SP-e.jpeg\" \/><\/p>\n<div>\n<p>O pre\u00e7o da laranja para ind\u00fastria reagiu nesta semana, depois de o mercado ter \u201candado de lado\u201d, \u00e0 espera de defini\u00e7\u00f5es sobre as tarifas norte-americanas. Isso \u00e9 o que mostram os levantamentos do <a href=\"https:\/\/www.canalrural.com.br\/tag\/cepea\/\">Centro de Estudos Avan\u00e7ados em Economia Aplicada (Cepea).<\/a><\/p>\n<p>Entre 4 e 7 de agosto, a m\u00e9dia foi de R$ 45,42\/cx de 40,8 kg, alta de 4,61% frente ao per\u00edodo anterior. De acordo com o centro de pesquisas, nos pr\u00f3ximos dias, produtores aguardam a retomada de fechamentos dos contratos para frutas da safra 2025\/26, que ficaram paralisados ao longo de julho.\u00a0<\/p>\n<p>Oficializada nesta quarta-feira (6), a decis\u00e3o que excluiu o suco de laranja da nova sobretaxa de importa\u00e7\u00e3o de 40% trouxe al\u00edvio imediato ao setor citr\u00edcola brasileiro.\u00a0<\/p>\n<\/div>\n<div>\n<p>O contexto de baixa oferta global e os estoques reduzidos nos Estados Unidos podem ter influenciado a retirada do suco da lista de produtos taxados.\u00a0<\/p>\n<p>Com o novo cen\u00e1rio, tamb\u00e9m espera-se est\u00edmulo \u00e0s exporta\u00e7\u00f5es nacionais no curto prazo, especialmente diante da menor concorr\u00eancia de outros fornecedores globais, conforme explicam pesquisadores.\u00a0<\/p>\n<p><em>*Sob supervis\u00e3o de Luis Roberto Toledo<\/em><\/p>\n<\/p><\/div>\n<p><br \/>\n<br \/><a href=\"https:\/\/www.canalrural.com.br\/agricultura\/citros-precos-na-industria-voltam-a-subir\/\">Source link <\/a><\/p>\n","protected":false},"excerpt":{"rendered":"<p>O pre\u00e7o da laranja para ind\u00fastria reagiu nesta semana, depois de o mercado ter \u201candado de lado\u201d, \u00e0 espera de<\/p>\n","protected":false},"author":1,"featured_media":1394,"comment_status":"open","ping_status":"open","sticky":false,"template":"","format":"standard","meta":{"_monsterinsights_skip_tracking":false,"_monsterinsights_sitenote_active":false,"_monsterinsights_sitenote_note":"","_monsterinsights_sitenote_category":0,"_uf_show_specific_survey":0,"_uf_disable_surveys":false,"footnotes":""},"categories":[1],"tags":[],"class_list":["post-18249","post","type-post","status-publish","format-standard","has-post-thumbnail","hentry","category-news"],"_links":{"self":[{"href":"https:\/\/agromt.news\/index.php?rest_route=\/wp\/v2\/posts\/18249"}],"collection":[{"href":"https:\/\/agromt.news\/index.php?rest_route=\/wp\/v2\/posts"}],"about":[{"href":"https:\/\/agromt.news\/index.php?rest_route=\/wp\/v2\/types\/post"}],"author":[{"embeddable":true,"href":"https:\/\/agromt.news\/index.php?rest_route=\/wp\/v2\/users\/1"}],"replies":[{"embeddable":true,"href":"https:\/\/agromt.news\/index.php?rest_route=%2Fwp%2Fv2%2Fcomments&post=18249"}],"version-history":[{"count":0,"href":"https:\/\/agromt.news\/index.php?rest_route=\/wp\/v2\/posts\/18249\/revisions"}],"wp:featuredmedia":[{"embeddable":true,"href":"https:\/\/agromt.news\/index.php?rest_route=\/wp\/v2\/media\/1394"}],"wp:attachment":[{"href":"https:\/\/agromt.news\/index.php?rest_route=%2Fwp%2Fv2%2Fmedia&parent=18249"}],"wp:term":[{"taxonomy":"category","embeddable":true,"href":"https:\/\/agromt.news\/index.php?rest_route=%2Fwp%2Fv2%2Fcategories&post=18249"},{"taxonomy":"post_tag","embeddable":true,"href":"https:\/\/agromt.news\/index.php?rest_route=%2Fwp%2Fv2%2Ftags&post=18249"}],"curies":[{"name":"wp","href":"https:\/\/api.w.org\/{rel}","templated":true}]}}