{"id":18248,"date":"2025-08-08T11:22:17","date_gmt":"2025-08-08T15:22:17","guid":{"rendered":"https:\/\/agromt.news\/?p=18248"},"modified":"2025-08-08T11:22:17","modified_gmt":"2025-08-08T15:22:17","slug":"exportacoes-caem-interrompendo-a-tendencia-de-alta","status":"publish","type":"post","link":"https:\/\/agromt.news\/?p=18248","title":{"rendered":"exporta\u00e7\u00f5es caem, interrompendo a tend\u00eancia de alta"},"content":{"rendered":"<p> <br \/>\n<br \/><img decoding=\"async\" src=\"https:\/\/agromt.news\/wp-content\/uploads\/2025\/02\/Mapa-cancela-exigencia-de-carimbo-em-ovos-vendidos-ao-consumidor.png\" \/><\/p>\n<div>\n<p>As exporta\u00e7\u00f5es brasileiras de ovos recuaram em julho, interrompendo a tend\u00eancia de alta observada ao longo dos seis primeiros meses do ano. \u00c9 isso o que apontam os dados do <a href=\"https:\/\/www.canalrural.com.br\/tag\/cepea\/\">Centro de Estudos Avan\u00e7ados em Economia Aplicada (Cepea).<\/a><\/p>\n<p>De acordo com dados da Secex, compilados e analisados pelo Cepea, o Brasil embarcou 5,26 mil toneladas de ovos in natura e processados em julho. Volume este, que \u00e9 20% inferior ao de junho, mas expressivos 305% acima do de julho\/24.\u00a0<\/p>\n<\/div>\n<div>\n<p>Pesquisadores explicam que a baixa mensal se deve \u00e0 redu\u00e7\u00e3o de 31% na quantidade embarcada para os Estados Unidos. Ressaltam, por\u00e9m, que, mesmo com a queda, o pa\u00eds se mant\u00e9m como o principal destino da prote\u00edna brasileira.\u00a0<\/p>\n<p>No mercado dom\u00e9stico, as cota\u00e7\u00f5es dos ovos iniciaram agosto em alta na maioria das regi\u00f5es acompanhadas pelo Cepea. Esse movimento foi impulsionado pelo fim das f\u00e9rias escolares, que favoreceu a retomada da demanda, e pelo per\u00edodo de in\u00edcio do m\u00eas, quando a popula\u00e7\u00e3o costuma estar mais capitalizada e o consumo da prote\u00edna tende a aumentar.\u00a0<\/p>\n<p><em>*Sob supervis\u00e3o de Luis Roberto Toledo<\/em><\/p>\n<\/p><\/div>\n<p><br \/>\n<br \/><a href=\"https:\/\/www.canalrural.com.br\/aves-e-suinos\/ovos-exportacoes-caem-interrompendo-a-tendencia-de-alta\/\">Source link <\/a><\/p>\n","protected":false},"excerpt":{"rendered":"<p>As exporta\u00e7\u00f5es brasileiras de ovos recuaram em julho, interrompendo a tend\u00eancia de alta observada ao longo dos seis primeiros meses<\/p>\n","protected":false},"author":1,"featured_media":10318,"comment_status":"open","ping_status":"open","sticky":false,"template":"","format":"standard","meta":{"_monsterinsights_skip_tracking":false,"_monsterinsights_sitenote_active":false,"_monsterinsights_sitenote_note":"","_monsterinsights_sitenote_category":0,"_uf_show_specific_survey":0,"_uf_disable_surveys":false,"footnotes":""},"categories":[1],"tags":[],"class_list":["post-18248","post","type-post","status-publish","format-standard","has-post-thumbnail","hentry","category-news"],"_links":{"self":[{"href":"https:\/\/agromt.news\/index.php?rest_route=\/wp\/v2\/posts\/18248"}],"collection":[{"href":"https:\/\/agromt.news\/index.php?rest_route=\/wp\/v2\/posts"}],"about":[{"href":"https:\/\/agromt.news\/index.php?rest_route=\/wp\/v2\/types\/post"}],"author":[{"embeddable":true,"href":"https:\/\/agromt.news\/index.php?rest_route=\/wp\/v2\/users\/1"}],"replies":[{"embeddable":true,"href":"https:\/\/agromt.news\/index.php?rest_route=%2Fwp%2Fv2%2Fcomments&post=18248"}],"version-history":[{"count":0,"href":"https:\/\/agromt.news\/index.php?rest_route=\/wp\/v2\/posts\/18248\/revisions"}],"wp:featuredmedia":[{"embeddable":true,"href":"https:\/\/agromt.news\/index.php?rest_route=\/wp\/v2\/media\/10318"}],"wp:attachment":[{"href":"https:\/\/agromt.news\/index.php?rest_route=%2Fwp%2Fv2%2Fmedia&parent=18248"}],"wp:term":[{"taxonomy":"category","embeddable":true,"href":"https:\/\/agromt.news\/index.php?rest_route=%2Fwp%2Fv2%2Fcategories&post=18248"},{"taxonomy":"post_tag","embeddable":true,"href":"https:\/\/agromt.news\/index.php?rest_route=%2Fwp%2Fv2%2Ftags&post=18248"}],"curies":[{"name":"wp","href":"https:\/\/api.w.org\/{rel}","templated":true}]}}