{"id":18247,"date":"2025-08-08T11:03:30","date_gmt":"2025-08-08T15:03:30","guid":{"rendered":"https:\/\/agromt.news\/?p=18247"},"modified":"2025-08-08T11:03:30","modified_gmt":"2025-08-08T15:03:30","slug":"cotacoes-internas-sobem-e-exportacoes-voltam-a-crescer","status":"publish","type":"post","link":"https:\/\/agromt.news\/?p=18247","title":{"rendered":"cota\u00e7\u00f5es internas sobem e exporta\u00e7\u00f5es voltam a crescer"},"content":{"rendered":"<p> <br \/>\n<br \/><img decoding=\"async\" src=\"https:\/\/agromt.news\/wp-content\/uploads\/2025\/05\/Primeiro-foco-de-gripe-aviaria-em-granja-comercial-e-detectado.jpg\" \/><\/p>\n<div>\n<p>Os pre\u00e7os da carne de frango v\u00eam subindo neste in\u00edcio de agosto, refletindo o aquecimento da demanda. \u00c9 isso o que apontam os levantamentos do <a href=\"https:\/\/www.canalrural.com.br\/tag\/cepea\/\">Centro de Estudos Avan\u00e7ados em Economia Aplicada (Cepea).\u00a0<\/a><\/p>\n<p>Segundo o instituto, al\u00e9m do tradicional aumento no poder de compra no in\u00edcio do m\u00eas, o fim das f\u00e9rias escolares e o Dia dos Pais t\u00eam elevado a procura pela carne e consequentemente, os valores da prote\u00edna av\u00edcola.\u00a0<\/p>\n<p>Quanto \u00e0s exporta\u00e7\u00f5es, ap\u00f3s dois meses seguidos em queda, o volume embarcado pelo Brasil voltou a crescer em julho.\u00a0<\/p>\n<\/div>\n<div>\n<p>Dados da Secex mostram que os 399,6 mil toneladas de carne de frango, tanto in natura quanto industrializada, em julho. O valor \u00e9 16,3% maior que em junho, por\u00e9m, 13,8% menor no comparativo com o mesmo m\u00eas do ano passado.\u00a0<\/p>\n<p>Pesquisadores ressaltam que este \u00e9 o melhor resultado desde a confirma\u00e7\u00e3o de um caso de Influenza Avi\u00e1ria em uma granja comercial no munic\u00edpio de Montenegro (RS), em maio.<\/p>\n<p><em>*Sob supervis\u00e3o de Luis Roberto Toledo<\/em><\/p>\n<\/p><\/div>\n<p><br \/>\n<br \/><a href=\"https:\/\/www.canalrural.com.br\/aves-e-suinos\/frango-cotacoes-internas-sobem-e-exportacoes-voltam-a-crescer\/\">Source link <\/a><\/p>\n","protected":false},"excerpt":{"rendered":"<p>Os pre\u00e7os da carne de frango v\u00eam subindo neste in\u00edcio de agosto, refletindo o aquecimento da demanda. \u00c9 isso o<\/p>\n","protected":false},"author":1,"featured_media":13799,"comment_status":"open","ping_status":"open","sticky":false,"template":"","format":"standard","meta":{"_monsterinsights_skip_tracking":false,"_monsterinsights_sitenote_active":false,"_monsterinsights_sitenote_note":"","_monsterinsights_sitenote_category":0,"_uf_show_specific_survey":0,"_uf_disable_surveys":false,"footnotes":""},"categories":[1],"tags":[],"class_list":["post-18247","post","type-post","status-publish","format-standard","has-post-thumbnail","hentry","category-news"],"_links":{"self":[{"href":"https:\/\/agromt.news\/index.php?rest_route=\/wp\/v2\/posts\/18247"}],"collection":[{"href":"https:\/\/agromt.news\/index.php?rest_route=\/wp\/v2\/posts"}],"about":[{"href":"https:\/\/agromt.news\/index.php?rest_route=\/wp\/v2\/types\/post"}],"author":[{"embeddable":true,"href":"https:\/\/agromt.news\/index.php?rest_route=\/wp\/v2\/users\/1"}],"replies":[{"embeddable":true,"href":"https:\/\/agromt.news\/index.php?rest_route=%2Fwp%2Fv2%2Fcomments&post=18247"}],"version-history":[{"count":0,"href":"https:\/\/agromt.news\/index.php?rest_route=\/wp\/v2\/posts\/18247\/revisions"}],"wp:featuredmedia":[{"embeddable":true,"href":"https:\/\/agromt.news\/index.php?rest_route=\/wp\/v2\/media\/13799"}],"wp:attachment":[{"href":"https:\/\/agromt.news\/index.php?rest_route=%2Fwp%2Fv2%2Fmedia&parent=18247"}],"wp:term":[{"taxonomy":"category","embeddable":true,"href":"https:\/\/agromt.news\/index.php?rest_route=%2Fwp%2Fv2%2Fcategories&post=18247"},{"taxonomy":"post_tag","embeddable":true,"href":"https:\/\/agromt.news\/index.php?rest_route=%2Fwp%2Fv2%2Ftags&post=18247"}],"curies":[{"name":"wp","href":"https:\/\/api.w.org\/{rel}","templated":true}]}}