{"id":18245,"date":"2025-08-08T09:58:52","date_gmt":"2025-08-08T13:58:52","guid":{"rendered":"https:\/\/agromt.news\/?p=18245"},"modified":"2025-08-08T09:58:52","modified_gmt":"2025-08-08T13:58:52","slug":"parana-ja-colheu-74-da-segunda-safra-de-milho","status":"publish","type":"post","link":"https:\/\/agromt.news\/?p=18245","title":{"rendered":"Paran\u00e1 j\u00e1 colheu 74% da segunda safra de milho"},"content":{"rendered":"<p> <br \/>\n<\/p>\n<div>\n<div class=\"row\">\n<div class=\"col-lg col-infos mt-0 mt-lg-0\">\n<div class=\"section-sub-title\">\n<p itemprop=\"description\">&#13;<br \/>\n                                Conab estima safra recorde de milho em 2024\/25&#13;\n                            <\/p>\n<\/p><\/div>\n<div class=\"container\">\n<div class=\"row\">\n<div class=\"col-lg p-0 text-lg-end\">\n<div>\n<div id=\"mdEnviarPagina\" class=\"modal fade\" role=\"dialog\">\n<div class=\"modal-dialog\">\n<div class=\"modal-content\">\n<div class=\"modal-body\">\n<p><strong>Estimado usu\u00e1rio.<\/strong><br \/>Preencha o formul\u00e1rio abaixo para remeter a p\u00e1gina.<\/p>\n<\/p><\/div>\n<\/p><\/div>\n<\/p><\/div>\n<\/div><\/div>\n<\/p><\/div>\n<\/p><\/div>\n<\/p><\/div>\n<\/p><\/div>\n<\/p><\/div>\n<div class=\"row justify-content-md-center mt-3\">\n<div class=\"col-lg-auto col-image block-news-main-image\">\n<p>                                <img decoding=\"async\" src=\"https:\/\/www.agrolink.com.br\/upload\/imagens-resizes\/7f207158e849442f84cbaccbdf47459b_858x483.jpg\" class=\"lazyload img-fluid\"\/><br \/>\n                                                <span class=\"publicity-photo d-block mt-1\">Foto: Divulga\u00e7\u00e3o<\/span><\/p><\/div>\n<\/p><\/div>\n<div class=\"section-description section-description-noticias mt-3\">\n<p style=\"text-align:justify\">A produ\u00e7\u00e3o nacional de <a href=\"https:\/\/www.agrolink.com.br\/culturas\/milho?utm_source=agrolink-detalhe-noticia&amp;utm_medium=detalhe-noticia&amp;utm_campaign=links-internos&#9;\" target=\"_blank\" rel=\"noopener\">milho<\/a> para a safra 2024\/25 foi estimada em 131,9 milh\u00f5es de toneladas, conforme informou a Companhia Nacional de Abastecimento (Conab), em julho. Do total, 19% correspondem \u00e0 primeira safra, 79% \u00e0 segunda e 2% \u00e0 terceira, esta cultivada apenas nas regi\u00f5es Norte e Nordeste.&#13;\n<\/p>\n<p style=\"text-align:justify\">A maior parte da produ\u00e7\u00e3o est\u00e1 concentrada no Centro-Oeste, respons\u00e1vel por cerca de 60% do volume total. O estado de Mato Grosso lidera o ranking nacional, com mais de 51 milh\u00f5es de toneladas, o que representa 39% da produ\u00e7\u00e3o brasileira. O Paran\u00e1 ocupa a segunda posi\u00e7\u00e3o, respondendo por 15% do total.&#13;\n<\/p>\n<p style=\"text-align:justify\">Segundo o Boletim de Conjuntura Agropecu\u00e1ria divulgado nesta quinta-feira (7) pelos analistas do Departamento de Economia Rural (Deral), vinculado \u00e0 Secretaria de Estado da Agricultura e do Abastecimento (Seab), a colheita da segunda safra de milho no Paran\u00e1 alcan\u00e7ou 74% da \u00e1rea plantada, que totaliza 2,77 milh\u00f5es de hectares.&#13;\n<\/p>\n<p style=\"text-align:justify\">O Deral informou que, \u201ccom condi\u00e7\u00f5es clim\u00e1ticas favor\u00e1veis, a expectativa \u00e9 de que a colheita seja conclu\u00edda ainda no m\u00eas de agosto\u201d.<\/p>\n<\/p><\/div>\n<\/p><\/div>\n<p><script data-cfasync=\"false\">\n    !function (f, b, e, v, n, t, s) {\n        if (f.fbq) return; n = f.fbq = function () {\n            n.callMethod ?\n                n.callMethod.apply(n, arguments) : n.queue.push(arguments)\n        };\n        if (!f._fbq) f._fbq = n; n.push = n; n.loaded = !0; n.version = '2.0';\n        n.queue = []; t = b.createElement(e); t.async = !0;\n        t.src = v; s = b.getElementsByTagName(e)[0];\n        s.parentNode.insertBefore(t, s)\n    }(window, document, 'script',\n        'https:\/\/connect.facebook.net\/en_US\/fbevents.js');\n    fbq('init', '522546078623747');\n    fbq('track', 'PageView');\n<\/script><br \/>\n<br \/><br \/>\n<br \/><a href=\"https:\/\/www.agrolink.com.br\/noticias\/parana-ja-colheu-74--da-segunda-safra-de-milho_504729.html\">Source link <\/a><\/p>\n","protected":false},"excerpt":{"rendered":"<p>&#13; Conab estima safra recorde de milho em 2024\/25&#13; Estimado usu\u00e1rio.Preencha o formul\u00e1rio abaixo para remeter a p\u00e1gina. Foto: Divulga\u00e7\u00e3o<\/p>\n","protected":false},"author":1,"featured_media":3552,"comment_status":"open","ping_status":"open","sticky":false,"template":"","format":"standard","meta":{"_monsterinsights_skip_tracking":false,"_monsterinsights_sitenote_active":false,"_monsterinsights_sitenote_note":"","_monsterinsights_sitenote_category":0,"_uf_show_specific_survey":0,"_uf_disable_surveys":false,"footnotes":""},"categories":[8,1,14],"tags":[],"class_list":["post-18245","post","type-post","status-publish","format-standard","has-post-thumbnail","hentry","category-agro","category-news","category-politica-agro"],"_links":{"self":[{"href":"https:\/\/agromt.news\/index.php?rest_route=\/wp\/v2\/posts\/18245"}],"collection":[{"href":"https:\/\/agromt.news\/index.php?rest_route=\/wp\/v2\/posts"}],"about":[{"href":"https:\/\/agromt.news\/index.php?rest_route=\/wp\/v2\/types\/post"}],"author":[{"embeddable":true,"href":"https:\/\/agromt.news\/index.php?rest_route=\/wp\/v2\/users\/1"}],"replies":[{"embeddable":true,"href":"https:\/\/agromt.news\/index.php?rest_route=%2Fwp%2Fv2%2Fcomments&post=18245"}],"version-history":[{"count":0,"href":"https:\/\/agromt.news\/index.php?rest_route=\/wp\/v2\/posts\/18245\/revisions"}],"wp:featuredmedia":[{"embeddable":true,"href":"https:\/\/agromt.news\/index.php?rest_route=\/wp\/v2\/media\/3552"}],"wp:attachment":[{"href":"https:\/\/agromt.news\/index.php?rest_route=%2Fwp%2Fv2%2Fmedia&parent=18245"}],"wp:term":[{"taxonomy":"category","embeddable":true,"href":"https:\/\/agromt.news\/index.php?rest_route=%2Fwp%2Fv2%2Fcategories&post=18245"},{"taxonomy":"post_tag","embeddable":true,"href":"https:\/\/agromt.news\/index.php?rest_route=%2Fwp%2Fv2%2Ftags&post=18245"}],"curies":[{"name":"wp","href":"https:\/\/api.w.org\/{rel}","templated":true}]}}