{"id":18244,"date":"2025-08-08T09:18:21","date_gmt":"2025-08-08T13:18:21","guid":{"rendered":"https:\/\/agromt.news\/?p=18244"},"modified":"2025-08-08T09:18:21","modified_gmt":"2025-08-08T13:18:21","slug":"para-amenizar-tarifaco-plano-de-contingencia-deve-ter-credito-emergencial-e-compras-publicas","status":"publish","type":"post","link":"https:\/\/agromt.news\/?p=18244","title":{"rendered":"Para amenizar tarifa\u00e7o, plano de conting\u00eancia deve ter cr\u00e9dito emergencial e compras p\u00fablicas"},"content":{"rendered":"<p> <br \/>\n<\/p>\n<div>\n<p>Com o in\u00edcio da vig\u00eancia das novas tarifas impostas pelos Estados Unidos, que atingem cerca de 35,9% das exporta\u00e7\u00f5es brasileiras para o mercado norte-americano, o governo federal corre contra o tempo para montar um plano de conting\u00eancia que evite o colapso de diversos setores exportadores.<\/p>\n<p>Os segmentos mais vulner\u00e1veis incluem carnes, frutas, cal\u00e7ados, pescados, mel, produtos sider\u00fargicos e eletroeletr\u00f4nicos fabricados sob demanda para o mercado americano. Muitos desses produtos perderam competitividade imediata com a alta tarif\u00e1ria de at\u00e9 50%, o que pode provocar demiss\u00f5es, fechamento de f\u00e1bricas e cancelamento de contratos.<\/p>\n<p>Segundo fontes do Pal\u00e1cio do Planalto e do Minist\u00e9rio da Fazenda, o plano, que deve ser anunciado oficialmente essa semana, trar\u00e1 as seguintes medidas principais: <\/p>\n<ul class=\"wp-block-list\">\n<li>Cr\u00e9dito emergencial com juros subsidiados, prazos estendidos e car\u00eancia para empresas exportadoras afetadas.<\/li>\n<li>Compras p\u00fablicas estrat\u00e9gicas, principalmente de produtos perec\u00edveis, para aliviar estoques e evitar perdas diretas.<\/li>\n<li>Programa de prote\u00e7\u00e3o ao emprego, com apoio financeiro direto a empresas que se comprometerem a manter trabalhadores por um per\u00edodo m\u00ednimo.<\/li>\n<li>Compensa\u00e7\u00f5es tribut\u00e1rias por meio da devolu\u00e7\u00e3o de tributos para exportadores de menor porte, j\u00e1 em vigor desde 1\u00ba de agosto com a nova lei do programa \u201cAcredita Exporta\u00e7\u00e3o\u201d.<\/li>\n<\/ul>\n<p>As medidas s\u00e3o pensadas com graus diferentes de apoio, de acordo com o n\u00edvel de exposi\u00e7\u00e3o de cada setor. Por exemplo, produtos como atum, cuja exporta\u00e7\u00e3o \u00e9 quase integral para os EUA , ter\u00e3o prioridade maior do que outros com mercado diversificado, como a til\u00e1pia.<\/p>\n<p><em>Veja em primeira m\u00e3o tudo sobre agricultura, pecu\u00e1ria, economia e previs\u00e3o do tempo:<\/em><a href=\"https:\/\/news.google.com\/publications\/CAAqBwgKMPKZlQswq_mqAw?hl=pt-BR&amp;gl=BR&amp;ceid=BR%3Apt-419\" target=\"_blank\" rel=\"noreferrer noopener\"><em>\u00a0siga o Canal Rural no Google News!<\/em><\/a><\/p>\n<p>Al\u00e9m das a\u00e7\u00f5es econ\u00f4micas, o governo brasileiro tamb\u00e9m est\u00e1 se movimentando nos bastidores diplom\u00e1ticos. A ApexBrasil (Ag\u00eancia Brasileira de Promo\u00e7\u00e3o de Exporta\u00e7\u00f5es e Investimentos) anunciou a abertura de um escrit\u00f3rio em Washington (EUA) para apoiar empresas na busca por novos compradores e defender isen\u00e7\u00f5es junto ao governo americano.<\/p>\n<p>Outra frente \u00e9 jur\u00eddica: o Brasil prepara uma contesta\u00e7\u00e3o na Organiza\u00e7\u00e3o Mundial do Com\u00e9rcio (OMC), alegando que as tarifas violam princ\u00edpios do livre com\u00e9rcio e foram aplicadas com car\u00e1ter pol\u00edtico e punitivo.<\/p>\n<\/div>\n<div>\n<h2 class=\"wp-block-heading\" id=\"h-o-que-disseram-lula-alckmin-e-haddad\">O que disseram Lula, Alckmin e Haddad<\/h2>\n<p>O presidente Lula chamou as tarifas de \u201cinjustas\u201d e afirmou que o Brasil n\u00e3o responder\u00e1 com hostilidade, mas com apoio \u00e0s empresas e trabalhadores brasileiros.<\/p>\n<p>O vice-presidente <a href=\"https:\/\/www.canalrural.com.br\/economia\/plano-de-contingencia-ao-tarifaco-deve-sair-ate-terca-diz-alckmin\/\">Geraldo Alckmin<\/a> garantiu que o plano ser\u00e1 \u201cr\u00e1pido, calibrado e eficaz\u201d, sem criar subs\u00eddios permanentes.<\/p>\n<p>O ministro Fernando Haddad entregou o plano ao presidente na \u00faltima quarta-feira (6), e estuda viabiliz\u00e1-lo por Medida Provis\u00f3ria (MP) para garantir agilidade.<\/p>\n<p>Governadores dos principais estados exportadores, como S\u00e3o Paulo, Minas Gerais, Goi\u00e1s, Paran\u00e1, Rio Grande do Sul e Cear\u00e1, j\u00e1 anunciaram pacotes locais, que incluem:<\/p>\n<ul class=\"wp-block-list\">\n<li>Linhas de cr\u00e9dito estaduais,<\/li>\n<li>Uso de cr\u00e9dito de ICMS como garantia,<\/li>\n<li>Compras p\u00fablicas estaduais para dar vaz\u00e3o \u00e0 produ\u00e7\u00e3o.<\/li>\n<\/ul>\n<p>Com a entrada em vigor das tarifas, frigor\u00edficos, ind\u00fastrias cal\u00e7adistas e cooperativas frut\u00edferas j\u00e1 relatam interrup\u00e7\u00e3o de embarques e tentativas de renegocia\u00e7\u00e3o com importadores. Empresas com produtos sob medida para o mercado americano, especialmente na ind\u00fastria de eletr\u00f4nicos e autope\u00e7as, est\u00e3o entre as mais amea\u00e7adas.<\/p>\n<h2 class=\"wp-block-heading\" id=\"h-conclusao\">Conclus\u00e3o<\/h2>\n<p>O Brasil vem buscando agir diante de uma crise comercial que tem fortes componentes pol\u00edticos. O desafio do governo agora \u00e9 evitar o efeito domin\u00f3: queda nas exporta\u00e7\u00f5es, desemprego e enfraquecimento da base industrial nacional. A resposta precisa ir al\u00e9m do socorro imediato, exige tamb\u00e9m diversifica\u00e7\u00e3o de mercados, fortalecimento do com\u00e9rcio Sul-Sul e defesa firme da soberania comercial brasileira nos f\u00f3runs internacionais.<\/p>\n<div class=\"wp-block-media-text is-stacked-on-mobile\">\n<figure class=\"wp-block-media-text__media\"><img fetchpriority=\"high\" decoding=\"async\" width=\"683\" height=\"1024\" src=\"https:\/\/agromt.news\/wp-content\/uploads\/2025\/04\/Como-guerras-e-crises-moldaram-o-preco-das-commodities-nos.jpg\" alt=\"Miguel Daoud\" class=\"wp-image-4095706 size-full\"  \/><\/figure>\n<div class=\"wp-block-media-text__content\">\n<p class=\"has-text-align-center\">*<em><strong>Miguel Daoud<\/strong>\u00a0\u00e9 comentarista de Economia e Pol\u00edtica\u00a0do Canal Rural<\/em><\/p>\n<\/div>\n<\/div>\n<hr class=\"wp-block-separator has-alpha-channel-opacity\"\/>\n<p><em>O\u00a0<strong>Canal Rural<\/strong>\u00a0n\u00e3o se responsabiliza pelas opini\u00f5es e conceitos emitidos nos textos desta sess\u00e3o, sendo os conte\u00fados de inteira responsabilidade de seus autores. A empresa se reserva o direito de fazer ajustes no texto para adequa\u00e7\u00e3o \u00e0s normas de publica\u00e7\u00e3o.<\/em><\/p>\n<\/p><\/div>\n<p><br \/>\n<br \/><a href=\"https:\/\/www.canalrural.com.br\/opiniao-noticias\/para-amenizar-tarifaco-plano-de-contingencia-deve-ter-credito-emergencial-e-compras-publicas\/\">Source link <\/a><\/p>\n","protected":false},"excerpt":{"rendered":"<p>Com o in\u00edcio da vig\u00eancia das novas tarifas impostas pelos Estados Unidos, que atingem cerca de 35,9% das exporta\u00e7\u00f5es brasileiras<\/p>\n","protected":false},"author":1,"featured_media":3313,"comment_status":"open","ping_status":"open","sticky":false,"template":"","format":"standard","meta":{"_monsterinsights_skip_tracking":false,"_monsterinsights_sitenote_active":false,"_monsterinsights_sitenote_note":"","_monsterinsights_sitenote_category":0,"_uf_show_specific_survey":0,"_uf_disable_surveys":false,"footnotes":""},"categories":[1],"tags":[],"class_list":["post-18244","post","type-post","status-publish","format-standard","has-post-thumbnail","hentry","category-news"],"_links":{"self":[{"href":"https:\/\/agromt.news\/index.php?rest_route=\/wp\/v2\/posts\/18244"}],"collection":[{"href":"https:\/\/agromt.news\/index.php?rest_route=\/wp\/v2\/posts"}],"about":[{"href":"https:\/\/agromt.news\/index.php?rest_route=\/wp\/v2\/types\/post"}],"author":[{"embeddable":true,"href":"https:\/\/agromt.news\/index.php?rest_route=\/wp\/v2\/users\/1"}],"replies":[{"embeddable":true,"href":"https:\/\/agromt.news\/index.php?rest_route=%2Fwp%2Fv2%2Fcomments&post=18244"}],"version-history":[{"count":0,"href":"https:\/\/agromt.news\/index.php?rest_route=\/wp\/v2\/posts\/18244\/revisions"}],"wp:featuredmedia":[{"embeddable":true,"href":"https:\/\/agromt.news\/index.php?rest_route=\/wp\/v2\/media\/3313"}],"wp:attachment":[{"href":"https:\/\/agromt.news\/index.php?rest_route=%2Fwp%2Fv2%2Fmedia&parent=18244"}],"wp:term":[{"taxonomy":"category","embeddable":true,"href":"https:\/\/agromt.news\/index.php?rest_route=%2Fwp%2Fv2%2Fcategories&post=18244"},{"taxonomy":"post_tag","embeddable":true,"href":"https:\/\/agromt.news\/index.php?rest_route=%2Fwp%2Fv2%2Ftags&post=18244"}],"curies":[{"name":"wp","href":"https:\/\/api.w.org\/{rel}","templated":true}]}}