{"id":18239,"date":"2025-08-08T07:53:26","date_gmt":"2025-08-08T11:53:26","guid":{"rendered":"https:\/\/agromt.news\/?p=18239"},"modified":"2025-08-08T07:53:26","modified_gmt":"2025-08-08T11:53:26","slug":"rs-aposta-em-inovacao-agropecuaria-apos-catastrofe-climatica","status":"publish","type":"post","link":"https:\/\/agromt.news\/?p=18239","title":{"rendered":"RS aposta em inova\u00e7\u00e3o agropecu\u00e1ria ap\u00f3s cat\u00e1strofe clim\u00e1tica"},"content":{"rendered":"<p> <br \/>\n<\/p>\n<div>\n<p style=\"text-align:justify\"><em>O tema foi destaque na quarta edi\u00e7\u00e3o do Di\u00e1logos pelo Clima, evento preparat\u00f3rio para a COP30 que aconteceu em Porto Alegre abordando os biomas do Sul: Pampa e Mata Atl\u00e2ntica<\/em><\/p>\n<p style=\"text-align:justify\">Especialistas, gestores p\u00fablicos, representantes do setor produtivo e da sociedade civil se reuniram nesta quarta-feira (06\/08), em Porto Alegre (RS), para a edi\u00e7\u00e3o sul-brasileira do Di\u00e1logos pelo Clima, iniciativa da Embrapa em prepara\u00e7\u00e3o para a 30\u00aa Confer\u00eancia das Na\u00e7\u00f5es Unidas sobre Mudan\u00e7a do Clima (COP30), que ser\u00e1 realizada em novembro, em Bel\u00e9m (PA). Com foco nos biomas Pampa e Mata Atl\u00e2ntica, o evento promoveu um debate sobre os caminhos poss\u00edveis para enfrentar os desafios das mudan\u00e7as clim\u00e1ticas com base na ci\u00eancia, na inova\u00e7\u00e3o e no di\u00e1logo intersetorial.&#13;\n<\/p>\n<p style=\"text-align:justify\">O Di\u00e1logos pelo Clima aconteceu em um contexto em que, h\u00e1 pouco mais de um ano, eventos clim\u00e1ticos extremos impactaram diretamente cerca de 2,5 milh\u00f5es de pessoas no Rio Grande do Sul, durante as enchentes classificadas pelo governo do Estado como a maior cat\u00e1strofe clim\u00e1tica da hist\u00f3ria ga\u00facha.<\/p>\n<p style=\"text-align:justify\">Nesse sentido, a abordagem do papel da agricultura na mitiga\u00e7\u00e3o dessas mudan\u00e7as do clima e as oportunidades de estabelecimento de padr\u00f5es mais resilientes da atividade a partir dos epis\u00f3dios de 2024 no RS estiveram na pauta dos discursos das autoridades que compuseram o dispositivo de abertura do evento: Silvia Massruh\u00e1, presidente da Embrapa, Simone St\u00fclp, Secret\u00e1ria de Ci\u00eancia, Tecnologia e Inova\u00e7\u00e3o do RS, Eduardo Sfoglia, chefe da Assessoria Internacional do Minist\u00e9rio da Pesca e Aquicultura, Jos\u00e9 Cleber Dias de Souza, superintendente do Minist\u00e9rio da Agricultura e Pecu\u00e1ria no Rio Grande do Sul, Milton Bernardes, superintendente do Minist\u00e9rio do Desenvolvimento Agr\u00e1rio no RS, Luciano Schwerz, presidente da Emater\/RS-Ascar, M\u00e1rcio Madalena, secret\u00e1rio-adjunto da Agricultura, Pecu\u00e1ria, Produ\u00e7\u00e3o Sustent\u00e1vel e Irriga\u00e7\u00e3o do RS e Pepe Vargas, presidente da Assembleia Legislativa do RS.<\/p>\n<p style=\"text-align:justify\">Massruh\u00e1 destacou o papel estrat\u00e9gico da agricultura na constru\u00e7\u00e3o de solu\u00e7\u00f5es para o enfrentamento das mudan\u00e7as clim\u00e1ticas. Segundo ela, os sistemas agroalimentares brasileiros t\u00eam potencial para contribuir significativamente na mitiga\u00e7\u00e3o dos gases de efeito estufa, especialmente se considerados em sua diversidade e adaptabilidade aos diferentes biomas do pa\u00eds. A presidente enfatizou que a agropecu\u00e1ria brasileira \u00e9 multifuncional \u2013 produz alimentos, fibras e energia \u2013 e se relaciona diretamente a temas como sa\u00fade, nutri\u00e7\u00e3o, gastronomia, turismo e valoriza\u00e7\u00e3o da sociobiodiversidade. Ressaltou, ainda, que o Brasil \u00e9 uma pot\u00eancia agroambiental e que, com a COP acontecendo em solo nacional, \u00e9 essencial mostrar ao mundo a sustentabilidade da agricultura brasileira, baseada historicamente em ci\u00eancia, tecnologia e inova\u00e7\u00e3o.<\/p>\n<p style=\"text-align:justify\">O presidente da Emater\/RS-Ascar, Luciano Schwerz, destacou, em sua fala, os grandes desafios enfrentados pelos agricultores ga\u00fachos nos \u00faltimos seis anos, marcados por eventos clim\u00e1ticos extremos que impactaram severamente a produ\u00e7\u00e3o agropecu\u00e1ria no estado. Segundo ele, apenas na cultura da soja, mais de 39 milh\u00f5es de toneladas deixaram de ser colhidas nesse per\u00edodo, al\u00e9m de perdas expressivas tamb\u00e9m no milho, com uma redu\u00e7\u00e3o superior a 9 milh\u00f5es de toneladas, entre outros d\u00e9ficits. &#8220;Isso leva o agricultor a uma ang\u00fastia&#8221;, afirmou, enfatizando a urg\u00eancia de adapta\u00e7\u00e3o \u00e0 nova realidade imposta pelas mudan\u00e7as clim\u00e1ticas.<\/p>\n<p style=\"text-align:justify\">Segundo a secret\u00e1ria de Ci\u00eancia, Tecnologia e Inova\u00e7\u00e3o do RS, Simone St\u00fclp, que representou o governo do Estado no evento, uma das abordagens feitas pela pasta tem sido justamente o enfrentamento dos desafios impostos pelas mudan\u00e7as clim\u00e1ticas, tema que ocupa posi\u00e7\u00e3o central entre as 13 miss\u00f5es estrat\u00e9gicas definidas pela secretaria. A primeira dessas miss\u00f5es trata diretamente da necessidade de desenvolver solu\u00e7\u00f5es sustent\u00e1veis a partir da ci\u00eancia, com foco na resili\u00eancia do territ\u00f3rio e no fortalecimento de setores-chave, como a agropecu\u00e1ria e os sistemas agroalimentares. A secret\u00e1ria ressaltou a import\u00e2ncia de aprimorar as conex\u00f5es entre as diferentes institui\u00e7\u00f5es que comp\u00f5em essa cadeia no Estado, promovendo sinergia entre pesquisa, extens\u00e3o, inova\u00e7\u00e3o e produ\u00e7\u00e3o.<\/p>\n<p style=\"text-align:justify\">Conforme o presidente da Assembleia Legislativa do RS, Pepe Vargas, a crescente consci\u00eancia social sobre as mudan\u00e7as clim\u00e1ticas tem sido impulsionada por eventos extremos e pela realiza\u00e7\u00e3o da COP no Brasil, que ocorre em um cen\u00e1rio internacional desafiador, com pot\u00eancias globais relutando em financiar a transi\u00e7\u00e3o ecol\u00f3gica e, em alguns casos, negando a pr\u00f3pria crise clim\u00e1tica. Segundo ele, apesar disso, o Brasil, conta com uma matriz energ\u00e9tica majoritariamente limpa, e mant\u00e9m o compromisso de estabelecer metas de mitiga\u00e7\u00e3o n\u00e3o s\u00f3 nessa \u00e1rea, como tamb\u00e9m na agropecu\u00e1ria.&#13;\n<\/p>\n<p style=\"text-align:justify\">A palestra de abertura do evento foi proferida pela cientista Thelma Krug, coordenadora do Conselho Cient\u00edfico da COP30 e ex-vice-presidente do Painel Intergovernamental para as Mudan\u00e7as Clim\u00e1ticas (IPCC). Ela abordou a situa\u00e7\u00e3o e perspectivas das mudan\u00e7as do clima para os Biomas da Regi\u00e3o Sul. Em sua explana\u00e7\u00e3o, Krug demonstrou preocupa\u00e7\u00e3o com a possibilidade de, cada vez mais r\u00e1pido, o planeta alcan\u00e7ar o aumento de temperatura de 1.5\u00ba acima dos n\u00edveis pr\u00e9-industriais (limite estabelecido no Acordo de Paris), fato que apontaria para a irreversibilidade de danos a alguns ecossistemas, al\u00e9m de impactos diretos a \u00e1reas como a agropecu\u00e1ria.<\/p>\n<p style=\"text-align:justify\">A interfer\u00eancia humana foi apontada pela cientista como fator-chave na intensifica\u00e7\u00e3o de eventos extremos, como os registrados no Rio Grande do Sul. Krug alertou que, com base em cen\u00e1rios do IPCC, se n\u00e3o houver uma redu\u00e7\u00e3o dr\u00e1stica nas emiss\u00f5es \u2013 incluindo maior remo\u00e7\u00e3o do que emiss\u00e3o de Di\u00f3xido de Carbono (CO\u00b2) \u2013 o planeta poder\u00e1 experimentar esses eventos como o \u201cnovo normal\u201d.<\/p>\n<p style=\"text-align:justify\">Segundo Krug, os eventos extremos v\u00eam se tornando mais frequentes e est\u00e3o diretamente associados ao aquecimento global provocado pela atividade humana. A partir da d\u00e9cada de 1970, cientistas passaram a observar uma acelera\u00e7\u00e3o no ritmo do aquecimento, com maior ac\u00famulo de CO\u00b2 na atmosfera, fator diretamente relacionado ao aumento da temperatura dos oceanos, ao derretimento das geleiras e \u00e0 eleva\u00e7\u00e3o do n\u00edvel do mar, provocando efeitos duradouros e, em muitos casos, irrevers\u00edveis.<\/p>\n<p style=\"text-align:justify\">Outro ponto abordado na palestra foi a transi\u00e7\u00e3o energ\u00e9tica, considerada uma das maiores urg\u00eancias da atualidade, mas que ainda enfrenta resist\u00eancias significativas devido \u00e0 forte depend\u00eancia global de combust\u00edveis f\u00f3sseis. Conforme Krug, nos pa\u00edses desenvolvidos, as emiss\u00f5es est\u00e3o fortemente ligadas ao setor de energia, enquanto nos pa\u00edses em desenvolvimento, o desafio est\u00e1 justamente concentrado na agropecu\u00e1ria, que, conforme a cientista, pode ter papel estrat\u00e9gico na mitiga\u00e7\u00e3o dos impactos ao clima.<\/p>\n<p style=\"text-align:justify\">Durante a programa\u00e7\u00e3o t\u00e9cnica, a pesquisadora Rosane Martinazzo, chefe de Pesquisa e Desenvolvimento da Embrapa Clima Temperado, proferiu uma palestra sobre os desafios enfrentados pelos biomas do Sul do Brasil diante das mudan\u00e7as clim\u00e1ticas, com foco principal no Programa Recupera Rural RS, iniciativa coordenada pelo Minist\u00e9rio da Agricultura e Pecu\u00e1ria (Mapa), com atua\u00e7\u00e3o da Embrapa e diversas institui\u00e7\u00f5es parceiras.<\/p>\n<p style=\"text-align:justify\">O programa surgiu como resposta aos eventos clim\u00e1ticos extremos no Rio Grande do Sul e envolve a\u00e7\u00f5es emergenciais e estruturantes de m\u00e9dio e longo prazo, voltadas \u00e0 recupera\u00e7\u00e3o agroprodutiva e ao fortalecimento da resili\u00eancia dos territ\u00f3rios rurais. A atua\u00e7\u00e3o \u00e9 coletiva e abrangeu diversas a\u00e7\u00f5es iniciais, como doa\u00e7\u00f5es e empr\u00e9stimos de ve\u00edculos e cria\u00e7\u00e3o de uma sala de situa\u00e7\u00e3o para an\u00e1lise de dados e apoio \u00e0 tomada de decis\u00e3o.&#13;\n<\/p>\n<p style=\"text-align:justify\">A partir da realiza\u00e7\u00e3o da oficina Recupera Rural RS, em 2024, com a reuni\u00e3o de 23 institui\u00e7\u00f5es, foram definidas a\u00e7\u00f5es priorit\u00e1rias, que est\u00e3o sendo desenvolvidas principalmente nas bacias dos rios Taquari-Antas e Baixo Jacu\u00ed. Na regi\u00e3o de Bento Gon\u00e7alves e nos Campos de Cima da Serra, o foco est\u00e1 nas boas pr\u00e1ticas agr\u00edcolas, recupera\u00e7\u00e3o de solos e gest\u00e3o h\u00eddrica. Na regi\u00e3o de Lajeado e Estrela, destacam-se as Unidades de Refer\u00eancia Tecnol\u00f3gica para a produ\u00e7\u00e3o animal de pequena escala e as Unidades de Aprendizagem Coletiva voltadas \u00e0 restaura\u00e7\u00e3o ambiental, sistemas agroflorestais e monitoramento da fauna. J\u00e1 na regi\u00e3o de Eldorado do Sul e Viam\u00e3o, a aten\u00e7\u00e3o se volta \u00e0s boas pr\u00e1ticas para restabelecimento da produ\u00e7\u00e3o de arroz agroecol\u00f3gico e hortali\u00e7as, bem como \u00e0 recomposi\u00e7\u00e3o vegetal. Mesmo em regi\u00f5es n\u00e3o diretamente impactadas por eventos extremos de maio de 2024, o programa tem promovido iniciativas como as Unidades de Refer\u00eancia para sistemas de Integra\u00e7\u00e3o Lavoura-Pecu\u00e1ria.<\/p>\n<p style=\"text-align:justify\">Moderado por Clenio Pillon, diretor de Pesquisa e Desenvolvimento da Embrapa, o painel reuniu especialistas e representantes de diferentes setores para debater os desafios enfrentados pelos biomas Mata Atl\u00e2ntica e Pampa diante das mudan\u00e7as clim\u00e1ticas. A secret\u00e1ria de Inova\u00e7\u00e3o, Ci\u00eancia e Tecnologia do RS, Simone St\u00fclp, destacou o papel estrat\u00e9gico da ci\u00eancia na constru\u00e7\u00e3o de solu\u00e7\u00f5es sustent\u00e1veis e adaptativas. J\u00e1 Ernesto Casper, da Cooperativa Ecocitrus, compartilhou a experi\u00eancia bem-sucedida da organiza\u00e7\u00e3o na gest\u00e3o de res\u00edduos agroindustriais e na valoriza\u00e7\u00e3o dos agricultores por meio do fortalecimento da cadeia produtiva, reduzindo a depend\u00eancia de insumos externos.<\/p>\n<p style=\"text-align:justify\">Osmir Lavoranti, chefe-adjunto de Pesquisa e Desenvolvimento da Embrapa Florestas, ressaltou a import\u00e2ncia do setor florestal como ferramenta essencial para estrat\u00e9gias de sequestro de carbono, enquanto Eug\u00eanio Zanetti, vice-presidente da Fetag-RS, defendeu o reconhecimento e o apoio \u00e0 agricultura familiar, que tem sofrido diretamente com os impactos clim\u00e1ticos. J\u00e1 Paula Hofmeister, assessora ambiental da Farsul, lembrou que o Rio Grande do Sul foi pioneiro na agricultura de baixo carbono, e refor\u00e7ou a necessidade de o estado assumir agora o protagonismo na constru\u00e7\u00e3o de uma agricultura resiliente, capaz de responder \u00e0s emerg\u00eancias clim\u00e1ticas que v\u00eam se intensificando.<\/p>\n<p style=\"text-align:justify\">\u00a0<\/p>\n<\/p><\/div>\n<p><script data-cfasync=\"false\">\n    !function (f, b, e, v, n, t, s) {\n        if (f.fbq) return; n = f.fbq = function () {\n            n.callMethod ?\n                n.callMethod.apply(n, arguments) : n.queue.push(arguments)\n        };\n        if (!f._fbq) f._fbq = n; n.push = n; n.loaded = !0; n.version = '2.0';\n        n.queue = []; t = b.createElement(e); t.async = !0;\n        t.src = v; s = b.getElementsByTagName(e)[0];\n        s.parentNode.insertBefore(t, s)\n    }(window, document, 'script',\n        'https:\/\/connect.facebook.net\/en_US\/fbevents.js');\n    fbq('init', '522546078623747');\n    fbq('track', 'PageView');\n<\/script><br \/>\n<br \/><br \/>\n<br \/><a href=\"https:\/\/www.agrolink.com.br\/noticias\/enfrentamento-a-catastrofe-climatica-do-rs-cria-oportunidades-para-novos-potenciais-agropecuarios_504731.html\">Source link <\/a><\/p>\n","protected":false},"excerpt":{"rendered":"<p>O tema foi destaque na quarta edi\u00e7\u00e3o do Di\u00e1logos pelo Clima, evento preparat\u00f3rio para a COP30 que aconteceu em Porto<\/p>\n","protected":false},"author":1,"featured_media":4856,"comment_status":"open","ping_status":"open","sticky":false,"template":"","format":"standard","meta":{"_monsterinsights_skip_tracking":false,"_monsterinsights_sitenote_active":false,"_monsterinsights_sitenote_note":"","_monsterinsights_sitenote_category":0,"_uf_show_specific_survey":0,"_uf_disable_surveys":false,"footnotes":""},"categories":[8,1,14],"tags":[],"class_list":["post-18239","post","type-post","status-publish","format-standard","has-post-thumbnail","hentry","category-agro","category-news","category-politica-agro"],"_links":{"self":[{"href":"https:\/\/agromt.news\/index.php?rest_route=\/wp\/v2\/posts\/18239"}],"collection":[{"href":"https:\/\/agromt.news\/index.php?rest_route=\/wp\/v2\/posts"}],"about":[{"href":"https:\/\/agromt.news\/index.php?rest_route=\/wp\/v2\/types\/post"}],"author":[{"embeddable":true,"href":"https:\/\/agromt.news\/index.php?rest_route=\/wp\/v2\/users\/1"}],"replies":[{"embeddable":true,"href":"https:\/\/agromt.news\/index.php?rest_route=%2Fwp%2Fv2%2Fcomments&post=18239"}],"version-history":[{"count":0,"href":"https:\/\/agromt.news\/index.php?rest_route=\/wp\/v2\/posts\/18239\/revisions"}],"wp:featuredmedia":[{"embeddable":true,"href":"https:\/\/agromt.news\/index.php?rest_route=\/wp\/v2\/media\/4856"}],"wp:attachment":[{"href":"https:\/\/agromt.news\/index.php?rest_route=%2Fwp%2Fv2%2Fmedia&parent=18239"}],"wp:term":[{"taxonomy":"category","embeddable":true,"href":"https:\/\/agromt.news\/index.php?rest_route=%2Fwp%2Fv2%2Fcategories&post=18239"},{"taxonomy":"post_tag","embeddable":true,"href":"https:\/\/agromt.news\/index.php?rest_route=%2Fwp%2Fv2%2Ftags&post=18239"}],"curies":[{"name":"wp","href":"https:\/\/api.w.org\/{rel}","templated":true}]}}