{"id":18238,"date":"2025-08-08T05:58:53","date_gmt":"2025-08-08T09:58:53","guid":{"rendered":"https:\/\/agromt.news\/?p=18238"},"modified":"2025-08-08T05:58:53","modified_gmt":"2025-08-08T09:58:53","slug":"alivio-do-mercado-com-reacao-brasileira-e-perda-da-forca-do-dolar-e-agora-o-que-esperar","status":"publish","type":"post","link":"https:\/\/agromt.news\/?p=18238","title":{"rendered":"Al\u00edvio do mercado com rea\u00e7\u00e3o brasileira e perda da for\u00e7a do d\u00f3lar; e agora, o que esperar?"},"content":{"rendered":"<p> <br \/>\n<\/p>\n<div>\n<p>No morning call de hoje, a economista-chefe do PicPay, Ariane Benedito, comenta o al\u00edvio nos mercados ap\u00f3s o Fed refor\u00e7ar expectativas de cortes de juros e o governo brasileiro sinalizar que n\u00e3o retaliar\u00e1 o tarifa\u00e7o dos EUA. <\/p>\n<p>O d\u00f3lar caiu para R$ 5,42, menor n\u00edvel desde julho, e o Ibovespa avan\u00e7ou 1,48%, aos 136 mil pontos. Juros futuros recuaram com a valoriza\u00e7\u00e3o do real e menor pr\u00eamio de risco. <\/p>\n<p>No exterior, d\u00f3lar perdeu for\u00e7a globalmente, enquanto investidores aguardam dados de infla\u00e7\u00e3o da China para calibrar expectativas.<\/p>\n<\/div>\n<div>\n<p><iframe title=\"Al\u00edvio do mercado com rea\u00e7\u00e3o brasileira e perda da for\u00e7a do d\u00f3lar; e agora, o que esperar?\" width=\"800\" height=\"450\" src=\"https:\/\/www.youtube.com\/embed\/3l27PJuZQ2Y?feature=oembed\" frameborder=\"0\" allow=\"accelerometer; autoplay; clipboard-write; encrypted-media; gyroscope; picture-in-picture; web-share\" referrerpolicy=\"strict-origin-when-cross-origin\" allowfullscreen><\/iframe><noscript><iframe title=\"Al\u00edvio do mercado com rea\u00e7\u00e3o brasileira e perda da for\u00e7a do d\u00f3lar; e agora, o que esperar?\" width=\"800\" height=\"450\" src=\"https:\/\/www.youtube.com\/embed\/3l27PJuZQ2Y?feature=oembed\" frameborder=\"0\" allow=\"accelerometer; autoplay; clipboard-write; encrypted-media; gyroscope; picture-in-picture; web-share\" referrerpolicy=\"strict-origin-when-cross-origin\" allowfullscreen><\/iframe><\/noscript><\/p>\n<p>Ou\u00e7a o\u00a0<strong><a href=\"http:\/\/www.canalrural.com.br\/tag\/diario-economico\/\">Di\u00e1rio Econ\u00f4mico<\/a><\/strong>, o podcast do PicPay que traz tudo que voc\u00ea precisa saber sobre economia para come\u00e7ar o seu dia, com base nas principais not\u00edcias que impactam o mercado financeiro.<\/p>\n<p>Para mais conte\u00fados de <a href=\"https:\/\/www.bomdiamercado.com.br\/mercado-financeiro\/\">mercado financeiro<\/a>, acesse: <a href=\"https:\/\/www.bomdiamercado.com.br\/\">Bom Dia Mercado<\/a>!<\/p>\n<figure class=\"wp-block-image size-large\"><img fetchpriority=\"high\" fetchpriority=\"high\" decoding=\"async\" width=\"1024\" height=\"576\" src=\"https:\/\/agromt.news\/wp-content\/uploads\/2025\/02\/Mercado-segue-atento-a-Trump-e-ha-risco-de-inflacao.jpeg\" alt=\"Ariane Benedito, apresentadora do podcast Di\u00e1rio Econ\u00f4mico\" class=\"wp-image-4078300\"  \/><figcaption class=\"wp-element-caption\">Foto: divulga\u00e7\u00e3o<\/figcaption><\/figure>\n<\/p><\/div>\n<p><br \/>\n<br \/><a href=\"https:\/\/www.canalrural.com.br\/economia\/alivio-do-mercado-com-reacao-brasileira-e-perda-da-forca-do-dolar-e-agora-o-que-esperar\/\">Source link <\/a><\/p>\n","protected":false},"excerpt":{"rendered":"<p>No morning call de hoje, a economista-chefe do PicPay, Ariane Benedito, comenta o al\u00edvio nos mercados ap\u00f3s o Fed refor\u00e7ar<\/p>\n","protected":false},"author":1,"featured_media":9860,"comment_status":"open","ping_status":"open","sticky":false,"template":"","format":"standard","meta":{"_monsterinsights_skip_tracking":false,"_monsterinsights_sitenote_active":false,"_monsterinsights_sitenote_note":"","_monsterinsights_sitenote_category":0,"_uf_show_specific_survey":0,"_uf_disable_surveys":false,"footnotes":""},"categories":[1],"tags":[],"class_list":["post-18238","post","type-post","status-publish","format-standard","has-post-thumbnail","hentry","category-news"],"_links":{"self":[{"href":"https:\/\/agromt.news\/index.php?rest_route=\/wp\/v2\/posts\/18238"}],"collection":[{"href":"https:\/\/agromt.news\/index.php?rest_route=\/wp\/v2\/posts"}],"about":[{"href":"https:\/\/agromt.news\/index.php?rest_route=\/wp\/v2\/types\/post"}],"author":[{"embeddable":true,"href":"https:\/\/agromt.news\/index.php?rest_route=\/wp\/v2\/users\/1"}],"replies":[{"embeddable":true,"href":"https:\/\/agromt.news\/index.php?rest_route=%2Fwp%2Fv2%2Fcomments&post=18238"}],"version-history":[{"count":0,"href":"https:\/\/agromt.news\/index.php?rest_route=\/wp\/v2\/posts\/18238\/revisions"}],"wp:featuredmedia":[{"embeddable":true,"href":"https:\/\/agromt.news\/index.php?rest_route=\/wp\/v2\/media\/9860"}],"wp:attachment":[{"href":"https:\/\/agromt.news\/index.php?rest_route=%2Fwp%2Fv2%2Fmedia&parent=18238"}],"wp:term":[{"taxonomy":"category","embeddable":true,"href":"https:\/\/agromt.news\/index.php?rest_route=%2Fwp%2Fv2%2Fcategories&post=18238"},{"taxonomy":"post_tag","embeddable":true,"href":"https:\/\/agromt.news\/index.php?rest_route=%2Fwp%2Fv2%2Ftags&post=18238"}],"curies":[{"name":"wp","href":"https:\/\/api.w.org\/{rel}","templated":true}]}}