{"id":18233,"date":"2025-08-08T04:40:28","date_gmt":"2025-08-08T08:40:28","guid":{"rendered":"https:\/\/agromt.news\/?p=18233"},"modified":"2025-08-08T04:40:28","modified_gmt":"2025-08-08T08:40:28","slug":"plano-de-contingencia-ao-tarifaco-deve-sair-ate-terca-diz-alckmin","status":"publish","type":"post","link":"https:\/\/agromt.news\/?p=18233","title":{"rendered":"Plano de conting\u00eancia ao tarifa\u00e7o deve sair at\u00e9 ter\u00e7a, diz Alckmin"},"content":{"rendered":"<p> <br \/>\n<br \/><img decoding=\"async\" src=\"https:\/\/agromt.news\/wp-content\/uploads\/2025\/08\/Plano-de-contingencia-ao-tarifaco-deve-sair-ate-terca-diz.jpg\" \/><\/p>\n<div>\n<p>O plano de conting\u00eancia para ajudar os setores afetados pelo tarifa\u00e7o imposto pelos Estados Unidos deve sair at\u00e9 ter\u00e7a-feira (12), disse o vice-presidente e ministro do Desenvolvimento, Ind\u00fastria, Com\u00e9rcio e Servi\u00e7os, Geraldo Alckmin.<\/p>\n<p>Segundo ele, haver\u00e1 uma \u201cr\u00e9gua\u201d para considerar a varia\u00e7\u00e3o de exporta\u00e7\u00f5es dentro de um mesmo setor, para tornar o socorro mais preciso.<\/p>\n<p>\u201cEle [o plano de conting\u00eancia] foi apresentado ao presidente Lula, que terminou ontem tarde da noite o trabalho [de leitura]. O presidente vai bater o martelo e a\u00ed vai ser anunciado. Se n\u00e3o for amanh\u00e3, provavelmente na segunda ou ter\u00e7a-feira\u201d, disse Alckmin ao conceder entrevista nesta quinta-feira (8) no estacionamento do Minist\u00e9rio do Desenvolvimento, Ind\u00fastria, Com\u00e9rcio e Servi\u00e7os (Mdic).<\/p>\n<p>De acordo com Alckmin, o plano de conting\u00eancia procurar\u00e1 ter foco, para ajudar as empresas mais afetadas pela imposi\u00e7\u00e3o da tarifa de 50% sobre produtos brasileiros pelo governo de Donald Trump.<\/p>\n<p>O vice-presidente afirmou que ser\u00e1 institu\u00eddo um par\u00e2metro para avaliar os efeitos das tarifas sobre cada setor da economia, baseado no grau de exporta\u00e7\u00f5es para os Estados Unidos.<\/p>\n<\/div>\n<div>\n<p>\u201cH\u00e1 setores em que mais de 90% [da produ\u00e7\u00e3o] vai para o mercado interno, com exporta\u00e7\u00f5es de 5%, no m\u00e1ximo 10%. E tem setores em que metade do que se produz \u00e9 para exportar. E tem setores que exportam mais da metade para os Estados Unidos. Ent\u00e3o, foram muito expostos, est\u00e3o muito expostos\u201d, declarou.<\/p>\n<p>Citando o setor de pescados, Alckmin disse que o plano pretende diferenciar os produtos com maior ou menor exposi\u00e7\u00e3o ao mercado estadunidense.<\/p>\n<p>\u201c\u00c0s vezes dentro de um pr\u00f3prio setor, voc\u00ea tem uma diferencia\u00e7\u00e3o de quem exporta mais e menos\u201d, destacou. \u201cNo caso da til\u00e1pia, o maior consumo \u00e9 interno. J\u00e1 o atum tem a maior parte da produ\u00e7\u00e3o destinada \u00e0 exporta\u00e7\u00e3o\u201d, acrescentou.<\/p>\n<h2 class=\"wp-block-heading\" id=\"h-embaixador-dos-eua\">Embaixador dos EUA<\/h2>\n<p>Alckmin n\u00e3o entrou em detalhes sobre a reuni\u00e3o que teve com o encarregado de neg\u00f3cios da embaixada dos Estados Unidos, Gabriel Escobar.<\/p>\n<p>Apenas disse que o encontro foi \u201cmuito bom\u201d.<\/p>\n<p>A reuni\u00e3o ocorreu fora da agenda nesta tarde. Antes de encontrar o vice-presidente, Escobar reuniu-se com o presidente da Comiss\u00e3o de Rela\u00e7\u00f5es Exteriores do Senado, Nelsinho Trad (PSD-MS). Ap\u00f3s sair do minist\u00e9rio, Escobar visitou a C\u00e2mara dos Deputados.<\/p>\n<\/p><\/div>\n<p><br \/>\n<br \/><a href=\"https:\/\/www.canalrural.com.br\/economia\/plano-de-contingencia-ao-tarifaco-deve-sair-ate-terca-diz-alckmin\/\">Source link <\/a><\/p>\n","protected":false},"excerpt":{"rendered":"<p>O plano de conting\u00eancia para ajudar os setores afetados pelo tarifa\u00e7o imposto pelos Estados Unidos deve sair at\u00e9 ter\u00e7a-feira (12),<\/p>\n","protected":false},"author":1,"featured_media":18234,"comment_status":"open","ping_status":"open","sticky":false,"template":"","format":"standard","meta":{"_monsterinsights_skip_tracking":false,"_monsterinsights_sitenote_active":false,"_monsterinsights_sitenote_note":"","_monsterinsights_sitenote_category":0,"_uf_show_specific_survey":0,"_uf_disable_surveys":false,"footnotes":""},"categories":[1],"tags":[],"class_list":["post-18233","post","type-post","status-publish","format-standard","has-post-thumbnail","hentry","category-news"],"_links":{"self":[{"href":"https:\/\/agromt.news\/index.php?rest_route=\/wp\/v2\/posts\/18233"}],"collection":[{"href":"https:\/\/agromt.news\/index.php?rest_route=\/wp\/v2\/posts"}],"about":[{"href":"https:\/\/agromt.news\/index.php?rest_route=\/wp\/v2\/types\/post"}],"author":[{"embeddable":true,"href":"https:\/\/agromt.news\/index.php?rest_route=\/wp\/v2\/users\/1"}],"replies":[{"embeddable":true,"href":"https:\/\/agromt.news\/index.php?rest_route=%2Fwp%2Fv2%2Fcomments&post=18233"}],"version-history":[{"count":0,"href":"https:\/\/agromt.news\/index.php?rest_route=\/wp\/v2\/posts\/18233\/revisions"}],"wp:featuredmedia":[{"embeddable":true,"href":"https:\/\/agromt.news\/index.php?rest_route=\/wp\/v2\/media\/18234"}],"wp:attachment":[{"href":"https:\/\/agromt.news\/index.php?rest_route=%2Fwp%2Fv2%2Fmedia&parent=18233"}],"wp:term":[{"taxonomy":"category","embeddable":true,"href":"https:\/\/agromt.news\/index.php?rest_route=%2Fwp%2Fv2%2Fcategories&post=18233"},{"taxonomy":"post_tag","embeddable":true,"href":"https:\/\/agromt.news\/index.php?rest_route=%2Fwp%2Fv2%2Ftags&post=18233"}],"curies":[{"name":"wp","href":"https:\/\/api.w.org\/{rel}","templated":true}]}}