{"id":18232,"date":"2025-08-08T03:55:58","date_gmt":"2025-08-08T07:55:58","guid":{"rendered":"https:\/\/agromt.news\/?p=18232"},"modified":"2025-08-08T03:55:58","modified_gmt":"2025-08-08T07:55:58","slug":"confirmada-adesao-do-brasil-a-regras-de-seguranca-maritima","status":"publish","type":"post","link":"https:\/\/agromt.news\/?p=18232","title":{"rendered":"Confirmada ades\u00e3o do Brasil a regras de seguran\u00e7a mar\u00edtima"},"content":{"rendered":"<p> <br \/>\n<\/p>\n<div>\n<div class=\"row\">\n<div class=\"col-lg col-infos mt-0 mt-lg-0\">\n<div class=\"section-sub-title\">\n<p itemprop=\"description\">&#13;<br \/>\n                                PDL 478\/2023 vai \u00e0 promulga\u00e7\u00e3o pelo presidente do Senado, Davi Alcolumbre&#13;\n                            <\/p>\n<\/p><\/div>\n<div class=\"container\">\n<div class=\"row\">\n<div class=\"col-lg p-0 text-lg-end\">\n<div>\n<div id=\"mdEnviarPagina\" class=\"modal fade\" role=\"dialog\">\n<div class=\"modal-dialog\">\n<div class=\"modal-content\">\n<div class=\"modal-body\">\n<p><strong>Estimado usu\u00e1rio.<\/strong><br \/>Preencha o formul\u00e1rio abaixo para remeter a p\u00e1gina.<\/p>\n<\/p><\/div>\n<\/p><\/div>\n<\/p><\/div>\n<\/div><\/div>\n<\/p><\/div>\n<\/p><\/div>\n<\/p><\/div>\n<\/p><\/div>\n<\/p><\/div>\n<div class=\"row justify-content-md-center mt-3\">\n<div class=\"col-lg-auto col-image block-news-main-image\">\n<p>                                <img decoding=\"async\" src=\"https:\/\/www.agrolink.com.br\/upload\/imagens-resizes\/04b324b780994007a8e66839f9a1e5a6_858x483.jpg\" class=\"lazyload img-fluid\"\/><br \/>\n                                                <span class=\"publicity-photo d-block mt-1\">Foto: Governo Federal <\/span><\/p><\/div>\n<\/p><\/div>\n<div class=\"section-description section-description-noticias mt-3\">\n<p style=\"text-align:justify\">O Senado ratificou em Plen\u00e1rio, nesta quinta-feira (7), a ades\u00e3o do Brasil a regras da Organiza\u00e7\u00e3o Mar\u00edtima Internacional (OMI) que padronizam a seguran\u00e7a para quem trabalha no mar. O Projeto de Decreto Legislativo (PDL) 478\/2023 vai \u00e0 promulga\u00e7\u00e3o pelo presidente do Senado, Davi Alcolumbre.&#13;\n<\/p>\n<p style=\"text-align:justify\">O decreto legislativo autoriza o presidente da Rep\u00fablica a confirmar a ades\u00e3o do Brasil \u00e0s regras, que j\u00e1 vigoram internacionalmente desde 2012, inclusive com efeitos para os navios brasileiros. Assim, um novo decreto presidencial incorporar\u00e1 o texto na legisla\u00e7\u00e3o brasileira.<\/p>\n<p style=\"text-align:justify\">As normas t\u00e9cnicas tratam de certificados, m\u00e1quinas e servi\u00e7os de quarto em navega\u00e7\u00f5es mar\u00edtimas, como:<\/p>\n<p style=\"text-align:justify\">O senador\u00a0Jorge Seif (PL-SC) foi o relator na Comiss\u00e3o de Rela\u00e7\u00f5es Exteriores (CRE). No documento, ele\u00a0informa que, sem normas t\u00e9cnicas desse tipo, \u201ccada governo nacional definia os padr\u00f5es\u201d \u00e0 sua maneira, sem considerar os dos outros pa\u00edses, apesar de o transporte mar\u00edtimo ser um dos setores mais globalizados.&#13;\n<\/p>\n<p style=\"text-align:justify\">As chamadas Emendas de Manila (cidade da Filipinas que sediou o acordo) alteram a Conven\u00e7\u00e3o Internacional sobre Padr\u00f5es de Instru\u00e7\u00e3o, Certifica\u00e7\u00e3o e Servi\u00e7o de Quarto para Mar\u00edtimos (STCW-1978), no \u00e2mbito da OMI, que j\u00e1 foi internalizada no direito brasileiro em 1984.<\/p>\n<p style=\"text-align:justify\">\u00a0<\/p>\n<\/p><\/div>\n<\/p><\/div>\n<p><script data-cfasync=\"false\">\n    !function (f, b, e, v, n, t, s) {\n        if (f.fbq) return; n = f.fbq = function () {\n            n.callMethod ?\n                n.callMethod.apply(n, arguments) : n.queue.push(arguments)\n        };\n        if (!f._fbq) f._fbq = n; n.push = n; n.loaded = !0; n.version = '2.0';\n        n.queue = []; t = b.createElement(e); t.async = !0;\n        t.src = v; s = b.getElementsByTagName(e)[0];\n        s.parentNode.insertBefore(t, s)\n    }(window, document, 'script',\n        'https:\/\/connect.facebook.net\/en_US\/fbevents.js');\n    fbq('init', '522546078623747');\n    fbq('track', 'PageView');\n<\/script><br \/>\n<br \/><br \/>\n<br \/><a href=\"https:\/\/www.agrolink.com.br\/noticias\/confirmada-adesao-do-brasil-a-regras-internacionais-de-seguranca-maritima_504732.html\">Source link <\/a><\/p>\n","protected":false},"excerpt":{"rendered":"<p>&#13; PDL 478\/2023 vai \u00e0 promulga\u00e7\u00e3o pelo presidente do Senado, Davi Alcolumbre&#13; Estimado usu\u00e1rio.Preencha o formul\u00e1rio abaixo para remeter a<\/p>\n","protected":false},"author":1,"featured_media":3311,"comment_status":"open","ping_status":"open","sticky":false,"template":"","format":"standard","meta":{"_monsterinsights_skip_tracking":false,"_monsterinsights_sitenote_active":false,"_monsterinsights_sitenote_note":"","_monsterinsights_sitenote_category":0,"_uf_show_specific_survey":0,"_uf_disable_surveys":false,"footnotes":""},"categories":[8,1,14],"tags":[],"class_list":["post-18232","post","type-post","status-publish","format-standard","has-post-thumbnail","hentry","category-agro","category-news","category-politica-agro"],"_links":{"self":[{"href":"https:\/\/agromt.news\/index.php?rest_route=\/wp\/v2\/posts\/18232"}],"collection":[{"href":"https:\/\/agromt.news\/index.php?rest_route=\/wp\/v2\/posts"}],"about":[{"href":"https:\/\/agromt.news\/index.php?rest_route=\/wp\/v2\/types\/post"}],"author":[{"embeddable":true,"href":"https:\/\/agromt.news\/index.php?rest_route=\/wp\/v2\/users\/1"}],"replies":[{"embeddable":true,"href":"https:\/\/agromt.news\/index.php?rest_route=%2Fwp%2Fv2%2Fcomments&post=18232"}],"version-history":[{"count":0,"href":"https:\/\/agromt.news\/index.php?rest_route=\/wp\/v2\/posts\/18232\/revisions"}],"wp:featuredmedia":[{"embeddable":true,"href":"https:\/\/agromt.news\/index.php?rest_route=\/wp\/v2\/media\/3311"}],"wp:attachment":[{"href":"https:\/\/agromt.news\/index.php?rest_route=%2Fwp%2Fv2%2Fmedia&parent=18232"}],"wp:term":[{"taxonomy":"category","embeddable":true,"href":"https:\/\/agromt.news\/index.php?rest_route=%2Fwp%2Fv2%2Fcategories&post=18232"},{"taxonomy":"post_tag","embeddable":true,"href":"https:\/\/agromt.news\/index.php?rest_route=%2Fwp%2Fv2%2Ftags&post=18232"}],"curies":[{"name":"wp","href":"https:\/\/api.w.org\/{rel}","templated":true}]}}