{"id":18214,"date":"2025-08-07T17:52:01","date_gmt":"2025-08-07T21:52:01","guid":{"rendered":"https:\/\/agromt.news\/?p=18214"},"modified":"2025-08-07T17:52:01","modified_gmt":"2025-08-07T21:52:01","slug":"suco-de-laranja-fora-da-tarifa-e-um-alivio","status":"publish","type":"post","link":"https:\/\/agromt.news\/?p=18214","title":{"rendered":"Suco de laranja fora da tarifa \u00e9 um al\u00edvio"},"content":{"rendered":"<p> <br \/>\n<\/p>\n<div>\n<p>A exclus\u00e3o do suco de laranja brasileiro da nova tarifa de 50% anunciada pelo ex-presidente dos EUA, Donald Trump, trouxe al\u00edvio imediato para uma das cadeias mais estrat\u00e9gicas do agro nacional. Segundo Leandro Avelar, CEO da JPA Agro, a medida evitou um colapso que afetaria n\u00e3o s\u00f3 a ind\u00fastria, mas milhares de produtores no campo. O suco de laranja representa mais de 42% das exporta\u00e7\u00f5es brasileiras para os EUA, e sua inclus\u00e3o na tarifa teria impacto direto em bilh\u00f5es de reais movimentados anualmente.&#13;\n<\/p>\n<p>Entre os cerca de 700 produtos isentos da tarifa, al\u00e9m do suco, est\u00e3o fertilizantes, madeira tropical e sisal. J\u00e1 itens como carne bovina, frutas frescas, manga e caf\u00e9 seguem sendo penalizados. Avelar destaca que a presen\u00e7a de grandes ind\u00fastrias brasileiras com opera\u00e7\u00e3o nos EUA, como Cutrale e Citrosuco, facilitou o di\u00e1logo com o governo americano, mas alerta: isso n\u00e3o garante estabilidade a longo prazo.<\/p>\n<p>A instabilidade nas tarifas prejudica especialmente pequenas e m\u00e9dias empresas exportadoras, que operam com margens apertadas. Avelar defende que o Brasil separe diplomacia comercial de disputas pol\u00edticas, mantendo negocia\u00e7\u00f5es estrat\u00e9gicas com os EUA \u2014 segundo maior parceiro comercial do pa\u00eds. Ele tamb\u00e9m aponta entraves internos como carga tribut\u00e1ria alta, legisla\u00e7\u00e3o trabalhista ineficiente e infraestrutura prec\u00e1ria, que limitam a competitividade nacional.&#13;\n<\/p>\n<p>O cen\u00e1rio ainda \u00e9 de aten\u00e7\u00e3o. A exclus\u00e3o do suco foi uma vit\u00f3ria, mas produtos como o caf\u00e9 \u2014 respons\u00e1vel por 17% das exporta\u00e7\u00f5es brasileiras aos EUA \u2014 seguem tarifados. O momento, segundo Avelar, exige articula\u00e7\u00e3o inteligente para garantir previsibilidade, seguran\u00e7a jur\u00eddica e crescimento sustent\u00e1vel ao agro brasileiro.<\/p>\n<p>\u201c\u00c9 o momento de deixar o confronto de lado e negociar com intelig\u00eancia. Precisamos defender nossos interesses, sim, mas com estrat\u00e9gia, protegendo o com\u00e9rcio como um ativo nacional, afinal, o agro brasileiro \u00e9 importante para o mundo. Mas para consolidar esse papel, precisamos de seguran\u00e7a jur\u00eddica, previsibilidade comercial e pol\u00edticas que incentivem a produtividade. S\u00f3 assim o Brasil ser\u00e1 visto como parceiro confi\u00e1vel\u201d, conclui\u00a0Leandro.&#13;\n<\/p>\n<p>\u00a0<\/p>\n<\/p><\/div>\n<p><script data-cfasync=\"false\">\n    !function (f, b, e, v, n, t, s) {\n        if (f.fbq) return; n = f.fbq = function () {\n            n.callMethod ?\n                n.callMethod.apply(n, arguments) : n.queue.push(arguments)\n        };\n        if (!f._fbq) f._fbq = n; n.push = n; n.loaded = !0; n.version = '2.0';\n        n.queue = []; t = b.createElement(e); t.async = !0;\n        t.src = v; s = b.getElementsByTagName(e)[0];\n        s.parentNode.insertBefore(t, s)\n    }(window, document, 'script',\n        'https:\/\/connect.facebook.net\/en_US\/fbevents.js');\n    fbq('init', '522546078623747');\n    fbq('track', 'PageView');\n<\/script><br \/>\n<br \/><br \/>\n<br \/><a href=\"https:\/\/www.agrolink.com.br\/noticias\/suco-de-laranja-fora-da-tarifa-e-um-alivio_504738.html\">Source link <\/a><\/p>\n","protected":false},"excerpt":{"rendered":"<p>A exclus\u00e3o do suco de laranja brasileiro da nova tarifa de 50% anunciada pelo ex-presidente dos EUA, Donald Trump, trouxe<\/p>\n","protected":false},"author":1,"featured_media":18215,"comment_status":"open","ping_status":"open","sticky":false,"template":"","format":"standard","meta":{"_monsterinsights_skip_tracking":false,"_monsterinsights_sitenote_active":false,"_monsterinsights_sitenote_note":"","_monsterinsights_sitenote_category":0,"_uf_show_specific_survey":0,"_uf_disable_surveys":false,"footnotes":""},"categories":[8,1,14],"tags":[],"class_list":["post-18214","post","type-post","status-publish","format-standard","has-post-thumbnail","hentry","category-agro","category-news","category-politica-agro"],"_links":{"self":[{"href":"https:\/\/agromt.news\/index.php?rest_route=\/wp\/v2\/posts\/18214"}],"collection":[{"href":"https:\/\/agromt.news\/index.php?rest_route=\/wp\/v2\/posts"}],"about":[{"href":"https:\/\/agromt.news\/index.php?rest_route=\/wp\/v2\/types\/post"}],"author":[{"embeddable":true,"href":"https:\/\/agromt.news\/index.php?rest_route=\/wp\/v2\/users\/1"}],"replies":[{"embeddable":true,"href":"https:\/\/agromt.news\/index.php?rest_route=%2Fwp%2Fv2%2Fcomments&post=18214"}],"version-history":[{"count":0,"href":"https:\/\/agromt.news\/index.php?rest_route=\/wp\/v2\/posts\/18214\/revisions"}],"wp:featuredmedia":[{"embeddable":true,"href":"https:\/\/agromt.news\/index.php?rest_route=\/wp\/v2\/media\/18215"}],"wp:attachment":[{"href":"https:\/\/agromt.news\/index.php?rest_route=%2Fwp%2Fv2%2Fmedia&parent=18214"}],"wp:term":[{"taxonomy":"category","embeddable":true,"href":"https:\/\/agromt.news\/index.php?rest_route=%2Fwp%2Fv2%2Fcategories&post=18214"},{"taxonomy":"post_tag","embeddable":true,"href":"https:\/\/agromt.news\/index.php?rest_route=%2Fwp%2Fv2%2Ftags&post=18214"}],"curies":[{"name":"wp","href":"https:\/\/api.w.org\/{rel}","templated":true}]}}