{"id":18206,"date":"2025-08-07T16:59:43","date_gmt":"2025-08-07T20:59:43","guid":{"rendered":"https:\/\/agromt.news\/?p=18206"},"modified":"2025-08-07T16:59:43","modified_gmt":"2025-08-07T20:59:43","slug":"desmatamento-cai-72-no-pantanal-e-sobe-4-na-amazonia","status":"publish","type":"post","link":"https:\/\/agromt.news\/?p=18206","title":{"rendered":"Desmatamento cai 72% no Pantanal e sobe 4% na Amaz\u00f4nia"},"content":{"rendered":"<p> <br \/>\n<br \/><img decoding=\"async\" src=\"https:\/\/agromt.news\/wp-content\/uploads\/2025\/08\/Desmatamento-cai-72-no-Pantanal-e-sobe-4-na-Amazonia.jpg\" \/><\/p>\n<div>\n<p>O bioma Amaz\u00f4nia registrou, ao longo dos \u00faltimos 12 meses, aumento de 4% nos alertas de desmatamento, emitidos em um total de 4.495 quil\u00f4metros quadrados (km\u00b2), contra 4.321 km\u00b2 no per\u00edodo anterior. Apesar do crescimento, o resultado \u00e9 o segundo menor da s\u00e9rie hist\u00f3rica.<\/p>\n<p>A medi\u00e7\u00e3o para o bioma <strong><a href=\"https:\/\/www.canalrural.com.br\/tag\/cerrado\/\">Cerrado<\/a><\/strong> registrou queda de 20,8%, com alertas em um total de 5.555 km\u00b2 contra 7.014 km\u00b2 no per\u00edodo anterior.<\/p>\n<h2 class=\"wp-block-heading\" id=\"h-desmatamento-no-pantanal\">Desmatamento no Pantanal<\/h2>\n<p>No Pantanal, a redu\u00e7\u00e3o no desmatamento foi de 72%, com 319 km\u00b2 contra 1.148 km\u00b2 no per\u00edodo anterior. O bioma tamb\u00e9m registrou queda de 9% nos focos de inc\u00eandios, com 16.125 km\u00b2 contra 17.646 km\u00b2 no per\u00edodo anterior.<\/p>\n<\/div>\n<div>\n<p>Os dados da temporada 2024\/2025, coletados de agosto de 2024 a julho de 2025, foram apresentados nesta quinta-feira (7) pelo Instituto Nacional de Pesquisas Espaciais (Inpe). A ministra do Meio Ambiente e Mudan\u00e7a do Clima, Marina Silva, estava presenta na divulga\u00e7\u00e3o.<\/p>\n<p>Os n\u00fameros s\u00e3o do Deter, sistema de alertas r\u00e1pidos di\u00e1rios para apoio \u00e0 fiscaliza\u00e7\u00e3o. O sistema emite alertas de corte raso, quando h\u00e1 a completa retirada de vegeta\u00e7\u00e3o de forma r\u00e1pida, e tamb\u00e9m alertas de degrada\u00e7\u00e3o progressiva, causados sobretudo por inc\u00eandios recorrentes.<\/p>\n<h2 class=\"wp-block-heading\" id=\"h-autos-de-infracao\">Autos de infra\u00e7\u00e3o<\/h2>\n<p>De acordo com o Instituto Brasileiro do Meio Ambiente e dos Recursos Naturais Renov\u00e1veis (Ibama), ao longo do mesmo per\u00edodo, de agosto de 2024 a julho de 2025, foram emitidos, 3.976 autos de infra\u00e7\u00e3o e aplicadas multas que somaram R$ 2,4 bilh\u00f5es. A \u00e1rea embargada superou 5 mil km\u00b2.<\/p>\n<p>Para a especialista em conserva\u00e7\u00e3o da organiza\u00e7\u00e3o n\u00e3o governamental WWF-Brasil, Ana Crisostomo, a redu\u00e7\u00e3o do desmatamento na Amaz\u00f4nia demonstra que \u00e9 poss\u00edvel avan\u00e7ar por meio de pol\u00edticas p\u00fablicas e de fiscaliza\u00e7\u00e3o. <\/p>\n<\/p><\/div>\n<p><br \/>\n<br \/><a href=\"https:\/\/www.canalrural.com.br\/sustentabilidade\/desmatamento-cai-72-no-pantanal-e-sobe-4-na-amazonia\/\">Source link <\/a><\/p>\n","protected":false},"excerpt":{"rendered":"<p>O bioma Amaz\u00f4nia registrou, ao longo dos \u00faltimos 12 meses, aumento de 4% nos alertas de desmatamento, emitidos em um<\/p>\n","protected":false},"author":1,"featured_media":18207,"comment_status":"open","ping_status":"open","sticky":false,"template":"","format":"standard","meta":{"_monsterinsights_skip_tracking":false,"_monsterinsights_sitenote_active":false,"_monsterinsights_sitenote_note":"","_monsterinsights_sitenote_category":0,"_uf_show_specific_survey":0,"_uf_disable_surveys":false,"footnotes":""},"categories":[1],"tags":[],"class_list":["post-18206","post","type-post","status-publish","format-standard","has-post-thumbnail","hentry","category-news"],"_links":{"self":[{"href":"https:\/\/agromt.news\/index.php?rest_route=\/wp\/v2\/posts\/18206"}],"collection":[{"href":"https:\/\/agromt.news\/index.php?rest_route=\/wp\/v2\/posts"}],"about":[{"href":"https:\/\/agromt.news\/index.php?rest_route=\/wp\/v2\/types\/post"}],"author":[{"embeddable":true,"href":"https:\/\/agromt.news\/index.php?rest_route=\/wp\/v2\/users\/1"}],"replies":[{"embeddable":true,"href":"https:\/\/agromt.news\/index.php?rest_route=%2Fwp%2Fv2%2Fcomments&post=18206"}],"version-history":[{"count":0,"href":"https:\/\/agromt.news\/index.php?rest_route=\/wp\/v2\/posts\/18206\/revisions"}],"wp:featuredmedia":[{"embeddable":true,"href":"https:\/\/agromt.news\/index.php?rest_route=\/wp\/v2\/media\/18207"}],"wp:attachment":[{"href":"https:\/\/agromt.news\/index.php?rest_route=%2Fwp%2Fv2%2Fmedia&parent=18206"}],"wp:term":[{"taxonomy":"category","embeddable":true,"href":"https:\/\/agromt.news\/index.php?rest_route=%2Fwp%2Fv2%2Fcategories&post=18206"},{"taxonomy":"post_tag","embeddable":true,"href":"https:\/\/agromt.news\/index.php?rest_route=%2Fwp%2Fv2%2Ftags&post=18206"}],"curies":[{"name":"wp","href":"https:\/\/api.w.org\/{rel}","templated":true}]}}