{"id":18202,"date":"2025-08-07T16:28:43","date_gmt":"2025-08-07T20:28:43","guid":{"rendered":"https:\/\/agromt.news\/?p=18202"},"modified":"2025-08-07T16:28:43","modified_gmt":"2025-08-07T20:28:43","slug":"micro-e-pequenas-empresas-lideram-geracao-de-empregos-em-2025","status":"publish","type":"post","link":"https:\/\/agromt.news\/?p=18202","title":{"rendered":"Micro e pequenas empresas lideram gera\u00e7\u00e3o de empregos em 2025"},"content":{"rendered":"<p> <br \/>\n<br \/><img decoding=\"async\" src=\"https:\/\/agromt.news\/wp-content\/uploads\/2025\/08\/Micro-e-pequenas-empresas-lideram-geracao-de-empregos-em-2025.jpg\" \/><\/p>\n<div>\n<p>As micro e pequenas empresas seguem como protagonistas no fortalecimento da economia brasileira, especialmente quando o assunto \u00e9 gera\u00e7\u00e3o de empregos. De acordo com levantamento do<a href=\"https:\/\/sebrae.com.br\/sites\/PortalSebrae\"> Sebrae<\/a>, com base no Cadastro Geral de Empregados e <a href=\"https:\/\/www.canalrural.com.br\/economia\/taxa-de-desemprego-tem-queda-no-trimestre-ate-abril-mostra-ibge\/\">Desempregados<\/a> (Caged), mais de 747,6 mil pessoas foram contratadas por Microempresas (ME) e Empresas de Pequeno Porte (EPP) no primeiro semestre de 2025.<\/p>\n<h2 class=\"wp-block-heading has-medium-font-size\" id=\"h-em-junho-pequenas-empresas-responderam-por-64-das-contratacoes\">Em junho, pequenas empresas responderam por 64% das contrata\u00e7\u00f5es<\/h2>\n<p>Somente no m\u00eas de junho, o setor foi respons\u00e1vel por 106,9 mil novas contrata\u00e7\u00f5es, o que representa 64% do total de vagas formais abertas no pa\u00eds durante esse per\u00edodo.<\/p>\n<blockquote class=\"wp-block-quote is-layout-flow wp-block-quote-is-layout-flow\">\n<p>\u201cOs pequenos neg\u00f3cios s\u00e3o uma for\u00e7a essencial para a nossa economia pela sua capacidade de gerar emprego e renda para a popula\u00e7\u00e3o, al\u00e9m da resili\u00eancia e da determina\u00e7\u00e3o para superar os desafios de um mercado que n\u00e3o foi criado para eles. S\u00e3o os maiores geradores de novas vagas formais, o que representa mais oportunidade e inclus\u00e3o\u201d, afirma o presidente do Sebrae, D\u00e9cio Lima.<\/p>\n<\/blockquote>\n<p>Ou seja, os n\u00fameros refor\u00e7am o papel estrat\u00e9gico das MPEs na inclus\u00e3o produtiva e no combate ao desemprego.<\/p>\n<\/div>\n<div>\n<h2 class=\"wp-block-heading has-medium-font-size\" id=\"h-setor-de-servicos-lidera-geracao-de-vagas-no-mes\">Setor de servi\u00e7os lidera gera\u00e7\u00e3o de vagas no m\u00eas<\/h2>\n<p>Entre os segmentos que mais contrataram em junho, o setor de Servi\u00e7os se destacou, com 44,7 mil novos postos de trabalho. Em seguida, vieram o Com\u00e9rcio, com 28,1 mil vagas, e a Constru\u00e7\u00e3o, com 16,8 mil empregos gerados.<\/p>\n<p>Al\u00e9m disso, atividades como loca\u00e7\u00e3o de m\u00e3o de obra tempor\u00e1ria, atendimento hospitalar, transporte rodovi\u00e1rio de carga e supermercados estiveram entre as que mais empregaram no per\u00edodo.<\/p>\n<h2 class=\"wp-block-heading has-medium-font-size\" id=\"h-no-semestre-servicos-construcao-e-industria-puxam-contratacoes\">No semestre, servi\u00e7os, constru\u00e7\u00e3o e ind\u00fastria puxam contrata\u00e7\u00f5es<\/h2>\n<p>Ao longo do semestre, o setor de Servi\u00e7os manteve a lideran\u00e7a, com um saldo positivo de 386,1 mil empregos formais. Logo depois, vieram a Constru\u00e7\u00e3o, com 138,6 mil vagas, e a Ind\u00fastria de Transforma\u00e7\u00e3o, com 110,7 mil postos criados.<\/p>\n<p>\u201cAs micro e pequenas empresas tamb\u00e9m foram uma porta de inclus\u00e3o para que o pa\u00eds sa\u00edsse do Mapa da Fome\u201d, refor\u00e7a D\u00e9cio Lima, presidente do Sebrae.<\/p>\n<h2 class=\"wp-block-heading has-medium-font-size\" id=\"h-inclusao-e-impacto-social\">Inclus\u00e3o e impacto social<\/h2>\n<p>Dessa forma, os dados mostram que os pequenos neg\u00f3cios n\u00e3o apenas impulsionam o mercado de trabalho, como tamb\u00e9m contribuem para a inclus\u00e3o social e o combate \u00e0 fome, tornando-se essenciais para o desenvolvimento do pa\u00eds.<\/p>\n<\/p><\/div>\n<p><br \/>\n<br \/><a href=\"https:\/\/www.canalrural.com.br\/empreendedorismo\/micro-e-pequenas-empresas-lideram-geracao-de-empregos-em-2025\/\">Source link <\/a><\/p>\n","protected":false},"excerpt":{"rendered":"<p>As micro e pequenas empresas seguem como protagonistas no fortalecimento da economia brasileira, especialmente quando o assunto \u00e9 gera\u00e7\u00e3o de<\/p>\n","protected":false},"author":1,"featured_media":18203,"comment_status":"open","ping_status":"open","sticky":false,"template":"","format":"standard","meta":{"_monsterinsights_skip_tracking":false,"_monsterinsights_sitenote_active":false,"_monsterinsights_sitenote_note":"","_monsterinsights_sitenote_category":0,"_uf_show_specific_survey":0,"_uf_disable_surveys":false,"footnotes":""},"categories":[1],"tags":[],"class_list":["post-18202","post","type-post","status-publish","format-standard","has-post-thumbnail","hentry","category-news"],"_links":{"self":[{"href":"https:\/\/agromt.news\/index.php?rest_route=\/wp\/v2\/posts\/18202"}],"collection":[{"href":"https:\/\/agromt.news\/index.php?rest_route=\/wp\/v2\/posts"}],"about":[{"href":"https:\/\/agromt.news\/index.php?rest_route=\/wp\/v2\/types\/post"}],"author":[{"embeddable":true,"href":"https:\/\/agromt.news\/index.php?rest_route=\/wp\/v2\/users\/1"}],"replies":[{"embeddable":true,"href":"https:\/\/agromt.news\/index.php?rest_route=%2Fwp%2Fv2%2Fcomments&post=18202"}],"version-history":[{"count":0,"href":"https:\/\/agromt.news\/index.php?rest_route=\/wp\/v2\/posts\/18202\/revisions"}],"wp:featuredmedia":[{"embeddable":true,"href":"https:\/\/agromt.news\/index.php?rest_route=\/wp\/v2\/media\/18203"}],"wp:attachment":[{"href":"https:\/\/agromt.news\/index.php?rest_route=%2Fwp%2Fv2%2Fmedia&parent=18202"}],"wp:term":[{"taxonomy":"category","embeddable":true,"href":"https:\/\/agromt.news\/index.php?rest_route=%2Fwp%2Fv2%2Fcategories&post=18202"},{"taxonomy":"post_tag","embeddable":true,"href":"https:\/\/agromt.news\/index.php?rest_route=%2Fwp%2Fv2%2Ftags&post=18202"}],"curies":[{"name":"wp","href":"https:\/\/api.w.org\/{rel}","templated":true}]}}