{"id":18200,"date":"2025-08-07T16:14:02","date_gmt":"2025-08-07T20:14:02","guid":{"rendered":"https:\/\/agromt.news\/?p=18200"},"modified":"2025-08-07T16:14:02","modified_gmt":"2025-08-07T20:14:02","slug":"maior-feira-de-maquinas-agricolas-do-mundo-destaca-participacao-brasileira-e-dias-tematicos","status":"publish","type":"post","link":"https:\/\/agromt.news\/?p=18200","title":{"rendered":"Maior feira de m\u00e1quinas agr\u00edcolas do mundo destaca participa\u00e7\u00e3o brasileira e dias tem\u00e1ticos"},"content":{"rendered":"<p> <br \/>\n<br \/><img decoding=\"async\" src=\"https:\/\/agromt.news\/wp-content\/uploads\/2025\/08\/Maior-feira-de-maquinas-agricolas-do-mundo-destaca-participacao-brasileira.jpg\" \/><\/p>\n<div>\n<p>A Agritechnica, reconhecida como a maior feira mundial de m\u00e1quinas agr\u00edcolas, acontecer\u00e1 de 9 a 15 de novembro, na cidade de Hanover, na Alemanha. De acordo com os organizadores, o tema da edi\u00e7\u00e3o 2025 \u00e9 <em>\u201cTouch Smart Efficiency\u201d<\/em>, (Efici\u00eancia Inteligente ao Toque, em tradu\u00e7\u00e3o livre). <\/p>\n<p>Com isso, o evento destacar\u00e1 solu\u00e7\u00f5es agr\u00edcolas inovadoras e conectadas, impulsionadas por tecnologias digitais para aprimorar a efici\u00eancia, sustentabilidade e produtividade no setor. Al\u00e9m disso, outra novidade \u00e9 o conceito de dias tem\u00e1ticos, batizado de \u201c7 dias \u2013 7 temas\u201d.<\/p>\n<p>A \u00faltima edi\u00e7\u00e3o da <strong><a href=\"https:\/\/www.canalrural.com.br\/agricultura\/agritechnica-2025-maior-feira-mundial-de-maquinas-agricolas-tem-lotacao-de-expositores-esgotada\/\">Agritechnica<\/a><\/strong>, em 2023, contou com 2.776 expositores vindos de 53 pa\u00edses e 473.687 visitantes profissionais. <\/p>\n<p>E o Brasil, como um dos l\u00edderes na produ\u00e7\u00e3o de alimentos no mundo, mais uma vez tem uma presen\u00e7a de destaque na feira com expositores e uma delega\u00e7\u00e3o de mais de 400 visitantes profissionais. <\/p>\n<p>Assim, o evento destaca a import\u00e2ncia do pa\u00eds no maior f\u00f3rum de exposi\u00e7\u00e3o e discuss\u00f5es do agroneg\u00f3cio no mundo, uma vez que, em 2024, o pa\u00eds registrou US$ 164,4 bilh\u00f5es em exporta\u00e7\u00f5es, alcan\u00e7ando o segundo maior valor da s\u00e9rie hist\u00f3rica, conforme dados da Secretaria de Com\u00e9rcio Exterior (Secex).<\/p>\n<h2 class=\"wp-block-heading\" id=\"h-pavilhoes-brasileiros-na-agritechnica\">Pavilh\u00f5es brasileiros na Agritechnica<\/h2>\n<p>Na \u00faltima edi\u00e7\u00e3o da Agritechnica, as empresas brasileiras marcaram presen\u00e7a em tr\u00eas pavilh\u00f5es no evento, com estandes individuais e coletivos, onde exibiram inova\u00e7\u00f5es em m\u00e1quinas e pe\u00e7as desenvolvidos no pa\u00eds. <\/p>\n<p>Al\u00e9m de participar como expositor, o Brasil foi tema de um painel sobre investimentos na Am\u00e9rica do Sul, ao lado de Argentina e Paraguai. Na atual edi\u00e7\u00e3o, a expectativa \u00e9 que a participa\u00e7\u00e3o nacional seja ainda maior. At\u00e9 o momento, j\u00e1 est\u00e3o confirmados importantes entes, como o Sindicato Nacional da Ind\u00fastria de Componentes para Ve\u00edculos Automotores (Sindipe\u00e7as) e a Associa\u00e7\u00e3o Brasileira de M\u00e1quinas (Abimaq), al\u00e9m de empresas brasileiras do ramo, como a Metisa, que h\u00e1 mais de 20 anos tem estado presente na feira.<\/p>\n<p>\u201cA feira apresentar\u00e1 o mais abrangente e diversificado programa de exposi\u00e7\u00f5es para a agricultura internacional, incluindo pulverizadores para prote\u00e7\u00e3o de cultivos, drones agr\u00edcolas, tratores e sistemas aut\u00f4nomos, colheitadeiras e sistemas digitais de assist\u00eancia\u201d, destaca Brena B\u00e4umle, diretora da B\u00e4umle Organiza\u00e7\u00e3o de Feiras, representante oficial da DLG para o Brasil. <\/p>\n<\/div>\n<div>\n<p>O diretor comercial da Tuzzi, C\u00e9sar Bonacini, ressalta que a experi\u00eancia de expor na Agritechnica tem sido fundamental para a expans\u00e3o global da empresa. \u201cComo a maior feira de tecnologia agr\u00edcola do mundo, re\u00fane os principais <em>players <\/em>do setor, proporcionando um ambiente estrat\u00e9gico para <em>networking<\/em>, gera\u00e7\u00e3o de novos neg\u00f3cios e acesso \u00e0s tecnologias de ponta. Participar da Agritechnica significa estar no epicentro das tend\u00eancias do agroneg\u00f3cio, conectando-se com clientes, parceiros e fornecedores de diversas partes do mundo\u201d, afirma.<\/p>\n<h2 class=\"wp-block-heading\" id=\"h-dias-tematicos-da-feira\">Dias tem\u00e1ticos da feira<\/h2>\n<p>Este ano, o evento apresenta pela primeira vez um novo conceito de dias tem\u00e1ticos. Com o slogan \u201c7 dias \u2013 7 temas\u201d, o objetivo \u00e9 atender diferentes perfis de visitantes com um tema espec\u00edfico em cada dia de feira. <\/p>\n<p>\u201cAssim, \u00e9 poss\u00edvel encontrar as tecnologias e informa\u00e7\u00f5es mais relevantes para suas necessidades, al\u00e9m de promover intera\u00e7\u00f5es direcionadas entre visitantes e expositores\u201d, contextualiza Brena.<\/p>\n<p>Nos dias 10 e 11 de novembro, por exemplo, a feira apresentar\u00e1 os <em>\u201cAgribusiness Days\u201d<\/em>, voltados para concession\u00e1rios, prestadores de servi\u00e7os agr\u00edcolas e grandes produtores rurais. Nestes dias, os visitantes ter\u00e3o <em>insights <\/em>exclusivos sobre as \u00faltimas tend\u00eancias e tecnologias, auxiliando na tomada de decis\u00f5es de investimento, al\u00e9m de ser uma oportunidade para estabelecer novas rela\u00e7\u00f5es comerciais.<\/p>\n<p>\u201cIsso gera um valor real para ambos os lados\u201d, afirma Timo Zipf, gerente de Projetos da Agritechnica. \u201cOs visitantes ter\u00e3o mais espa\u00e7o e oportunidades para discuss\u00f5es de investimento direcionadas, o que permite um contato mais eficiente com os expositores. Os expositores, por sua vez, ter\u00e3o mais tempo para apresenta\u00e7\u00f5es personalizadas, focadas nos grupos de clientes mais relevantes, al\u00e9m de expandir suas redes de neg\u00f3cios de forma estrat\u00e9gica\u201d, acrescenta.<\/p>\n<p>Al\u00e9m disso, outros dias tem\u00e1ticos trar\u00e3o conte\u00fados espec\u00edficos para diferentes p\u00fablicos:<\/p>\n<ul class=\"wp-block-list\">\n<li><em>\u201cInnovation and Press Day\u201d<\/em> (9 de novembro) ser\u00e1 voltado para imprensa e inova\u00e7\u00f5es tecnol\u00f3gicas;<\/li>\n<li><em>\u201cInternational Farmers Day\u201d<\/em> (12), direcionado a agricultores internacionais;<\/li>\n<li><em>\u201cDigital Farm Day\u201d<\/em> (13) \u00e9 focado em fazendas digitais e agricultura conectada;<\/li>\n<li><em>\u201cYoung Professional Day\u201d<\/em> (14), dedicado a jovens profissionais do setor<\/li>\n<li><em>\u201cCelebrate Farming\u201d<\/em> (15): promover\u00e1 o reconhecimento da agricultura e seu impacto global.<\/li>\n<\/ul>\n<p>Ainda como parte da Agritechnica, acontece o \u201cSystems &amp; Components\u201d, o marketplace B2B da ind\u00fastria internacional de fornecimento de m\u00e1quinas agr\u00edcolas e a \u00e1rea especial \u201cFarmRobotix\u201d, em conjunto com o Digital Farm Center, que trar\u00e1 exposi\u00e7\u00f5es aliadas a um programa t\u00e9cnico inovador.<\/p>\n<h2 class=\"wp-block-heading\" id=\"h-servico\">Servi\u00e7o<\/h2>\n<p><strong>Agritechnica Hanover 2025<br \/>Data: <\/strong>9 a 15 de novembro de 2025<br \/><strong>Local: <\/strong>Pavilh\u00e3o de exposi\u00e7\u00f5es de Hanover, Messegel\u00e4nde (Alemanha)<br \/><strong><a href=\"https:\/\/www.agritechnica.com\/de\/\">Mais informa\u00e7\u00f5es aqui<\/a><\/strong> <\/p>\n<\/p><\/div>\n<p><br \/>\n<br \/><a href=\"https:\/\/www.canalrural.com.br\/internacional\/maior-feira-de-maquinas-agricolas-do-mundo-destaca-participacao-brasileira-e-dias-tematicos\/\">Source link <\/a><\/p>\n","protected":false},"excerpt":{"rendered":"<p>A Agritechnica, reconhecida como a maior feira mundial de m\u00e1quinas agr\u00edcolas, acontecer\u00e1 de 9 a 15 de novembro, na cidade<\/p>\n","protected":false},"author":1,"featured_media":18201,"comment_status":"open","ping_status":"open","sticky":false,"template":"","format":"standard","meta":{"_monsterinsights_skip_tracking":false,"_monsterinsights_sitenote_active":false,"_monsterinsights_sitenote_note":"","_monsterinsights_sitenote_category":0,"_uf_show_specific_survey":0,"_uf_disable_surveys":false,"footnotes":""},"categories":[1],"tags":[],"class_list":["post-18200","post","type-post","status-publish","format-standard","has-post-thumbnail","hentry","category-news"],"_links":{"self":[{"href":"https:\/\/agromt.news\/index.php?rest_route=\/wp\/v2\/posts\/18200"}],"collection":[{"href":"https:\/\/agromt.news\/index.php?rest_route=\/wp\/v2\/posts"}],"about":[{"href":"https:\/\/agromt.news\/index.php?rest_route=\/wp\/v2\/types\/post"}],"author":[{"embeddable":true,"href":"https:\/\/agromt.news\/index.php?rest_route=\/wp\/v2\/users\/1"}],"replies":[{"embeddable":true,"href":"https:\/\/agromt.news\/index.php?rest_route=%2Fwp%2Fv2%2Fcomments&post=18200"}],"version-history":[{"count":0,"href":"https:\/\/agromt.news\/index.php?rest_route=\/wp\/v2\/posts\/18200\/revisions"}],"wp:featuredmedia":[{"embeddable":true,"href":"https:\/\/agromt.news\/index.php?rest_route=\/wp\/v2\/media\/18201"}],"wp:attachment":[{"href":"https:\/\/agromt.news\/index.php?rest_route=%2Fwp%2Fv2%2Fmedia&parent=18200"}],"wp:term":[{"taxonomy":"category","embeddable":true,"href":"https:\/\/agromt.news\/index.php?rest_route=%2Fwp%2Fv2%2Fcategories&post=18200"},{"taxonomy":"post_tag","embeddable":true,"href":"https:\/\/agromt.news\/index.php?rest_route=%2Fwp%2Fv2%2Ftags&post=18200"}],"curies":[{"name":"wp","href":"https:\/\/api.w.org\/{rel}","templated":true}]}}