{"id":18196,"date":"2025-08-07T15:46:30","date_gmt":"2025-08-07T19:46:30","guid":{"rendered":"https:\/\/agromt.news\/?p=18196"},"modified":"2025-08-07T15:46:30","modified_gmt":"2025-08-07T19:46:30","slug":"tarifa-dos-eua-sobre-cafe-do-brasil-pode-reconfigurar-o-mercado","status":"publish","type":"post","link":"https:\/\/agromt.news\/?p=18196","title":{"rendered":"Tarifa dos EUA sobre caf\u00e9 do Brasil pode reconfigurar o mercado"},"content":{"rendered":"<p> <br \/>\n<\/p>\n<div>\n<p>O caf\u00e9 ficou de fora da lista de exce\u00e7\u00f5es tarif\u00e1rias dos <strong><a href=\"http:\/\/www.canalrural.com.br\/tag\/estados-unidos\/\">Estados Unidos<\/a><\/strong> ao Brasil, surpreendendo o mercado. A decis\u00e3o trouxe volatilidade aos pre\u00e7os do caf\u00e9 no terminal de Nova York. Os Estados Unidos, maior consumidor mundial da bebida, s\u00e3o, sem d\u00favida, os principais penalizados pela medida, j\u00e1 que o custo de aquisi\u00e7\u00e3o de seu principal fornecedor aumentar\u00e1 substancialmente: o Brasil responde por mais de 30% das importa\u00e7\u00f5es de caf\u00e9 verde do pa\u00eds.<\/p>\n<p>A tarifa imposta deve elevar os custos e levar a ind\u00fastria norte-americana a buscar alternativas, o que pode alterar o fluxo global de caf\u00e9. J\u00e1 se observa aumento na procura por outras origens, como a Col\u00f4mbia, e movimento nos diferenciais de venda na exporta\u00e7\u00e3o (basis) \u2014 tend\u00eancia que deve se repetir tamb\u00e9m em origens da Am\u00e9rica Central e \u00c1frica e, com menor intensidade, tamb\u00e9m no caf\u00e9 robusta asi\u00e1tico. <\/p>\n<blockquote class=\"wp-block-quote is-layout-flow wp-block-quote-is-layout-flow\">\n<p>Vale lembrar que o caf\u00e9 colombiano \u00e9 tarifado em 10%, enquanto as importa\u00e7\u00f5es da Indon\u00e9sia enfrentam tarifa de 19% e as do Vietn\u00e3, de 20% \u2014 todos percentuais menores que os aplicados ao Brasil (50%).<\/p>\n<\/blockquote>\n<\/div>\n<div>\n<p>Esse redirecionamento das compras afeta os fluxos log\u00edsticos e exige ajustes na composi\u00e7\u00e3o dos blends. Ainda assim, \u00e9 pouco prov\u00e1vel que os EUA consigam substituir, por uma \u00fanica origem, as 7 a 8 milh\u00f5es de sacas que importam anualmente do Brasil. A substitui\u00e7\u00e3o exigir\u00e1 uma diversifica\u00e7\u00e3o das compras, maior esfor\u00e7o operacional e, inevitavelmente, aumento de custos. <\/p>\n<p>Mesmo assim, dificilmente os Estados Unidos conseguir\u00e3o abrir m\u00e3o do caf\u00e9 brasileiro por completo. Por isso, a National Coffee Association (NCA) segue pressionando o governo Trump para incluir o caf\u00e9 na lista de isen\u00e7\u00f5es tarif\u00e1rias. <\/p>\n<p>Para o produtor brasileiro, a dificuldade em exportar para os EUA exigir\u00e1 maior presen\u00e7a em outros mercados, especialmente a Uni\u00e3o Europeia \u2014 que j\u00e1 \u00e9 o principal destino do caf\u00e9 brasileiro \u2014 al\u00e9m de pa\u00edses asi\u00e1ticos como China e Filipinas tamb\u00e9m deve ganhar representatividade. Esse processo refor\u00e7a a tend\u00eancia de reconfigura\u00e7\u00e3o dos fluxos globais de caf\u00e9. <\/p>\n<p>A capacidade do Brasil de garantir grandes volumes e sua flexibilidade log\u00edstica s\u00e3o vantagens importantes nesse cen\u00e1rio competitivo, que exigir\u00e1 agressividade do vendedor brasileiro. Mas a menor oferta de ar\u00e1bica no Brasil neste ano, devido a quebra de safra, ajuda a mitigar efeitos negativos sobre os pre\u00e7os, em um primeiro momento. <\/p>\n<p>De toda forma, as negocia\u00e7\u00f5es entre Brasil e Estados Unidos continuam, e ainda h\u00e1 grande expectativa de que o caf\u00e9 seja inclu\u00eddo na lista de exce\u00e7\u00f5es.<\/p>\n<div class=\"wp-block-media-text is-stacked-on-mobile\">\n<figure class=\"wp-block-media-text__media\"><img fetchpriority=\"high\" fetchpriority=\"high\" decoding=\"async\" width=\"470\" height=\"470\" src=\"https:\/\/agromt.news\/wp-content\/uploads\/2025\/08\/Tarifa-dos-EUA-sobre-cafe-do-Brasil-pode-reconfigurar-o.png\" alt=\"\" class=\"wp-image-4115724 size-full\"  \/><\/figure>\n<div class=\"wp-block-media-text__content\">\n<p>*<em><strong>Gil Barabach<\/strong> \u00e9 especialista da consultoria Safras &amp; Mercado em opera\u00e7\u00f5es de hedge para os mercados de gr\u00e3os, algod\u00e3o e caf\u00e9, com mestrado em Economia do Desenvolvimento<\/em><\/p>\n<\/div>\n<\/div><\/div>\n<p><br \/>\n<br \/><a href=\"https:\/\/www.canalrural.com.br\/opiniao-noticias\/tarifa-dos-eua-sobre-cafe-do-brasil-pode-reconfigurar-o-mercado\/\">Source link <\/a><\/p>\n","protected":false},"excerpt":{"rendered":"<p>O caf\u00e9 ficou de fora da lista de exce\u00e7\u00f5es tarif\u00e1rias dos Estados Unidos ao Brasil, surpreendendo o mercado. A decis\u00e3o<\/p>\n","protected":false},"author":1,"featured_media":17164,"comment_status":"open","ping_status":"open","sticky":false,"template":"","format":"standard","meta":{"_monsterinsights_skip_tracking":false,"_monsterinsights_sitenote_active":false,"_monsterinsights_sitenote_note":"","_monsterinsights_sitenote_category":0,"_uf_show_specific_survey":0,"_uf_disable_surveys":false,"footnotes":""},"categories":[1],"tags":[],"class_list":["post-18196","post","type-post","status-publish","format-standard","has-post-thumbnail","hentry","category-news"],"_links":{"self":[{"href":"https:\/\/agromt.news\/index.php?rest_route=\/wp\/v2\/posts\/18196"}],"collection":[{"href":"https:\/\/agromt.news\/index.php?rest_route=\/wp\/v2\/posts"}],"about":[{"href":"https:\/\/agromt.news\/index.php?rest_route=\/wp\/v2\/types\/post"}],"author":[{"embeddable":true,"href":"https:\/\/agromt.news\/index.php?rest_route=\/wp\/v2\/users\/1"}],"replies":[{"embeddable":true,"href":"https:\/\/agromt.news\/index.php?rest_route=%2Fwp%2Fv2%2Fcomments&post=18196"}],"version-history":[{"count":0,"href":"https:\/\/agromt.news\/index.php?rest_route=\/wp\/v2\/posts\/18196\/revisions"}],"wp:featuredmedia":[{"embeddable":true,"href":"https:\/\/agromt.news\/index.php?rest_route=\/wp\/v2\/media\/17164"}],"wp:attachment":[{"href":"https:\/\/agromt.news\/index.php?rest_route=%2Fwp%2Fv2%2Fmedia&parent=18196"}],"wp:term":[{"taxonomy":"category","embeddable":true,"href":"https:\/\/agromt.news\/index.php?rest_route=%2Fwp%2Fv2%2Fcategories&post=18196"},{"taxonomy":"post_tag","embeddable":true,"href":"https:\/\/agromt.news\/index.php?rest_route=%2Fwp%2Fv2%2Ftags&post=18196"}],"curies":[{"name":"wp","href":"https:\/\/api.w.org\/{rel}","templated":true}]}}