{"id":18195,"date":"2025-08-07T15:32:14","date_gmt":"2025-08-07T19:32:14","guid":{"rendered":"https:\/\/agromt.news\/?p=18195"},"modified":"2025-08-07T15:32:14","modified_gmt":"2025-08-07T19:32:14","slug":"presidente-da-camara-brasil-china-diz-que-pais-precisa-se-vender-melhor-para-ampliar-negocios","status":"publish","type":"post","link":"https:\/\/agromt.news\/?p=18195","title":{"rendered":"Presidente da C\u00e2mara Brasil-China diz que pa\u00eds precisa se vender melhor para ampliar neg\u00f3cios"},"content":{"rendered":"<p> <br \/>\n<br \/><img decoding=\"async\" src=\"https:\/\/agromt.news\/wp-content\/uploads\/2025\/05\/Brasil-e-China-estao-dispostos-a-unir-vozes-contra-protecionismo.png\" \/><\/p>\n<div>\n<p>Diante das dificuldades impostas pelo aumento de tarifas em diversos mercados, a amplia\u00e7\u00e3o das rela\u00e7\u00f5es com grandes parceiros comerciais, como a <a href=\"https:\/\/www.canalrural.com.br\/agricultura\/agronegocio\/apos-tarifaco-china-sinaliza-maior-abertura-para-o-agro-brasileiro\/\">China<\/a>, torna-se cada vez mais estrat\u00e9gica para o escoamento da produ\u00e7\u00e3o do agroneg\u00f3cio brasileiro. Em entrevista para Pryscilla Paiva, no <strong><em>Mercado &amp; Cia<\/em><\/strong>, Charles Tang, presidente da C\u00e2mara de Com\u00e9rcio e Ind\u00fastria Brasil-China, disse que a aproxima\u00e7\u00e3o tem trazido resultados positivos para o Brasil.<\/p>\n<p>\u201cEssa aproxima\u00e7\u00e3o tem rendido muitos frutos ao longo dos anos. S\u00f3 no ano passado, o super\u00e1vit comercial do Brasil com a China foi de cerca de US$ 51 bilh\u00f5es, dentro de um com\u00e9rcio bilateral que superou US$ 150 bilh\u00f5es em 2023. Desde que cheguei ao Brasil, ainda jovem, transferido por um banco de investimentos de Wall Street, vi o pa\u00eds enfrentar per\u00edodos dif\u00edceis, como a morat\u00f3ria da d\u00edvida externa. Hoje, com super\u00e1vits expressivos nas trocas com a China, somados a investimentos chineses que j\u00e1 ultrapassam US$ 100 bilh\u00f5es e empr\u00e9stimos significativos, o Brasil acumula reservas internacionais robustas e est\u00e1 longe de enfrentar uma crise cambial como j\u00e1 vimos acontecer em pa\u00edses vizinhos\u201d, destaca Tang.<\/p>\n<figure class=\"wp-block-embed is-type-video is-provider-youtube wp-block-embed-youtube wp-embed-aspect-16-9 wp-has-aspect-ratio\">\n<p>\n<iframe title=\"Dificuldades impostas pelo tarifa\u00e7o ampliam parceria brasileira com a China\" width=\"800\" height=\"450\" src=\"https:\/\/www.youtube.com\/embed\/_2ljyyaNKhg?feature=oembed\" frameborder=\"0\" allow=\"accelerometer; autoplay; clipboard-write; encrypted-media; gyroscope; picture-in-picture; web-share\" referrerpolicy=\"strict-origin-when-cross-origin\" allowfullscreen><\/iframe>\n<\/p>\n<\/figure>\n<p>Ele acredita que o Brasil tem potencial para expandir ainda mais sua presen\u00e7a no mercado chin\u00eas, mas faz uma ressalva: \u00e9 preciso trabalhar melhor a imagem dos produtos brasileiros.<\/p>\n<p>\u201cSem d\u00favida, o Brasil pode ampliar sua participa\u00e7\u00e3o no mercado chin\u00eas. Um exemplo: n\u00f3s export\u00e1vamos a\u00e7a\u00ed para a China j\u00e1 embalado em copinhos, como sorvete. Agora, decidimos montar uma processadora local para embalar l\u00e1 mesmo. A expectativa \u00e9 de grande sucesso. A verdade \u00e9 que muitos produtos brasileiros j\u00e1 est\u00e3o nas prateleiras chinesas, mas o consumidor n\u00e3o sabe que s\u00e3o do Brasil. Como dizia o ex-ministro da Agricultura, Pratini de Moraes: o Brasil n\u00e3o se vende, ele \u00e9 comprado\u201d, observa.<\/p>\n<\/div>\n<div>\n<p>Tang aponta que produtos como caf\u00e9, suco de laranja e m\u00f3veis de alta qualidade s\u00e3o consumidos amplamente na China, mas com r\u00f3tulos estrangeiros.<\/p>\n<p>\u201cPor que, para o consumidor chin\u00eas, o caf\u00e9 \u00e9 americano ou su\u00ed\u00e7o ? Por que o suco de laranja \u00e9 europeu, mesmo sendo feito com laranja brasileira? O europeu compra o suco congelado, embala com sua marca e vende com alto valor agregado. E por que os chineses compram m\u00f3veis de couro e madeira da It\u00e1lia, que n\u00e3o tem nem couro nem madeira como o Brasil? \u00c9 um problema de posicionamento. O caf\u00e9 colombiano, o vinho argentino ou chileno s\u00e3o conhecidos na China. Mas o Brasil, que tem vinhos excelentes, como os de Bento Gon\u00e7alves, ainda \u00e9 pouco reconhecido.\u201d, diz.<\/p>\n<p>O executivo acredita que o Brasil pode usar o caf\u00e9 como ponte para recuperar parte do espa\u00e7o perdido no mercado norte-americano e ampliar sua influ\u00eancia no mercado asi\u00e1tico.<\/p>\n<p>\u201cPor que ainda n\u00e3o temos uma rede de <em>coffee shops<\/em> brasileiros na China? O consumo de caf\u00e9 come\u00e7ou a crescer por l\u00e1 ap\u00f3s a chegada da Starbucks, que transformou o caf\u00e9 em s\u00edmbolo de status. Mesmo que o consumo per capita ainda seja baixo, estamos falando de mais de 1,4 bilh\u00e3o de consumidores. Isso representa um mercado gigantesco. Podemos sim estabelecer uma rede de \u2018<em>Brazilian Coffee Shops\u2019<\/em> na China e transformar o caf\u00e9 brasileiro em marca conhecida por l\u00e1.\u201d, afirma.<\/p>\n<\/p><\/div>\n<p><br \/>\n<br \/><a href=\"https:\/\/www.canalrural.com.br\/economia\/presidente-da-camara-brasil-china-diz-que-pais-precisa-se-vender-melhor-para-ampliar-negocios\/\">Source link <\/a><\/p>\n","protected":false},"excerpt":{"rendered":"<p>Diante das dificuldades impostas pelo aumento de tarifas em diversos mercados, a amplia\u00e7\u00e3o das rela\u00e7\u00f5es com grandes parceiros comerciais, como<\/p>\n","protected":false},"author":1,"featured_media":13647,"comment_status":"open","ping_status":"open","sticky":false,"template":"","format":"standard","meta":{"_monsterinsights_skip_tracking":false,"_monsterinsights_sitenote_active":false,"_monsterinsights_sitenote_note":"","_monsterinsights_sitenote_category":0,"_uf_show_specific_survey":0,"_uf_disable_surveys":false,"footnotes":""},"categories":[1],"tags":[],"class_list":["post-18195","post","type-post","status-publish","format-standard","has-post-thumbnail","hentry","category-news"],"_links":{"self":[{"href":"https:\/\/agromt.news\/index.php?rest_route=\/wp\/v2\/posts\/18195"}],"collection":[{"href":"https:\/\/agromt.news\/index.php?rest_route=\/wp\/v2\/posts"}],"about":[{"href":"https:\/\/agromt.news\/index.php?rest_route=\/wp\/v2\/types\/post"}],"author":[{"embeddable":true,"href":"https:\/\/agromt.news\/index.php?rest_route=\/wp\/v2\/users\/1"}],"replies":[{"embeddable":true,"href":"https:\/\/agromt.news\/index.php?rest_route=%2Fwp%2Fv2%2Fcomments&post=18195"}],"version-history":[{"count":0,"href":"https:\/\/agromt.news\/index.php?rest_route=\/wp\/v2\/posts\/18195\/revisions"}],"wp:featuredmedia":[{"embeddable":true,"href":"https:\/\/agromt.news\/index.php?rest_route=\/wp\/v2\/media\/13647"}],"wp:attachment":[{"href":"https:\/\/agromt.news\/index.php?rest_route=%2Fwp%2Fv2%2Fmedia&parent=18195"}],"wp:term":[{"taxonomy":"category","embeddable":true,"href":"https:\/\/agromt.news\/index.php?rest_route=%2Fwp%2Fv2%2Fcategories&post=18195"},{"taxonomy":"post_tag","embeddable":true,"href":"https:\/\/agromt.news\/index.php?rest_route=%2Fwp%2Fv2%2Ftags&post=18195"}],"curies":[{"name":"wp","href":"https:\/\/api.w.org\/{rel}","templated":true}]}}