{"id":18194,"date":"2025-08-07T15:03:25","date_gmt":"2025-08-07T19:03:25","guid":{"rendered":"https:\/\/agromt.news\/?p=18194"},"modified":"2025-08-07T15:03:25","modified_gmt":"2025-08-07T19:03:25","slug":"massa-de-ar-polar-vinda-da-argentina-trara-muito-frio-para-9-estados-brasileiros","status":"publish","type":"post","link":"https:\/\/agromt.news\/?p=18194","title":{"rendered":"Massa de ar polar vinda da Argentina trar\u00e1 muito frio para 9 estados brasileiros"},"content":{"rendered":"<p> <br \/>\n<\/p>\n<div>\n<p>Uma nova massa de ar de origem polar vinda da Argentina deve trazer frio intenso para 12 estados brasileiros a partir desta sexta-feira (8). De acordo com a Climatempo, os term\u00f4metros em baixa perduram at\u00e9 a pr\u00f3xima quarta-feira (13).<\/p>\n<div data-icp-cta=\"1\" id=\"icp-cta-unique\">Voc\u00ea quer entender como usar o clima a seu favor?<b> <\/b><a href=\"https:\/\/climacampo.canalrural.com.br\/climacampo_-01\">Preparamos um e-book exclusivo<\/a> para ajudar produtores rurais a se antecipar \u00e0s mudan\u00e7as do tempo e planejar melhor suas a\u00e7\u00f5es. Com base em previs\u00f5es meteorol\u00f3gicas confi\u00e1veis, ele oferece orienta\u00e7\u00f5es pr\u00e1ticas para proteger sua lavoura e otimizar seus resultados.<\/div>\n<p>Primeiramente, a redu\u00e7\u00e3o das temperaturas ser\u00e1 sentida nas primeiras horas de amanh\u00e3 no <strong><a href=\"https:\/\/www.canalrural.com.br\/nacional\/rio-grande-do-sul\/\">Rio Grande do Sul<\/a><\/strong>, sendo que no decorrer do dia, a queda significativa tamb\u00e9m se estender\u00e1 para Santa Catarina e <strong><a href=\"https:\/\/www.canalrural.com.br\/nacional\/parana\/\">Paran\u00e1<\/a><\/strong>.<\/p>\n<p><iframe title=\"5\u00aa onda de frio do inverno chega nesta sexta-feira no Brasil\" width=\"800\" height=\"450\" src=\"https:\/\/www.youtube.com\/embed\/D7B1JKqizZY?feature=oembed\" frameborder=\"0\" allow=\"accelerometer; autoplay; clipboard-write; encrypted-media; gyroscope; picture-in-picture; web-share\" referrerpolicy=\"strict-origin-when-cross-origin\" allowfullscreen><\/iframe><noscript><iframe title=\"5\u00aa onda de frio do inverno chega nesta sexta-feira no Brasil\" width=\"800\" height=\"450\" src=\"https:\/\/www.youtube.com\/embed\/D7B1JKqizZY?feature=oembed\" frameborder=\"0\" allow=\"accelerometer; autoplay; clipboard-write; encrypted-media; gyroscope; picture-in-picture; web-share\" referrerpolicy=\"strict-origin-when-cross-origin\" allowfullscreen><\/iframe><\/noscript><\/p>\n<p>Segundo a Climatempo, a entrada desta massa de ar polar no continente marca mais um per\u00edodo gelado no Sul, Sudeste e Centro-Oeste, provocando, tamb\u00e9m, friagem no Norte do pa\u00eds, mais especificamente entre Acre e Rond\u00f4nia, conforme o mapa abaixo.<\/p>\n<p>De acordo com a empresa, desta vez, haver\u00e3o mais dias consecutivos com m\u00ednimas e m\u00e1ximas baixas \u2013 e muitas regi\u00f5es sentir\u00e3o frio por mais tempo. <\/p>\n<figure class=\"wp-block-image size-full\"><img fetchpriority=\"high\" decoding=\"async\" width=\"750\" height=\"531\" alt=\"Quinta onda de frio\" class=\"wp-image-4115749\"  data-lazy- src=\"https:\/\/agromt.news\/wp-content\/uploads\/2025\/08\/Massa-de-ar-polar-vinda-da-Argentina-trara-muito-frio.jpg\"\/><img decoding=\"async\" width=\"750\" height=\"531\" src=\"https:\/\/agromt.news\/wp-content\/uploads\/2025\/08\/Massa-de-ar-polar-vinda-da-Argentina-trara-muito-frio.jpg\" alt=\"Quinta onda de frio\" class=\"wp-image-4115749\"  \/><figcaption class=\"wp-element-caption\">Foto: Climatempo <\/figcaption><\/figure>\n<p>As \u00e1reas em azul escuro do mapa significam que as temperaturas m\u00ednimas nessas regi\u00f5es ser\u00e3o <strong>5\u00b0C ou mais abaixo <\/strong>da m\u00e9dia para o per\u00edodo, ou seja, se nesses estados os term\u00f4metros costumam ficar a 10\u00b0C, passar\u00e3o a apontar 5\u00b0C ou menos entre sexta e quarta.<\/p>\n<p>J\u00e1 as \u00e1reas em azul claro mostram que as m\u00ednimas ser\u00e3o entre <strong>3\u00b0C e 5\u00b0C abaixo da m\u00e9dia. <\/strong><\/p>\n<\/div>\n<div>\n<p>Com isso, grande parte do Sul, com exce\u00e7\u00e3o do extremo sul e regi\u00e3o do litoral ga\u00facho, al\u00e9m de S\u00e3o Paulo, sul e Tri\u00e2ngulo de Minas Gerais, sul do Rio de Janeiro, todo o estado de Mato Grosso do Sul, sul de Mato Grosso e extremo sul de Goi\u00e1s entram no limiar de onda de frio.<\/p>\n<h2 class=\"wp-block-heading\" id=\"h-chuva-congelada-e-geada\">Chuva congelada e geada?<\/h2>\n<p>A Climatempo afirma que, com a continuidade da presen\u00e7a do ciclone em alto mar e os ventos \u00famidos soprando para o continente, a queda repentina de temperatura pode trazer precipita\u00e7\u00e3o invernal (chuva congelada) para parte do pa\u00eds.<\/p>\n<p>Essa condi\u00e7\u00e3o deve afetar o planalto e na serra catarinense e na regi\u00e3o de Campos de Cima da Serra, no Rio Grande do Sul, incluindo S\u00e3o Jos\u00e9 dos Ausentes e Cambar\u00e1 do Sul, principalmente, na madrugada e manh\u00e3 de s\u00e1bado (9).<\/p>\n<p>J\u00e1 o risco para geada aumenta em grande parte do Sul e em Mato Grosso do Sul, especialmente na manh\u00e3 do s\u00e1bado e no domingo (10). <\/p>\n<p>Com as temperaturas baixas e um amanhecer de tempo aberto, v\u00e1rias cidades do interior de S\u00e3o Paulo tamb\u00e9m podem registrar o fen\u00f4meno, principalmente a regi\u00e3o de Piracicaba, Tatu\u00ed, Rio Claro, Serra Negra, Botucatu e Boituva, al\u00e9m do oeste e sudoeste paulista, incluindo Rancharia e \u00e1reas do Vale do Para\u00edba e na Serra da Mantiqueira, al\u00e9m do extremo sul de Minas Gerais.<\/p>\n<\/p><\/div>\n<p><br \/>\n<br \/><a href=\"https:\/\/www.canalrural.com.br\/tempo\/massa-de-ar-polar-vinda-da-argentina-trara-muito-frio-para-9-estados-brasileiros\/\">Source link <\/a><\/p>\n","protected":false},"excerpt":{"rendered":"<p>Uma nova massa de ar de origem polar vinda da Argentina deve trazer frio intenso para 12 estados brasileiros a<\/p>\n","protected":false},"author":1,"featured_media":14094,"comment_status":"open","ping_status":"open","sticky":false,"template":"","format":"standard","meta":{"_monsterinsights_skip_tracking":false,"_monsterinsights_sitenote_active":false,"_monsterinsights_sitenote_note":"","_monsterinsights_sitenote_category":0,"_uf_show_specific_survey":0,"_uf_disable_surveys":false,"footnotes":""},"categories":[1],"tags":[],"class_list":["post-18194","post","type-post","status-publish","format-standard","has-post-thumbnail","hentry","category-news"],"_links":{"self":[{"href":"https:\/\/agromt.news\/index.php?rest_route=\/wp\/v2\/posts\/18194"}],"collection":[{"href":"https:\/\/agromt.news\/index.php?rest_route=\/wp\/v2\/posts"}],"about":[{"href":"https:\/\/agromt.news\/index.php?rest_route=\/wp\/v2\/types\/post"}],"author":[{"embeddable":true,"href":"https:\/\/agromt.news\/index.php?rest_route=\/wp\/v2\/users\/1"}],"replies":[{"embeddable":true,"href":"https:\/\/agromt.news\/index.php?rest_route=%2Fwp%2Fv2%2Fcomments&post=18194"}],"version-history":[{"count":0,"href":"https:\/\/agromt.news\/index.php?rest_route=\/wp\/v2\/posts\/18194\/revisions"}],"wp:featuredmedia":[{"embeddable":true,"href":"https:\/\/agromt.news\/index.php?rest_route=\/wp\/v2\/media\/14094"}],"wp:attachment":[{"href":"https:\/\/agromt.news\/index.php?rest_route=%2Fwp%2Fv2%2Fmedia&parent=18194"}],"wp:term":[{"taxonomy":"category","embeddable":true,"href":"https:\/\/agromt.news\/index.php?rest_route=%2Fwp%2Fv2%2Fcategories&post=18194"},{"taxonomy":"post_tag","embeddable":true,"href":"https:\/\/agromt.news\/index.php?rest_route=%2Fwp%2Fv2%2Ftags&post=18194"}],"curies":[{"name":"wp","href":"https:\/\/api.w.org\/{rel}","templated":true}]}}