{"id":18191,"date":"2025-08-07T14:31:22","date_gmt":"2025-08-07T18:31:22","guid":{"rendered":"https:\/\/agromt.news\/?p=18191"},"modified":"2025-08-07T14:31:22","modified_gmt":"2025-08-07T18:31:22","slug":"produtores-de-cafes-especiais-querem-renegociar-contratos-futuros-por-causa-do-tarifaco","status":"publish","type":"post","link":"https:\/\/agromt.news\/?p=18191","title":{"rendered":"Produtores de caf\u00e9s especiais querem renegociar contratos futuros por causa do tarifa\u00e7o"},"content":{"rendered":"<p> <br \/>\n<br \/><img decoding=\"async\" src=\"https:\/\/agromt.news\/wp-content\/uploads\/2025\/06\/Anvisa-proibe-a-venda-de-tres-marcas-de-cafe.jpg\" \/><\/p>\n<div>\n<figure class=\"wp-block-embed is-type-video is-provider-youtube wp-block-embed-youtube wp-embed-aspect-16-9 wp-has-aspect-ratio\">\n<p>\n<iframe title=\"Caf\u00e9: produtores estudam renegociar contratos futuros\" width=\"800\" height=\"450\" src=\"https:\/\/www.youtube.com\/embed\/NQGsIxl90A0?feature=oembed\" frameborder=\"0\" allow=\"accelerometer; autoplay; clipboard-write; encrypted-media; gyroscope; picture-in-picture; web-share\" referrerpolicy=\"strict-origin-when-cross-origin\" allowfullscreen><\/iframe>\n<\/p>\n<\/figure>\n<p>O tarifa\u00e7o tem causado preocupa\u00e7\u00e3o entre produtores de caf\u00e9s especiais. De acordo com a Associa\u00e7\u00e3o de Caf\u00e9s Especiais, produtores est\u00e3o estudando renegociar contratos futuros.<\/p>\n<p>\u201cAlguns operadores do mercado j\u00e1 v\u00ea buscando entender e renegociar contratos futuros, buscando repartir parte dessas tarifas com alguns e produtores es exportadores e cooperativas, de modo a impactar de maneira diminu\u00edda o consumidor americano. A BSCA continua a trabalhar junto ao governo americano e \u00e0s entidades americanas e brasileiras, no sentido de diminuir os impactos negativos da entrada em vigor da tarifa de mais 40% sobre o caf\u00e9 especial brasileiro\u201d, afirma Vinicius Estrela, diretor executivo da BSCA.<\/p>\n<\/div>\n<div>\n<h2 class=\"wp-block-heading\" id=\"h-maior-comprador\">Maior comprador<\/h2>\n<p>Os EUA s\u00e3o o maior comprador de caf\u00e9 do brasileiro e o Brasil \u00e9 respons\u00e1vel por cerca de 30% das importa\u00e7\u00f5es de caf\u00e9 verde norte-americanas. Por conta desses n\u00fameros, analistas do mercado avaliam que apesar de ter ficado fora da lista de quase 700 exce\u00e7\u00f5es, o caf\u00e9 deve ficar isento da taxa de 50% em breve.<\/p>\n<p>\u201cO fato de o caf\u00e9 n\u00e3o ter entrado na lista causou muita surpresa, porque n\u00e3o faz sentido dentro do atual cen\u00e1rio. O principal prejudicado com a imposi\u00e7\u00e3o da tarifa \u00e9 o consumidor norte-americano. O Brasil representa cerca de 30% das importa\u00e7\u00f5es de caf\u00e9 verde pelos Estados Unidos. Ou seja, o impacto \u00e9 significativo. \u00c9 o maior fornecedor, e essa substitui\u00e7\u00e3o por outro pa\u00eds n\u00e3o pode ser feita rapidamente, ao menos n\u00e3o com o mesmo volume que o Brasil exporta. Diante disso, existe uma perspectiva concreta de que, nas pr\u00f3ximas semanas, o caf\u00e9 passe a integrar a lista de exce\u00e7\u00f5es\u201d, afirma Gil Barabacque, analista de mercado da Safras &amp; Mercado.<\/p>\n<\/p><\/div>\n<p><br \/>\n<br \/><a href=\"https:\/\/www.canalrural.com.br\/agricultura\/cafe\/produtores-de-cafes-especiais-querem-renegociar-contratos-futuros-por-causa-do-tarifaco\/\">Source link <\/a><\/p>\n","protected":false},"excerpt":{"rendered":"<p>O tarifa\u00e7o tem causado preocupa\u00e7\u00e3o entre produtores de caf\u00e9s especiais. De acordo com a Associa\u00e7\u00e3o de Caf\u00e9s Especiais, produtores est\u00e3o<\/p>\n","protected":false},"author":1,"featured_media":14514,"comment_status":"open","ping_status":"open","sticky":false,"template":"","format":"standard","meta":{"_monsterinsights_skip_tracking":false,"_monsterinsights_sitenote_active":false,"_monsterinsights_sitenote_note":"","_monsterinsights_sitenote_category":0,"_uf_show_specific_survey":0,"_uf_disable_surveys":false,"footnotes":""},"categories":[1],"tags":[],"class_list":["post-18191","post","type-post","status-publish","format-standard","has-post-thumbnail","hentry","category-news"],"_links":{"self":[{"href":"https:\/\/agromt.news\/index.php?rest_route=\/wp\/v2\/posts\/18191"}],"collection":[{"href":"https:\/\/agromt.news\/index.php?rest_route=\/wp\/v2\/posts"}],"about":[{"href":"https:\/\/agromt.news\/index.php?rest_route=\/wp\/v2\/types\/post"}],"author":[{"embeddable":true,"href":"https:\/\/agromt.news\/index.php?rest_route=\/wp\/v2\/users\/1"}],"replies":[{"embeddable":true,"href":"https:\/\/agromt.news\/index.php?rest_route=%2Fwp%2Fv2%2Fcomments&post=18191"}],"version-history":[{"count":0,"href":"https:\/\/agromt.news\/index.php?rest_route=\/wp\/v2\/posts\/18191\/revisions"}],"wp:featuredmedia":[{"embeddable":true,"href":"https:\/\/agromt.news\/index.php?rest_route=\/wp\/v2\/media\/14514"}],"wp:attachment":[{"href":"https:\/\/agromt.news\/index.php?rest_route=%2Fwp%2Fv2%2Fmedia&parent=18191"}],"wp:term":[{"taxonomy":"category","embeddable":true,"href":"https:\/\/agromt.news\/index.php?rest_route=%2Fwp%2Fv2%2Fcategories&post=18191"},{"taxonomy":"post_tag","embeddable":true,"href":"https:\/\/agromt.news\/index.php?rest_route=%2Fwp%2Fv2%2Ftags&post=18191"}],"curies":[{"name":"wp","href":"https:\/\/api.w.org\/{rel}","templated":true}]}}