{"id":18190,"date":"2025-08-07T13:58:12","date_gmt":"2025-08-07T17:58:12","guid":{"rendered":"https:\/\/agromt.news\/?p=18190"},"modified":"2025-08-07T13:58:12","modified_gmt":"2025-08-07T17:58:12","slug":"a-menor-em-quase-20-anos-area-de-soja-semeada-tera-pouco-avanco-na-safra-25-26","status":"publish","type":"post","link":"https:\/\/agromt.news\/?p=18190","title":{"rendered":"A menor em quase 20 anos! \u00c1rea de soja semeada ter\u00e1 pouco avan\u00e7o na safra 25\/26"},"content":{"rendered":"<p> <br \/>\n<br \/><img decoding=\"async\" src=\"https:\/\/agromt.news\/wp-content\/uploads\/2024\/10\/plantio-soja.jpeg\" \/><\/p>\n<div>\n<p>A consultoria <a href=\"https:\/\/www.patria.agr.br\/\">P\u00e1tria Agroneg\u00f3cios <\/a>divulgou sua estimativa para a safra de soja 2025\/26 no Brasil. Segundo Matheus Pereira, s\u00f3cio-diretor da consultoria, a \u00e1rea total estimada a ser <a href=\"https:\/\/www.canalrural.com.br\/?s=%C3%A1rea+de+soja\">semeada <\/a>em 25\/26 \u00e9 de 48,13 milh\u00f5es de hectares, um aumento de apenas 1,43% em rela\u00e7\u00e3o \u00e0 safra anterior. Esse \u00e9 o menor crescimento registrado nos \u00faltimos quase 20 anos, desde a temporada 2006\/07.<\/p>\n<figure class=\"wp-block-embed is-type-video is-provider-youtube wp-block-embed-youtube wp-embed-aspect-16-9 wp-has-aspect-ratio\">\n<p>\n<iframe title=\"Safra 25\/26: menor crescimento de \u00e1rea desde 2007\" width=\"800\" height=\"450\" src=\"https:\/\/www.youtube.com\/embed\/aZO8L2FUuZ0?feature=oembed\" frameborder=\"0\" allow=\"accelerometer; autoplay; clipboard-write; encrypted-media; gyroscope; picture-in-picture; web-share\" referrerpolicy=\"strict-origin-when-cross-origin\" allowfullscreen><\/iframe><noscript><iframe title=\"Safra 25\/26: menor crescimento de \u00e1rea desde 2007\" width=\"800\" height=\"450\" src=\"https:\/\/www.youtube.com\/embed\/aZO8L2FUuZ0?feature=oembed\" frameborder=\"0\" allow=\"accelerometer; autoplay; clipboard-write; encrypted-media; gyroscope; picture-in-picture; web-share\" referrerpolicy=\"strict-origin-when-cross-origin\" allowfullscreen><\/iframe><\/noscript>\n<\/p>\n<\/figure>\n<ul class=\"wp-block-list\">\n<li><strong><em>Fique por dentro das novidades e not\u00edcias recentes sobre a soja! Participe da nossa comunidade atrav\u00e9s do\u00a0<a href=\"https:\/\/chat.whatsapp.com\/BmMRwA0TZ2DHGyhzoaVEWu\">link<\/a>! \ud83c\udf31<\/em><\/strong><\/li>\n<\/ul>\n<p>O c\u00e1lculo considera os dados de produtividade dos \u00faltimos dez anos nas regi\u00f5es Centro e Sul, com proje\u00e7\u00e3o linear para o pr\u00f3ximo ciclo. J\u00e1 para as regi\u00f5es Norte e Nordeste, a base hist\u00f3rica usada \u00e9 de cinco anos.<\/p>\n<\/div>\n<div>\n<p>Al\u00e9m disso, a produ\u00e7\u00e3o total brasileira inicial est\u00e1 projetada em 166,56 milh\u00f5es de toneladas, abaixo do volume observado em 2024\/25. <\/p>\n<p>As estimativas ser\u00e3o atualizadas conforme o avan\u00e7o do plantio. A pr\u00f3xima rodada est\u00e1 prevista para quando mais de 50% da \u00e1rea nacional estiver semeada, permitindo uma an\u00e1lise mais precisa da qualidade das lavouras e do desempenho inicial da safra.<\/p>\n<\/p><\/div>\n<p><br \/>\n<br \/><a href=\"https:\/\/www.canalrural.com.br\/agricultura\/projeto-soja-brasil\/a-menor-em-quase-20-anos-area-de-soja-semeada-tera-pouco-avanco-na-safra-25-26\/\">Source link <\/a><\/p>\n","protected":false},"excerpt":{"rendered":"<p>A consultoria P\u00e1tria Agroneg\u00f3cios divulgou sua estimativa para a safra de soja 2025\/26 no Brasil. Segundo Matheus Pereira, s\u00f3cio-diretor da<\/p>\n","protected":false},"author":1,"featured_media":2579,"comment_status":"open","ping_status":"open","sticky":false,"template":"","format":"standard","meta":{"_monsterinsights_skip_tracking":false,"_monsterinsights_sitenote_active":false,"_monsterinsights_sitenote_note":"","_monsterinsights_sitenote_category":0,"_uf_show_specific_survey":0,"_uf_disable_surveys":false,"footnotes":""},"categories":[1],"tags":[],"class_list":["post-18190","post","type-post","status-publish","format-standard","has-post-thumbnail","hentry","category-news"],"_links":{"self":[{"href":"https:\/\/agromt.news\/index.php?rest_route=\/wp\/v2\/posts\/18190"}],"collection":[{"href":"https:\/\/agromt.news\/index.php?rest_route=\/wp\/v2\/posts"}],"about":[{"href":"https:\/\/agromt.news\/index.php?rest_route=\/wp\/v2\/types\/post"}],"author":[{"embeddable":true,"href":"https:\/\/agromt.news\/index.php?rest_route=\/wp\/v2\/users\/1"}],"replies":[{"embeddable":true,"href":"https:\/\/agromt.news\/index.php?rest_route=%2Fwp%2Fv2%2Fcomments&post=18190"}],"version-history":[{"count":0,"href":"https:\/\/agromt.news\/index.php?rest_route=\/wp\/v2\/posts\/18190\/revisions"}],"wp:featuredmedia":[{"embeddable":true,"href":"https:\/\/agromt.news\/index.php?rest_route=\/wp\/v2\/media\/2579"}],"wp:attachment":[{"href":"https:\/\/agromt.news\/index.php?rest_route=%2Fwp%2Fv2%2Fmedia&parent=18190"}],"wp:term":[{"taxonomy":"category","embeddable":true,"href":"https:\/\/agromt.news\/index.php?rest_route=%2Fwp%2Fv2%2Fcategories&post=18190"},{"taxonomy":"post_tag","embeddable":true,"href":"https:\/\/agromt.news\/index.php?rest_route=%2Fwp%2Fv2%2Ftags&post=18190"}],"curies":[{"name":"wp","href":"https:\/\/api.w.org\/{rel}","templated":true}]}}