{"id":18187,"date":"2025-08-07T12:16:20","date_gmt":"2025-08-07T16:16:20","guid":{"rendered":"https:\/\/agromt.news\/?p=18187"},"modified":"2025-08-07T12:16:20","modified_gmt":"2025-08-07T16:16:20","slug":"associacao-promove-curso-de-capacitacao-para-pilotos-agricolas","status":"publish","type":"post","link":"https:\/\/agromt.news\/?p=18187","title":{"rendered":"Associa\u00e7\u00e3o promove curso de capacita\u00e7\u00e3o para pilotos agr\u00edcolas"},"content":{"rendered":"<p> <br \/>\n<br \/><img decoding=\"async\" src=\"https:\/\/agromt.news\/wp-content\/uploads\/2025\/08\/Associacao-promove-curso-de-capacitacao-para-pilotos-agricolas.jpg\" \/><\/p>\n<div>\n<p>Promovido com apoio de produtores rurais do Oeste da Bahia, um curso de capacita\u00e7\u00e3o direcionado a pilotos agr\u00edcolas em combate a\u00e9reo para atuarem em inc\u00eandios de campos e florestas, ser\u00e1 realizado entre os <strong>dias 11 e 15 de agosto<\/strong>, em <strong>Lu\u00eds Eduardo Magalh\u00e3es<\/strong>.<\/p>\n<p>O curso comtemplar\u00e1 uma <strong>carga hor\u00e1ria de 30 horas<\/strong> e ser\u00e1 ministrada pela <strong>instrutora de avia\u00e7\u00e3o agr\u00edcola<\/strong> e de combate a inc\u00eandios <strong>M\u00f4nica Sarmento<\/strong> no Complexo da Bahia Farm Show.<\/p>\n<p>As aulas te\u00f3ricas ser\u00e3o ministradas no complexo e as pr\u00e1ticas em uma propriedade rural no mesmo munic\u00edpio.<\/p>\n<p>O curso tem como proposta garantir a atua\u00e7\u00e3o com seguran\u00e7a e efetividade no combate a\u00e9reo de inc\u00eandios florestais em \u00e1reas rurais.<\/p>\n<p>De acordo com a Associa\u00e7\u00e3o de Agricultores e Irrigantes da Bahia (Aiba), que organiza a capacita\u00e7\u00e3o ser\u00e3o 50 pilotos e aeronaves no curso.<\/p>\n<h3 class=\"wp-block-heading\" id=\"h-importancia\">Import\u00e2ncia<\/h3>\n<p>O gerente de Sustentabilidade da Aiba, Eneas Porto explica que a entidade agr\u00edcola tem um compromisso em unir produ\u00e7\u00e3o de alimentos e preserva\u00e7\u00e3o do Cerrado por meio do combate aos inc\u00eandios florestais, refor\u00e7ando a seguran\u00e7a das propriedades e comunidades, que exige preparo t\u00e9cnico, precis\u00e3o e responsabilidade. <\/p>\n<\/div>\n<div>\n<p>\u201c\u00c9 por isso que estamos promovendo esta capacita\u00e7\u00e3o pioneira e necess\u00e1ria, com o apoio dos produtores e de parceiros estrat\u00e9gicos, voltada a quem est\u00e1 na linha de frente do combate a\u00e9reo ao fogo: os pilotos agr\u00edcolas. Este curso n\u00e3o \u00e9 apenas uma exig\u00eancia t\u00e9cnica \u00e9 um passo firme na constru\u00e7\u00e3o de uma agricultura mais segura, sustent\u00e1vel\u00a0e\u00a0respons\u00e1vel\u201d, explica o gerente.<\/p>\n<p>Al\u00e9m disso, o projeto tem apoio da ABA, Agroplus, Prodeagro, Abapa, Corpo de Bombeiros Militar da Bahia, Governo do Estado da Bahia e o Grupo Franciosi.<\/p>\n<p>No encerramento, os pilotos receber\u00e3o os certificados durante uma cerim\u00f4nia que contar\u00e1 com a presen\u00e7a do presidente da Aiba, Mois\u00e9s Schmidt, autoridades e representantes das institui\u00e7\u00f5es parceiras.<\/p>\n<hr class=\"wp-block-separator has-alpha-channel-opacity\"\/>\n<p><em>Voc\u00ea tamb\u00e9m pode participar deixando uma sugest\u00e3o de pauta. Siga o\u00a0<a href=\"https:\/\/www.instagram.com\/canalruralbahia\/\">Canal Rural Bahia no Instagram<\/a>\u00a0e nos envie uma mensagem<\/em>.<\/p>\n<\/p><\/div>\n<p><script async src=\"\/\/www.instagram.com\/embed.js\"><\/script><br \/>\n<br \/><br \/>\n<br \/><a href=\"https:\/\/www.canalrural.com.br\/nacional\/bahia\/associacao-promove-curso-de-capacitacao-para-pilotos-agricolas\/\">Source link <\/a><\/p>\n","protected":false},"excerpt":{"rendered":"<p>Promovido com apoio de produtores rurais do Oeste da Bahia, um curso de capacita\u00e7\u00e3o direcionado a pilotos agr\u00edcolas em combate<\/p>\n","protected":false},"author":1,"featured_media":18188,"comment_status":"open","ping_status":"open","sticky":false,"template":"","format":"standard","meta":{"_monsterinsights_skip_tracking":false,"_monsterinsights_sitenote_active":false,"_monsterinsights_sitenote_note":"","_monsterinsights_sitenote_category":0,"_uf_show_specific_survey":0,"_uf_disable_surveys":false,"footnotes":""},"categories":[1],"tags":[],"class_list":["post-18187","post","type-post","status-publish","format-standard","has-post-thumbnail","hentry","category-news"],"_links":{"self":[{"href":"https:\/\/agromt.news\/index.php?rest_route=\/wp\/v2\/posts\/18187"}],"collection":[{"href":"https:\/\/agromt.news\/index.php?rest_route=\/wp\/v2\/posts"}],"about":[{"href":"https:\/\/agromt.news\/index.php?rest_route=\/wp\/v2\/types\/post"}],"author":[{"embeddable":true,"href":"https:\/\/agromt.news\/index.php?rest_route=\/wp\/v2\/users\/1"}],"replies":[{"embeddable":true,"href":"https:\/\/agromt.news\/index.php?rest_route=%2Fwp%2Fv2%2Fcomments&post=18187"}],"version-history":[{"count":0,"href":"https:\/\/agromt.news\/index.php?rest_route=\/wp\/v2\/posts\/18187\/revisions"}],"wp:featuredmedia":[{"embeddable":true,"href":"https:\/\/agromt.news\/index.php?rest_route=\/wp\/v2\/media\/18188"}],"wp:attachment":[{"href":"https:\/\/agromt.news\/index.php?rest_route=%2Fwp%2Fv2%2Fmedia&parent=18187"}],"wp:term":[{"taxonomy":"category","embeddable":true,"href":"https:\/\/agromt.news\/index.php?rest_route=%2Fwp%2Fv2%2Fcategories&post=18187"},{"taxonomy":"post_tag","embeddable":true,"href":"https:\/\/agromt.news\/index.php?rest_route=%2Fwp%2Fv2%2Ftags&post=18187"}],"curies":[{"name":"wp","href":"https:\/\/api.w.org\/{rel}","templated":true}]}}