{"id":18185,"date":"2025-08-07T12:01:23","date_gmt":"2025-08-07T16:01:23","guid":{"rendered":"https:\/\/agromt.news\/?p=18185"},"modified":"2025-08-07T12:01:23","modified_gmt":"2025-08-07T16:01:23","slug":"governo-do-parana-anuncia-pacote-emergencial-para-minimizar-impacto-do-tarifaco","status":"publish","type":"post","link":"https:\/\/agromt.news\/?p=18185","title":{"rendered":"Governo do Paran\u00e1 anuncia pacote emergencial para minimizar impacto do tarifa\u00e7o"},"content":{"rendered":"<p> <br \/>\n<br \/><img decoding=\"async\" src=\"https:\/\/agromt.news\/wp-content\/uploads\/2025\/08\/Governo-do-Parana-anuncia-pacote-emergencial-para-minimizar-impacto-do.jpg\" \/><\/p>\n<div>\n<p>O governo do Paran\u00e1 anunciou nesta semana um pacote de medidas emergenciais para mitigar os impactos do tarifa\u00e7o imposto pelos Estados Unidos sobre produtos brasileiros. O tema foi um dos destaques do Agroleite, evento realizado em Castro (PR), que re\u00fane lideran\u00e7as do agroneg\u00f3cio, produtores e parlamentares.<\/p>\n<p>Entre as a\u00e7\u00f5es anunciadas, est\u00e3o linhas de cr\u00e9dito com juros reduzidos, destinadas especialmente \u00e0s ind\u00fastrias e produtores rurais afetados pelas novas taxas de exporta\u00e7\u00e3o. O objetivo do governo estadual \u00e9 preservar toda a cadeia produtiva paranaense, com foco no agroneg\u00f3cio, um dos setores mais atingidos.<\/p>\n<p>Segundo o secret\u00e1rio da Fazenda do Paran\u00e1, Norberto Ortigara, j\u00e1 est\u00e3o sendo liberados cr\u00e9ditos de ICMS para capital de giro, al\u00e9m da abertura de duas linhas de cr\u00e9dito com o Banco Regional de Desenvolvimento do Extremo Sul (BRDE), totalizando R$ 200 milh\u00f5es.<\/p>\n<p>\u201cN\u00f3s j\u00e1 abrimos duas linhas de cr\u00e9dito no BRDE, com taxa de juros de infla\u00e7\u00e3o mais 4% ao ano, para financiar de R$ 500 mil a R$ 10 milh\u00f5es para capital de giro. Isso ajuda empresas que est\u00e3o com f\u00e9rias coletivas ou sem faturamento a sustentarem esse momento, enquanto a diplomacia tenta derrubar essa est\u00fapida tarifa de 50%, que s\u00f3 o Brasil enfrenta\u201d, afirmou Ortigara.<\/p>\n<h2 class=\"wp-block-heading\" id=\"h-importacao-predatoria\">Importa\u00e7\u00e3o predat\u00f3ria<\/h2>\n<p>A crise provocada pelo tarifa\u00e7o e pela importa\u00e7\u00e3o predat\u00f3ria de leite tamb\u00e9m foi discutida na edi\u00e7\u00e3o itinerante da Assembleia Legislativa do Paran\u00e1 (Alep), realizada durante o Agroleite. Parlamentares refor\u00e7aram a import\u00e2ncia de medidas para proteger o setor agroindustrial do estado.<\/p>\n<p>O deputado Anibelli Neto, presidente da Comiss\u00e3o de Agricultura da Alep, destacou a necessidade de atua\u00e7\u00e3o do Estado para garantir a sobreviv\u00eancia do produtor rural.<\/p>\n<p>\u201cPrecisamos proteger o setor neste momento e tamb\u00e9m acreditar na diplomacia para buscar novos mercados. Os produtos brasileiros s\u00e3o de qualidade e t\u00eam espa\u00e7o em qualquer lugar do mundo\u201d, defendeu o parlamentar.<\/p>\n<\/div>\n<div>\n<p>A importa\u00e7\u00e3o de leite, que vem crescendo de forma cont\u00ednua, tamb\u00e9m \u00e9 alvo de cr\u00edticas do setor produtivo. A concorr\u00eancia com produtos importados, muitas vezes com padr\u00e3o inferior de qualidade, tem colocado em risco a viabilidade econ\u00f4mica de produtores paranaenses.<\/p>\n<p>\u201cQuando o produtor investe em gen\u00e9tica e tecnologia para entregar um leite de qualidade, n\u00e3o \u00e9 justo competir com um produto importado mais barato e inferior. Se o governo federal n\u00e3o agir, muitos v\u00e3o desistir da atividade\u201d, alertou Anibelli Neto.<\/p>\n<h2 class=\"wp-block-heading\" id=\"h-bateu-recordes\">Bateu recordes<\/h2>\n<p>Segundo a t\u00e9cnica do Departamento T\u00e9cnico e Econ\u00f4mico do Sistema FAEP, Nicolle Wilsek, a entrada de leite estrangeiro no mercado brasileiro segue em alta.<\/p>\n<p>\u201cA importa\u00e7\u00e3o continua em n\u00fameros elevados, batendo recordes. N\u00e3o somos contra a importa\u00e7\u00e3o, mas \u00e9 preciso haver regulamenta\u00e7\u00e3o, limites e condi\u00e7\u00f5es claras para garantir que o produto nacional seja competitivo\u201d, explicou.<\/p>\n<p>Quem sente diretamente os efeitos dessa concorr\u00eancia \u00e9 o produtor Ad\u00e3o Streski, que relata perdas significativas de rentabilidade.<\/p>\n<p>\u201cHoje estamos recebendo cerca de R$ 2,30 pelo litro, mas os custos dispararam: ra\u00e7\u00e3o, silagem, adubo, medicamentos\u2026 tudo subiu. S\u00f3 o pre\u00e7o do leite caiu\u201d, lamenta.<\/p>\n<\/p><\/div>\n<p><br \/>\n<br \/><a href=\"https:\/\/www.canalrural.com.br\/agricultura\/governo-do-parana-anuncia-pacote-emergencial-para-minimizar-impacto-do-tarifaco\/\">Source link <\/a><\/p>\n","protected":false},"excerpt":{"rendered":"<p>O governo do Paran\u00e1 anunciou nesta semana um pacote de medidas emergenciais para mitigar os impactos do tarifa\u00e7o imposto pelos<\/p>\n","protected":false},"author":1,"featured_media":18186,"comment_status":"open","ping_status":"open","sticky":false,"template":"","format":"standard","meta":{"_monsterinsights_skip_tracking":false,"_monsterinsights_sitenote_active":false,"_monsterinsights_sitenote_note":"","_monsterinsights_sitenote_category":0,"_uf_show_specific_survey":0,"_uf_disable_surveys":false,"footnotes":""},"categories":[1],"tags":[],"class_list":["post-18185","post","type-post","status-publish","format-standard","has-post-thumbnail","hentry","category-news"],"_links":{"self":[{"href":"https:\/\/agromt.news\/index.php?rest_route=\/wp\/v2\/posts\/18185"}],"collection":[{"href":"https:\/\/agromt.news\/index.php?rest_route=\/wp\/v2\/posts"}],"about":[{"href":"https:\/\/agromt.news\/index.php?rest_route=\/wp\/v2\/types\/post"}],"author":[{"embeddable":true,"href":"https:\/\/agromt.news\/index.php?rest_route=\/wp\/v2\/users\/1"}],"replies":[{"embeddable":true,"href":"https:\/\/agromt.news\/index.php?rest_route=%2Fwp%2Fv2%2Fcomments&post=18185"}],"version-history":[{"count":0,"href":"https:\/\/agromt.news\/index.php?rest_route=\/wp\/v2\/posts\/18185\/revisions"}],"wp:featuredmedia":[{"embeddable":true,"href":"https:\/\/agromt.news\/index.php?rest_route=\/wp\/v2\/media\/18186"}],"wp:attachment":[{"href":"https:\/\/agromt.news\/index.php?rest_route=%2Fwp%2Fv2%2Fmedia&parent=18185"}],"wp:term":[{"taxonomy":"category","embeddable":true,"href":"https:\/\/agromt.news\/index.php?rest_route=%2Fwp%2Fv2%2Fcategories&post=18185"},{"taxonomy":"post_tag","embeddable":true,"href":"https:\/\/agromt.news\/index.php?rest_route=%2Fwp%2Fv2%2Ftags&post=18185"}],"curies":[{"name":"wp","href":"https:\/\/api.w.org\/{rel}","templated":true}]}}