{"id":18182,"date":"2025-08-07T11:19:03","date_gmt":"2025-08-07T15:19:03","guid":{"rendered":"https:\/\/agromt.news\/?p=18182"},"modified":"2025-08-07T11:19:03","modified_gmt":"2025-08-07T15:19:03","slug":"pesquisador-da-embrapa-soja-explica-como-evitar-a-quebra-de-hastes-nas-lavouras","status":"publish","type":"post","link":"https:\/\/agromt.news\/?p=18182","title":{"rendered":"Pesquisador da Embrapa Soja explica como evitar a quebra de hastes nas lavouras"},"content":{"rendered":"<p> <br \/>\n<br \/><img decoding=\"async\" src=\"https:\/\/agromt.news\/wp-content\/uploads\/2025\/08\/Pesquisador-da-Embrapa-Soja-explica-como-evitar-a-quebra-de.jpg\" \/><\/p>\n<div>\n<p>O aumento dos casos de quebra de hastes em <a href=\"https:\/\/www.canalrural.com.br\/?s=soja\">lavouras <\/a>de soja no Paran\u00e1 e no Mato Grosso, nas duas \u00faltimas safras, tem preocupado produtores e pesquisadores. Estudos conduzidos por pesquisadores da Embrapa Soja, da Funda\u00e7\u00e3o Rio Verde e da Unesp indicam que o problema n\u00e3o \u00e9 causado por uma doen\u00e7a, mas sim por uma rea\u00e7\u00e3o das plantas a condi\u00e7\u00f5es ambientais adversas.<\/p>\n<ul class=\"wp-block-list\">\n<li><strong><em>Fique por dentro das novidades e not\u00edcias recentes sobre a soja! Participe da nossa comunidade atrav\u00e9s do\u00a0<a href=\"https:\/\/chat.whatsapp.com\/BmMRwA0TZ2DHGyhzoaVEWu\">link<\/a>! \ud83c\udf31<\/em><\/strong><\/li>\n<\/ul>\n<p>O time do <a href=\"https:\/\/www.canalrural.com.br\/agricultura\/projeto-soja-brasil\/\">Soja Brasil<\/a> conversou com Maur\u00edcio Meyer, que detalhou os fatores clim\u00e1ticos associados \u00e0 quebra das hastes e esclareceu por que a hip\u00f3tese de rela\u00e7\u00e3o com doen\u00e7as foi descartada. Embora os estudos ainda estejam em fase inicial, j\u00e1 apontam uma varia\u00e7\u00e3o na sensibilidade das cultivares ao problema. Ainda assim, s\u00e3o necess\u00e1rios novos levantamentos para caracterizar com mais precis\u00e3o as variedades comerciais utilizadas nas \u00e1reas afetadas.<\/p>\n<p>De acordo com Meyer, algumas condi\u00e7\u00f5es ambientais se repetem nas \u00e1reas afetadas. Foi observada maior frequ\u00eancia de chuvas durante a fase vegetativa da cultura, seguida por per\u00edodos de elevadas temperaturas no in\u00edcio da fase reprodutiva. Essa sequ\u00eancia de eventos clim\u00e1ticos favorece o estresse fisiol\u00f3gico da planta, o que pode resultar na quebra da haste.<\/p>\n<\/div>\n<div>\n<p>A hip\u00f3tese de que o problema tivesse liga\u00e7\u00e3o com doen\u00e7as causadas por fungos ou bact\u00e9rias foi descartada ap\u00f3s uma s\u00e9rie de an\u00e1lises conduzidas pela Embrapa. \u201cNa verdade, essa condi\u00e7\u00e3o de causa abi\u00f3tica foi assumida pela Embrapa com base em um conjunto de resultados de estudos\u201d, explica o pesquisador.<\/p>\n<p>\u201cEntre os resultados, destacam-se a distribui\u00e7\u00e3o e incid\u00eancia incompat\u00edveis com doen\u00e7as de plantas, a falha na reprodu\u00e7\u00e3o dos sintomas pela inocula\u00e7\u00e3o de microrganismos isolados, a baixa frequ\u00eancia de fitopat\u00f3genos em estudos de metagen\u00f4mica e as altera\u00e7\u00f5es vasculares no c\u00e2mbio das plantas afetadas, observadas por microscopia. Essas altera\u00e7\u00f5es foram um indicativo importante, refor\u00e7ando a hip\u00f3tese de estresse abi\u00f3tico como principal causa do problema\u201d, explica Meyer.<\/p>\n<h2 class=\"wp-block-heading\" id=\"h-como-evitar-o-problema-na-lavoura-de-soja\">Como evitar o problema na lavoura de soja?<\/h2>\n<p>\u201cEmbora ainda n\u00e3o exista uma solu\u00e7\u00e3o definitiva para o problema, pr\u00e1ticas de manejo cultural podem ajudar a reduzir os danos nas lavouras. Entre as orienta\u00e7\u00f5es est\u00e3o a manuten\u00e7\u00e3o de uma cobertura uniforme do solo com palhada de gram\u00edneas, o uso de cultivares menos sens\u00edveis, o manejo adequado do solo para favorecer o bom desenvolvimento radicular e a ado\u00e7\u00e3o de estrat\u00e9gias de drenagem eficientes\u201d, comenta Meyer.<\/p>\n<p>Estudos preliminares tamb\u00e9m indicam que h\u00e1 variabilidade na sensibilidade das cultivares de soja \u00e0 quebra de hastes. Algumas variedades demonstraram maior toler\u00e2ncia ao estresse clim\u00e1tico que favorece o problema, mas ainda s\u00e3o necess\u00e1rios mais estudos para identificar com precis\u00e3o quais s\u00e3o essas cultivares e como elas respondem em diferentes condi\u00e7\u00f5es de cultivo.<\/p>\n<\/p><\/div>\n<p><br \/>\n<br \/><a href=\"https:\/\/www.canalrural.com.br\/agricultura\/projeto-soja-brasil\/pesquisar-da-embrapa-soja-explica-como-evitar-a-quebra-de-hastes-nas-lavouras-de-soja\/\">Source link <\/a><\/p>\n","protected":false},"excerpt":{"rendered":"<p>O aumento dos casos de quebra de hastes em lavouras de soja no Paran\u00e1 e no Mato Grosso, nas duas<\/p>\n","protected":false},"author":1,"featured_media":18183,"comment_status":"open","ping_status":"open","sticky":false,"template":"","format":"standard","meta":{"_monsterinsights_skip_tracking":false,"_monsterinsights_sitenote_active":false,"_monsterinsights_sitenote_note":"","_monsterinsights_sitenote_category":0,"_uf_show_specific_survey":0,"_uf_disable_surveys":false,"footnotes":""},"categories":[1],"tags":[],"class_list":["post-18182","post","type-post","status-publish","format-standard","has-post-thumbnail","hentry","category-news"],"_links":{"self":[{"href":"https:\/\/agromt.news\/index.php?rest_route=\/wp\/v2\/posts\/18182"}],"collection":[{"href":"https:\/\/agromt.news\/index.php?rest_route=\/wp\/v2\/posts"}],"about":[{"href":"https:\/\/agromt.news\/index.php?rest_route=\/wp\/v2\/types\/post"}],"author":[{"embeddable":true,"href":"https:\/\/agromt.news\/index.php?rest_route=\/wp\/v2\/users\/1"}],"replies":[{"embeddable":true,"href":"https:\/\/agromt.news\/index.php?rest_route=%2Fwp%2Fv2%2Fcomments&post=18182"}],"version-history":[{"count":0,"href":"https:\/\/agromt.news\/index.php?rest_route=\/wp\/v2\/posts\/18182\/revisions"}],"wp:featuredmedia":[{"embeddable":true,"href":"https:\/\/agromt.news\/index.php?rest_route=\/wp\/v2\/media\/18183"}],"wp:attachment":[{"href":"https:\/\/agromt.news\/index.php?rest_route=%2Fwp%2Fv2%2Fmedia&parent=18182"}],"wp:term":[{"taxonomy":"category","embeddable":true,"href":"https:\/\/agromt.news\/index.php?rest_route=%2Fwp%2Fv2%2Fcategories&post=18182"},{"taxonomy":"post_tag","embeddable":true,"href":"https:\/\/agromt.news\/index.php?rest_route=%2Fwp%2Fv2%2Ftags&post=18182"}],"curies":[{"name":"wp","href":"https:\/\/api.w.org\/{rel}","templated":true}]}}