{"id":18180,"date":"2025-08-07T11:04:15","date_gmt":"2025-08-07T15:04:15","guid":{"rendered":"https:\/\/agromt.news\/?p=18180"},"modified":"2025-08-07T11:04:15","modified_gmt":"2025-08-07T15:04:15","slug":"cargos-salarios-e-desafios-do-inss","status":"publish","type":"post","link":"https:\/\/agromt.news\/?p=18180","title":{"rendered":"cargos, sal\u00e1rios e desafios do INSS"},"content":{"rendered":"<p> <br \/>\n<br \/><img decoding=\"async\" src=\"https:\/\/agromt.news\/wp-content\/uploads\/2025\/08\/cargos-salarios-e-desafios-do-INSS.png\" \/><\/p>\n<div>\n<p>O agroneg\u00f3cio brasileiro evolui rapidamente em produtividade, tecnologia e profissionaliza\u00e7\u00e3o. Mas a <strong>gest\u00e3o de pessoas no agro<\/strong> ainda \u00e9 um desafio para muitos produtores rurais. Implantar <em>planos de cargos e sal\u00e1rios<\/em> e lidar com os entraves da <strong>Previd\u00eancia Social<\/strong> exigem organiza\u00e7\u00e3o, estrat\u00e9gia e sensibilidade com os trabalhadores.<\/p>\n<p>Segundo a consultora Jacqueline Lubaski, ainda \u00e9 comum a ideia de que esse tipo de planejamento \u00e9 restrito ao ambiente urbano. Mas a realidade das propriedades rurais j\u00e1 mudou. <\/p>\n<blockquote class=\"wp-block-quote is-layout-flow wp-block-quote-is-layout-flow\">\n<p>\u201cHoje, criar crit\u00e9rios claros de promo\u00e7\u00e3o, bonifica\u00e7\u00e3o e valoriza\u00e7\u00e3o faz toda a diferen\u00e7a na reten\u00e7\u00e3o e motiva\u00e7\u00e3o dos colaboradores no campo\u201d, afirma.<\/p>\n<\/blockquote>\n<h2 class=\"wp-block-heading\" id=\"h-por-que-implantar-um-plano-de-cargos-e-salarios\">Por que implantar um plano de cargos e sal\u00e1rios?<\/h2>\n<p>Criar um plano estruturado ajuda a:<\/p>\n<ul class=\"wp-block-list\">\n<li><strong>Valorizar o tempo de casa<\/strong> e a experi\u00eancia do funcion\u00e1rio<\/li>\n<li>Evitar <strong>desmotiva\u00e7\u00e3o<\/strong> ao contratar novos colaboradores com sal\u00e1rios semelhantes<\/li>\n<li>Estabelecer crit\u00e9rios de <strong>crescimento horizontal e vertical<\/strong><\/li>\n<li>Estimular o desempenho com <strong>avalia\u00e7\u00f5es peri\u00f3dicas<\/strong><\/li>\n<li>Reduzir a rotatividade e os custos com novas contrata\u00e7\u00f5es<\/li>\n<\/ul>\n<p>Uma sugest\u00e3o pr\u00e1tica: o produtor pode estabelecer n\u00edveis salariais com base em tempo de servi\u00e7o (ex: 5% a mais a cada 5 anos) e tamb\u00e9m em desempenho. <\/p>\n<blockquote class=\"wp-block-quote is-layout-flow wp-block-quote-is-layout-flow\">\n<p>\u201cCada fazenda pode adaptar conforme sua realidade, mas \u00e9 essencial ter regras claras e registradas\u201d, explica Lubaski.<\/p>\n<\/blockquote>\n<h2 class=\"wp-block-heading\">O gargalo do INSS nas propriedades rurais<\/h2>\n<p>Se por um lado cresce a profissionaliza\u00e7\u00e3o na gest\u00e3o, por outro <strong>os desafios com o INSS<\/strong> se intensificam. A dificuldade de agendamento de per\u00edcias, a falta de acesso digital e o tempo excessivo para retorno t\u00eam prejudicado funcion\u00e1rios e empregadores.<\/p>\n<\/div>\n<div>\n<p>Lubaski relata casos de <strong>colaboradores que ficam meses sem sal\u00e1rio<\/strong> ap\u00f3s 15 dias de afastamento, pois n\u00e3o conseguem realizar a per\u00edcia m\u00e9dica. A responsabilidade de pagar os primeiros 15 dias \u00e9 do empregador, mas a partir do 16\u00ba \u00e9 do INSS. Quando n\u00e3o h\u00e1 atendimento, o trabalhador fica <strong>sem renda<\/strong>, o que gera impacto direto na fazenda.<\/p>\n<blockquote class=\"wp-block-quote is-layout-flow wp-block-quote-is-layout-flow\">\n<p>\u201cEstamos vendo funcion\u00e1rios passando necessidade. E n\u00e3o \u00e9 s\u00f3 em Mato Grosso. \u00c9 no Brasil inteiro\u201d, alerta a especialista.<\/p>\n<\/blockquote>\n<h2 class=\"wp-block-heading\">Como o produtor pode ajudar?<\/h2>\n<p>Frente a esse cen\u00e1rio, algumas medidas t\u00eam sido adotadas:<\/p>\n<ul class=\"wp-block-list\">\n<li><strong>Antecipa\u00e7\u00e3o de f\u00e9rias ou 13\u00ba sal\u00e1rio<\/strong><\/li>\n<li>Apoio com <strong>cestas b\u00e1sicas<\/strong> ou aux\u00edlio interno entre colegas<\/li>\n<li><strong>Intermedia\u00e7\u00e3o digital<\/strong> para acesso ao portal Gov.br<\/li>\n<li>Refor\u00e7o de comunica\u00e7\u00e3o com sindicatos ou \u00f3rg\u00e3os p\u00fablicos<\/li>\n<\/ul>\n<p>A moradia na fazenda pode amenizar parte das dificuldades, mas a situa\u00e7\u00e3o exige aten\u00e7\u00e3o do poder p\u00fablico. A aus\u00eancia de estrutura de atendimento do INSS em cidades do interior afeta diretamente a dignidade de quem trabalha no campo.<\/p>\n<h2 class=\"wp-block-heading\">Passos pr\u00e1ticos para implantar um plano de cargos<\/h2>\n<p>Segundo Lubaski, quatro etapas s\u00e3o essenciais:<\/p>\n<ol class=\"wp-block-list\">\n<li><strong>Pesquisa salarial da regi\u00e3o<\/strong> para evitar defasagens<\/li>\n<li><strong>Pesquisa de clima organizacional<\/strong> para ouvir as demandas dos funcion\u00e1rios<\/li>\n<li>Defini\u00e7\u00e3o de <strong>crit\u00e9rios de progress\u00e3o<\/strong> (por tempo, desempenho ou forma\u00e7\u00e3o)<\/li>\n<li>Comunica\u00e7\u00e3o clara sobre os n\u00edveis e <strong>possibilidades de crescimento<\/strong><\/li>\n<\/ol>\n<p>Pequenos ajustes podem ter grande impacto. \u00c0s vezes, um <strong>vale alimenta\u00e7\u00e3o<\/strong> ou <strong>plano de sa\u00fade<\/strong> \u00e9 mais valorizado do que um aumento salarial.<\/p>\n<p><strong>Acompanhe a entrevista completa com Jacqueline Lubaski<\/strong> no programa <em><a href=\"https:\/\/aprotagonista.canalrural.com.br\/\" target=\"_blank\" rel=\"noreferrer noopener\">A Protagonista<\/a><\/em>, onde ela compartilha experi\u00eancias pr\u00e1ticas e orienta\u00e7\u00f5es sobre como estruturar uma gest\u00e3o mais eficiente e humana no agroneg\u00f3cio.<\/p>\n<figure class=\"wp-block-embed is-type-video is-provider-youtube wp-block-embed-youtube wp-embed-aspect-16-9 wp-has-aspect-ratio\">\n<p>\n<iframe title=\"Gest\u00e3o de Pessoas no Agro: Planos de Cargos, Sal\u00e1rios e os Desafios do INSS\" width=\"800\" height=\"450\" src=\"https:\/\/www.youtube.com\/embed\/bXN40SP6Bng?feature=oembed\" frameborder=\"0\" allow=\"accelerometer; autoplay; clipboard-write; encrypted-media; gyroscope; picture-in-picture; web-share\" referrerpolicy=\"strict-origin-when-cross-origin\" allowfullscreen><\/iframe><noscript><iframe title=\"Gest\u00e3o de Pessoas no Agro: Planos de Cargos, Sal\u00e1rios e os Desafios do INSS\" width=\"800\" height=\"450\" src=\"https:\/\/www.youtube.com\/embed\/bXN40SP6Bng?feature=oembed\" frameborder=\"0\" allow=\"accelerometer; autoplay; clipboard-write; encrypted-media; gyroscope; picture-in-picture; web-share\" referrerpolicy=\"strict-origin-when-cross-origin\" allowfullscreen><\/iframe><\/noscript>\n<\/p>\n<\/figure><\/div>\n<p><br \/>\n<br \/><a href=\"https:\/\/www.canalrural.com.br\/diversos\/gestao-de-pessoas-no-agro-planos-de-cargos-salarios-e-os-desafios-do-inss\/\">Source link <\/a><\/p>\n","protected":false},"excerpt":{"rendered":"<p>O agroneg\u00f3cio brasileiro evolui rapidamente em produtividade, tecnologia e profissionaliza\u00e7\u00e3o. Mas a gest\u00e3o de pessoas no agro ainda \u00e9 um<\/p>\n","protected":false},"author":1,"featured_media":18181,"comment_status":"open","ping_status":"open","sticky":false,"template":"","format":"standard","meta":{"_monsterinsights_skip_tracking":false,"_monsterinsights_sitenote_active":false,"_monsterinsights_sitenote_note":"","_monsterinsights_sitenote_category":0,"_uf_show_specific_survey":0,"_uf_disable_surveys":false,"footnotes":""},"categories":[1],"tags":[],"class_list":["post-18180","post","type-post","status-publish","format-standard","has-post-thumbnail","hentry","category-news"],"_links":{"self":[{"href":"https:\/\/agromt.news\/index.php?rest_route=\/wp\/v2\/posts\/18180"}],"collection":[{"href":"https:\/\/agromt.news\/index.php?rest_route=\/wp\/v2\/posts"}],"about":[{"href":"https:\/\/agromt.news\/index.php?rest_route=\/wp\/v2\/types\/post"}],"author":[{"embeddable":true,"href":"https:\/\/agromt.news\/index.php?rest_route=\/wp\/v2\/users\/1"}],"replies":[{"embeddable":true,"href":"https:\/\/agromt.news\/index.php?rest_route=%2Fwp%2Fv2%2Fcomments&post=18180"}],"version-history":[{"count":0,"href":"https:\/\/agromt.news\/index.php?rest_route=\/wp\/v2\/posts\/18180\/revisions"}],"wp:featuredmedia":[{"embeddable":true,"href":"https:\/\/agromt.news\/index.php?rest_route=\/wp\/v2\/media\/18181"}],"wp:attachment":[{"href":"https:\/\/agromt.news\/index.php?rest_route=%2Fwp%2Fv2%2Fmedia&parent=18180"}],"wp:term":[{"taxonomy":"category","embeddable":true,"href":"https:\/\/agromt.news\/index.php?rest_route=%2Fwp%2Fv2%2Fcategories&post=18180"},{"taxonomy":"post_tag","embeddable":true,"href":"https:\/\/agromt.news\/index.php?rest_route=%2Fwp%2Fv2%2Ftags&post=18180"}],"curies":[{"name":"wp","href":"https:\/\/api.w.org\/{rel}","templated":true}]}}